{"id":42209,"date":"2022-05-19T13:52:54","date_gmt":"2022-05-19T11:52:54","guid":{"rendered":"https:\/\/www.vidademadrid.com\/es\/?p=42209"},"modified":"2022-05-23T09:17:14","modified_gmt":"2022-05-23T07:17:14","slug":"feria-libro-madrid-2022-firmas-casetas","status":"publish","type":"post","link":"https:\/\/www.vidademadrid.com\/es\/42209\/feria-libro-madrid-2022-firmas-casetas\/","title":{"rendered":"Este es el programa de la Feria del Libro 2022"},"content":{"rendered":"<p>La&nbsp;<strong>Feria del Libro de Madrid&nbsp;<\/strong>est\u00e1 cada vez m\u00e1s cerca y se han anunciado ya las firmas que habr\u00e1 en esta edici\u00f3n. La&nbsp;<strong>edici\u00f3n 81\u00ba de la Feria del Libro&nbsp;<\/strong>es un evento referente a nivel nacional e internacional y durante <a href=\"https:\/\/www.vidademadrid.com\/es\/41646\/feria-del-libro-madrid-fechas-expositores-2022\/\">17 d\u00edas<\/a> se podr\u00e1n disfrutar de distintas actividades este 2022. Sigue leyendo este art\u00edculo para conocer toda la informaci\u00f3n.&nbsp;<\/p>\n<h2>Feria del Libro 2022<\/h2>\n<p><script async=\"\" src=\"https:\/\/pagead2.googlesyndication.com\/pagead\/js\/adsbygoogle.js\"><\/script> <ins class=\"adsbygoogle\" style=\"display:block\" data-ad-format=\"fluid\" data-ad-layout-key=\"-7f+eo+1+2-5\" data-ad-client=\"ca-pub-7450064428034605\" data-ad-slot=\"7327027071\"><\/ins><script>(adsbygoogle = window.adsbygoogle || []).push({});<\/script><\/p>\n<p>La&nbsp;<strong>Feria del Libro 2022&nbsp;<\/strong>se celebrar\u00e1 del 27 de mayo al 12 de junio en el tradicional&nbsp;<strong>paseo de Coches del parque de El Retiro.&nbsp;<\/strong>En mayo del 2020, el <strong>Ayuntamiento de Madrid <\/strong>le otorg\u00f3 a este evento el t\u00edtulo especial de significaci\u00f3n ciudadana y de inter\u00e9s general para la ciudad, asegurando la permanencia de la feria en el parque.&nbsp;<\/p>\n<p>Este evento es una \u00ab<strong>instituci\u00f3n m\u00e1s de Madrid\u00bb&nbsp;<\/strong>as\u00ed lo ha anunciado la delegada de Cultura, Turismo y Deporte, Andrea Levy, en su presentaci\u00f3n por la relevancia nacional e internacional y la acogida del p\u00fablico.&nbsp;<\/p>\n<h2>Firmas y casetas<\/h2>\n<p><script async=\"\" src=\"https:\/\/pagead2.googlesyndication.com\/pagead\/js\/adsbygoogle.js\"><\/script> <ins class=\"adsbygoogle\" style=\"display:block; text-align:center;\" data-ad-layout=\"in-article\" data-ad-format=\"fluid\" data-ad-client=\"ca-pub-7450064428034605\" data-ad-slot=\"5670045061\"><\/ins> <script>(adsbygoogle = window.adsbygoogle || []).push({});<\/script><\/p>\n<p>La&nbsp;<strong>81\u00ba edici\u00f3n de la Feria del Libro&nbsp;<\/strong>tendr\u00e1 m\u00e1s casetas que nunca con 378 expositores y han publicado el programa de firmas para los d\u00edas en los que se celebrar\u00e1 esta Feria. Durante los&nbsp;<strong>17 d\u00edas de Feria,&nbsp;<\/strong>los autores de las editoriales estar\u00e1n firmando ejemplares de sus obras.&nbsp;<\/p>\n<p>Puedes consultar el programa completo en la<a href=\"https:\/\/www.ferialibromadrid.com\/flmadrid22\/firmas-2022\/\"> web<\/a> de la Feria del Libro.&nbsp;<\/p>\n\n\n<p><\/p>\n","protected":false},"excerpt":{"rendered":"<p>Adem\u00e1s, habr\u00e1 distintas actividades durante la Feria. <\/p>\n","protected":false},"author":15,"featured_media":42210,"comment_status":"open","ping_status":"open","sticky":false,"template":"","format":"standard","meta":{"footnotes":""},"categories":[111,115],"tags":[],"class_list":{"0":"post-42209","1":"post","2":"type-post","3":"status-publish","4":"format-standard","5":"has-post-thumbnail","7":"category-exposiciones-madrid","8":"category-planes-del-momento-madrid"},"_links":{"self":[{"href":"https:\/\/www.vidademadrid.com\/es\/wp-json\/wp\/v2\/posts\/42209","targetHints":{"allow":["GET"]}}],"collection":[{"href":"https:\/\/www.vidademadrid.com\/es\/wp-json\/wp\/v2\/posts"}],"about":[{"href":"https:\/\/www.vidademadrid.com\/es\/wp-json\/wp\/v2\/types\/post"}],"author":[{"embeddable":true,"href":"https:\/\/www.vidademadrid.com\/es\/wp-json\/wp\/v2\/users\/15"}],"replies":[{"embeddable":true,"href":"https:\/\/www.vidademadrid.com\/es\/wp-json\/wp\/v2\/comments?post=42209"}],"version-history":[{"count":3,"href":"https:\/\/www.vidademadrid.com\/es\/wp-json\/wp\/v2\/posts\/42209\/revisions"}],"predecessor-version":[{"id":42215,"href":"https:\/\/www.vidademadrid.com\/es\/wp-json\/wp\/v2\/posts\/42209\/revisions\/42215"}],"wp:featuredmedia":[{"embeddable":true,"href":"https:\/\/www.vidademadrid.com\/es\/wp-json\/wp\/v2\/media\/42210"}],"wp:attachment":[{"href":"https:\/\/www.vidademadrid.com\/es\/wp-json\/wp\/v2\/media?parent=42209"}],"wp:term":[{"taxonomy":"category","embeddable":true,"href":"https:\/\/www.vidademadrid.com\/es\/wp-json\/wp\/v2\/categories?post=42209"},{"taxonomy":"post_tag","embeddable":true,"href":"https:\/\/www.vidademadrid.com\/es\/wp-json\/wp\/v2\/tags?post=42209"}],"curies":[{"name":"wp","href":"https:\/\/api.w.org\/{rel}","templated":true}]}}