{"id":42206,"date":"2022-06-04T11:19:00","date_gmt":"2022-06-04T09:19:00","guid":{"rendered":"https:\/\/www.vidademadrid.com\/es\/?p=42206"},"modified":"2022-06-16T16:44:28","modified_gmt":"2022-06-16T14:44:28","slug":"fiestas-san-antonio-florida-programa-2022","status":"publish","type":"post","link":"https:\/\/www.vidademadrid.com\/es\/42206\/fiestas-san-antonio-florida-programa-2022\/","title":{"rendered":"Fiestas de San Antonio de la Florida 2022: Programa y actividades"},"content":{"rendered":"<h1>Actualizaci\u00f3n del 4 de junio<\/h1>\n<p><strong>Ya conocemos cartel y programa de las fiestas de San Antonio de la Florida 2022<\/strong>, que tendr\u00e1n como pregonero <strong>DJ Nano<\/strong> y, entre las actividades, los conciertos de <strong>Edurne<\/strong> y <strong>Nacha Pop<\/strong>, adem\u00e1s de un <strong>gran d\u00eda de verbena<\/strong> con paella popular y m\u00e1s. Sigue leyendo para conocer todo y leer el programa completo.<\/p>\n<h2>Fechas de las Fiestas de San Antonio de la Florida 2022<\/h2>\n<p>Este 2022 Fiestas de San Antonio de la Florida tendr\u00e1n lugar <strong>del 9 al 13 de junio<\/strong>. El distrito Moncloa-Aravavca apuesta por \u00abdevolver el car\u00e1cter castizo de esta verbena popular y disfrutar de la m\u00fasica y bailes tradicionales, del chocolate con churros o de la limonada a los pies de la ermita\u00bb, por eso se ha rescatado <strong>el cartel dibujado hace 22 a\u00f1os por Antonio Mingote<\/strong>, ya que las fechas coincid\u00edan con las de este a\u00f1o.<\/p>\n<figure id=\"attachment_42637\" aria-describedby=\"caption-attachment-42637\" style=\"width: 700px\" class=\"wp-caption aligncenter\"><img loading=\"lazy\" decoding=\"async\" class=\"size-full wp-image-42637\" src=\"https:\/\/www.vidademadrid.com\/es\/wp-content\/uploads\/2022\/05\/Fiestas-San-Antonio-de-la-Florida-2022.jpg\" alt=\"\" width=\"700\" height=\"990\" srcset=\"https:\/\/www.vidademadrid.com\/es\/wp-content\/uploads\/2022\/05\/Fiestas-San-Antonio-de-la-Florida-2022.jpg 700w, https:\/\/www.vidademadrid.com\/es\/wp-content\/uploads\/2022\/05\/Fiestas-San-Antonio-de-la-Florida-2022-212x300.jpg 212w, https:\/\/www.vidademadrid.com\/es\/wp-content\/uploads\/2022\/05\/Fiestas-San-Antonio-de-la-Florida-2022-696x984.jpg 696w, https:\/\/www.vidademadrid.com\/es\/wp-content\/uploads\/2022\/05\/Fiestas-San-Antonio-de-la-Florida-2022-297x420.jpg 297w\" sizes=\"auto, (max-width: 700px) 100vw, 700px\" \/><figcaption id=\"caption-attachment-42637\" class=\"wp-caption-text\">Foto: cartel oficial 2022<\/figcaption><\/figure>\n<h2>Programa de las Fiestas de San Antonio de la Florida 2022<\/h2>\n<p>El programa de las fiestas se desarrollar\u00e1 en el <strong>Parque de la Bombilla y sus alrededores<\/strong>, con unas veinte propuestas de m\u00fasica, deporte y cultura. La actuaciones principales ser\u00e1n de <strong>DJ Nano (jueves 9), Nacha Pop (viernes 10) <del>y Edurne (s\u00e1bado 11)<\/del> <em>(Edurne ha tenido que cancelar su concierto por motivos de salud)<\/em><\/strong>, mientras el <strong>domingo 12 ser\u00e1 el gran d\u00eda de la Verbena Popular<\/strong> con un completo\u00a0 programa castizo: una gran paella gratuita (a las 14 h), pasacalles (17 horas) chocolatada (20 h), y m\u00e1s. <strong>El lunes 13, D\u00eda de San Antonio<\/strong>, el reparto de panes, la misa y <strong>procesi\u00f3n<\/strong>.<\/p>\n<p><script async=\"\" src=\"https:\/\/pagead2.googlesyndication.com\/pagead\/js\/adsbygoogle.js\"><\/script> <ins class=\"adsbygoogle\" style=\"display: block;\" data-ad-format=\"fluid\" data-ad-layout-key=\"-7f+eo+1+2-5\" data-ad-client=\"ca-pub-7450064428034605\" data-ad-slot=\"7327027071\"><\/ins><script>(adsbygoogle = window.adsbygoogle || []).push({});<\/script><\/p>\n<p>A continuaci\u00f3n el programa completo (pincha en la imagen para ampliarla):<\/p>\n<p><a href=\"https:\/\/www.vidademadrid.com\/es\/wp-content\/uploads\/2022\/05\/SanAntonio-de-la-Florida-programa-V42.png\"><img loading=\"lazy\" decoding=\"async\" class=\"aligncenter size-full wp-image-42640\" src=\"https:\/\/www.vidademadrid.com\/es\/wp-content\/uploads\/2022\/05\/SanAntonio-de-la-Florida-programa-V42.png\" alt=\"\" width=\"2501\" height=\"1191\" srcset=\"https:\/\/www.vidademadrid.com\/es\/wp-content\/uploads\/2022\/05\/SanAntonio-de-la-Florida-programa-V42.png 2501w, https:\/\/www.vidademadrid.com\/es\/wp-content\/uploads\/2022\/05\/SanAntonio-de-la-Florida-programa-V42-300x143.png 300w, https:\/\/www.vidademadrid.com\/es\/wp-content\/uploads\/2022\/05\/SanAntonio-de-la-Florida-programa-V42-1024x488.png 1024w, https:\/\/www.vidademadrid.com\/es\/wp-content\/uploads\/2022\/05\/SanAntonio-de-la-Florida-programa-V42-768x366.png 768w, https:\/\/www.vidademadrid.com\/es\/wp-content\/uploads\/2022\/05\/SanAntonio-de-la-Florida-programa-V42-1536x731.png 1536w, https:\/\/www.vidademadrid.com\/es\/wp-content\/uploads\/2022\/05\/SanAntonio-de-la-Florida-programa-V42-2048x975.png 2048w, https:\/\/www.vidademadrid.com\/es\/wp-content\/uploads\/2022\/05\/SanAntonio-de-la-Florida-programa-V42-696x331.png 696w, https:\/\/www.vidademadrid.com\/es\/wp-content\/uploads\/2022\/05\/SanAntonio-de-la-Florida-programa-V42-1068x509.png 1068w, https:\/\/www.vidademadrid.com\/es\/wp-content\/uploads\/2022\/05\/SanAntonio-de-la-Florida-programa-V42-1920x914.png 1920w, https:\/\/www.vidademadrid.com\/es\/wp-content\/uploads\/2022\/05\/SanAntonio-de-la-Florida-programa-V42-882x420.png 882w\" sizes=\"auto, (max-width: 2501px) 100vw, 2501px\" \/><\/a> <a href=\"https:\/\/www.vidademadrid.com\/es\/wp-content\/uploads\/2022\/05\/SanAntonio-de-la-Florida-programa-V41.png\"><img loading=\"lazy\" decoding=\"async\" class=\"aligncenter size-full wp-image-42641\" src=\"https:\/\/www.vidademadrid.com\/es\/wp-content\/uploads\/2022\/05\/SanAntonio-de-la-Florida-programa-V41.png\" alt=\"\" width=\"2501\" height=\"1191\" srcset=\"https:\/\/www.vidademadrid.com\/es\/wp-content\/uploads\/2022\/05\/SanAntonio-de-la-Florida-programa-V41.png 2501w, https:\/\/www.vidademadrid.com\/es\/wp-content\/uploads\/2022\/05\/SanAntonio-de-la-Florida-programa-V41-300x143.png 300w, https:\/\/www.vidademadrid.com\/es\/wp-content\/uploads\/2022\/05\/SanAntonio-de-la-Florida-programa-V41-1024x488.png 1024w, https:\/\/www.vidademadrid.com\/es\/wp-content\/uploads\/2022\/05\/SanAntonio-de-la-Florida-programa-V41-768x366.png 768w, https:\/\/www.vidademadrid.com\/es\/wp-content\/uploads\/2022\/05\/SanAntonio-de-la-Florida-programa-V41-1536x731.png 1536w, https:\/\/www.vidademadrid.com\/es\/wp-content\/uploads\/2022\/05\/SanAntonio-de-la-Florida-programa-V41-2048x975.png 2048w, https:\/\/www.vidademadrid.com\/es\/wp-content\/uploads\/2022\/05\/SanAntonio-de-la-Florida-programa-V41-696x331.png 696w, https:\/\/www.vidademadrid.com\/es\/wp-content\/uploads\/2022\/05\/SanAntonio-de-la-Florida-programa-V41-1068x509.png 1068w, https:\/\/www.vidademadrid.com\/es\/wp-content\/uploads\/2022\/05\/SanAntonio-de-la-Florida-programa-V41-1920x914.png 1920w, https:\/\/www.vidademadrid.com\/es\/wp-content\/uploads\/2022\/05\/SanAntonio-de-la-Florida-programa-V41-882x420.png 882w\" sizes=\"auto, (max-width: 2501px) 100vw, 2501px\" \/><\/a><\/p>\n<h1>Art\u00edculo del 19 de mayo<\/h1>\n<p>Las <strong>Fiestas de San Antonio de la Florida\u00a0<\/strong>ya tienen fecha para este a\u00f1o. Una de las citas m\u00e1s populares de las fiestas madrile\u00f1as que tienen su principal escenario en el Parque de la Bombilla y la ermita de San Antonio. Conoce toda la informaci\u00f3n en este art\u00edculo.\u00a0<\/p>\n<h2>Fiestas de San Antonio de la Florida<\/h2>\n<p><script async=\"\" src=\"https:\/\/pagead2.googlesyndication.com\/pagead\/js\/adsbygoogle.js\"><\/script> <ins class=\"adsbygoogle\" style=\"display: block;\" data-ad-format=\"fluid\" data-ad-layout-key=\"-7f+eo+1+2-5\" data-ad-client=\"ca-pub-7450064428034605\" data-ad-slot=\"7327027071\"><\/ins><script>(adsbygoogle = window.adsbygoogle || []).push({});<\/script><\/p>\n<p>El\u00a0<strong>13 de junio\u00a0<\/strong>se celebra la fiesta de\u00a0<strong>San Antonio de la Florida,\u00a0<\/strong>de los alfileres y las modistillas y la del pan del santo. Su principal escenario es en la ermita en la ribera del Manzanares que se erigi\u00f3 en 1732 con una imagen de San Antonio de Padua.\u00a0<\/p>\n<p>Esta ermita fue catalogada como <strong>monumento hist\u00f3rico-art\u00edstico <\/strong>en el a\u00f1o 1905. Su c\u00e9lebre romer\u00eda del 13 de junio la tradicional verbena se celebra en los alrededores de dicha ermita y es una de las fiestas m\u00e1s importantes de Madrid.<\/p>\n<h2>Fiestas de San Antonio de la Florida 2022<\/h2>\n<p><script async=\"\" src=\"https:\/\/pagead2.googlesyndication.com\/pagead\/js\/adsbygoogle.js\"><\/script> <ins class=\"adsbygoogle\" style=\"display: block; text-align: center;\" data-ad-layout=\"in-article\" data-ad-format=\"fluid\" data-ad-client=\"ca-pub-7450064428034605\" data-ad-slot=\"5670045061\"><\/ins> <script>(adsbygoogle = window.adsbygoogle || []).push({});<\/script><\/p>\n<p>La festividad de\u00a0<strong>San Antonio de la Florida\u00a0<\/strong>tiene su principal escenario en el Parque de la Bombilla y en la ermita de San Antonio en el distrito de Moncloa-Aravaca. Este a\u00f1o, las fiestas ser\u00e1n del\u00a0<strong>11 al 13 de junio\u00a0<\/strong>y habr\u00e1 distintas actividades gratuitas en la zona de Princesa (Metro Pr\u00edncipe P\u00edo).\u00a0<\/p>\n<p><em>En Vida de Madrid actualizaremos este art\u00edculo con el programa completo cuando sea anunciado. <\/em><\/p>\n\n\n<p><\/p>\n","protected":false},"excerpt":{"rendered":"<p>Se celebrar\u00e1n del 9 al 13 de junio. <\/p>\n","protected":false},"author":15,"featured_media":42642,"comment_status":"open","ping_status":"open","sticky":false,"template":"","format":"standard","meta":{"footnotes":""},"categories":[1],"tags":[],"class_list":{"0":"post-42206","1":"post","2":"type-post","3":"status-publish","4":"format-standard","5":"has-post-thumbnail","7":"category-varios"},"_links":{"self":[{"href":"https:\/\/www.vidademadrid.com\/es\/wp-json\/wp\/v2\/posts\/42206","targetHints":{"allow":["GET"]}}],"collection":[{"href":"https:\/\/www.vidademadrid.com\/es\/wp-json\/wp\/v2\/posts"}],"about":[{"href":"https:\/\/www.vidademadrid.com\/es\/wp-json\/wp\/v2\/types\/post"}],"author":[{"embeddable":true,"href":"https:\/\/www.vidademadrid.com\/es\/wp-json\/wp\/v2\/users\/15"}],"replies":[{"embeddable":true,"href":"https:\/\/www.vidademadrid.com\/es\/wp-json\/wp\/v2\/comments?post=42206"}],"version-history":[{"count":6,"href":"https:\/\/www.vidademadrid.com\/es\/wp-json\/wp\/v2\/posts\/42206\/revisions"}],"predecessor-version":[{"id":42774,"href":"https:\/\/www.vidademadrid.com\/es\/wp-json\/wp\/v2\/posts\/42206\/revisions\/42774"}],"wp:featuredmedia":[{"embeddable":true,"href":"https:\/\/www.vidademadrid.com\/es\/wp-json\/wp\/v2\/media\/42642"}],"wp:attachment":[{"href":"https:\/\/www.vidademadrid.com\/es\/wp-json\/wp\/v2\/media?parent=42206"}],"wp:term":[{"taxonomy":"category","embeddable":true,"href":"https:\/\/www.vidademadrid.com\/es\/wp-json\/wp\/v2\/categories?post=42206"},{"taxonomy":"post_tag","embeddable":true,"href":"https:\/\/www.vidademadrid.com\/es\/wp-json\/wp\/v2\/tags?post=42206"}],"curies":[{"name":"wp","href":"https:\/\/api.w.org\/{rel}","templated":true}]}}