{"id":42175,"date":"2022-05-18T12:17:13","date_gmt":"2022-05-18T10:17:13","guid":{"rendered":"https:\/\/www.vidademadrid.com\/es\/?p=42175"},"modified":"2022-05-18T13:10:30","modified_gmt":"2022-05-18T11:10:30","slug":"fiestas-san-fernando-aranjuez-programa-2022","status":"publish","type":"post","link":"https:\/\/www.vidademadrid.com\/es\/42175\/fiestas-san-fernando-aranjuez-programa-2022\/","title":{"rendered":"Fiestas de San Fernando de Aranjuez 2022: programa de actividades y conciertos"},"content":{"rendered":"<p>Las\u00a0<strong>Fiestas de San Fernando,\u00a0<\/strong>patr\u00f3n de <strong>Aranjuez<\/strong>, vuelven tras dos a\u00f1os por la pandemia del Covid-19. El Ayuntamiento de Aranjuez ha anunciado el programa para estas <strong>fiestas 2022<\/strong> que contar\u00e1 con distintas <strong>actividades y presentaciones musicales<\/strong>. Conoce toda la informaci\u00f3n en este art\u00edculo.<\/p>\n<h2>Fiestas de San Fernando 2022 en Aranjuez<\/h2>\n<p><script async=\"\" src=\"https:\/\/pagead2.googlesyndication.com\/pagead\/js\/adsbygoogle.js\"><\/script> <ins class=\"adsbygoogle\" style=\"display: block;\" data-ad-format=\"fluid\" data-ad-layout-key=\"-7f+eo+1+2-5\" data-ad-client=\"ca-pub-7450064428034605\" data-ad-slot=\"7327027071\"><\/ins><script>(adsbygoogle = window.adsbygoogle || []).push({});<\/script>La\u00a0<strong>Fiestas de San Fernando 2022 <\/strong>de Aranjuez se celebrar\u00e1n del\u00a0<strong>viernes 27 al lunes 30 de mayo\u00a0<\/strong>tras dos a\u00f1os de suspensi\u00f3n por la pandemia provocada por el Covid-19.<\/p>\n<p>Tras comenzar sus fiestas con el tradicional preg\u00f3n que este a\u00f1o estar\u00e1 a cargo de las\u00a0<strong>Hijas de la Caridad de la Casa de San Jos\u00e9,\u00a0<\/strong>que hacen una importante labor en favor de los m\u00e1s desfavorecidos de Aranjuez. Posteriormente, comenzar\u00e1 el <strong>programa de actividades<\/strong> que durar\u00e1n hasta el lunes 30 de mayo.<\/p>\n<p>El programa ofrece acontecimiento culturales, deportivos y de ocio, fuegos artificiales, verbenas, actividades infantiles y atracciones. Entre las actividades, habr\u00e1 <strong>presentaciones musicales\u00a0<\/strong>protagonizadas por\u00a0<strong>Caf\u00e9 Quijano, Dj Nano, Henry M\u00e9ndez y Cosa de Dos.\u00a0<\/strong><\/p>\n<h2>Fiestas de San Fernando 2022 en Aranjuez: Programa<\/h2>\n<p><script async=\"\" src=\"https:\/\/pagead2.googlesyndication.com\/pagead\/js\/adsbygoogle.js\"><\/script> <ins class=\"adsbygoogle\" style=\"display: block; text-align: center;\" data-ad-layout=\"in-article\" data-ad-format=\"fluid\" data-ad-client=\"ca-pub-7450064428034605\" data-ad-slot=\"5670045061\"><\/ins> <script>(adsbygoogle = window.adsbygoogle || []).push({});<\/script>Tras el preg\u00f3n en la\u00a0<strong>Plaza de la constituci\u00f3n<\/strong>, actuar\u00e1 el grupo musical\u00a0<strong>Cosa de Dos,\u00a0<\/strong>con versiones pop-flamencas. Posteriormente, a las\u00a0<strong>24 horas\u00a0<\/strong>tendr\u00e1 lugar el\u00a0<strong>Festival Baila Aranjuez\u00a0<\/strong>con la actuaci\u00f3n de los reconocidos\u00a0<strong>DJ Pulpo, Henry M\u00e9ndez y DJ Nano.\u00a0<\/strong><\/p>\n<p>El\u00a0<strong>s\u00e1bado 28 de mayo\u00a0<\/strong>habr\u00e1 actividades desde las 11 a las 21 horas. Entre los actividades estar\u00e1n el <strong>V Concurso de Guisos de la Huerta Ribere\u00f1a, <\/strong>la\u00a0<strong>IV Bajada de Bicis Locas\u00a0<\/strong>y habr\u00e1 actuaciones de la\u00a0<strong>Escuela de baile Natalia Aguirre y la Escuela de baile Dance Studio.\u00a0<\/strong>Este mismo d\u00eda, a partir de las\u00a0<strong>24 horas\u00a0<\/strong>actuar\u00e1 el popular grupo\u00a0<strong>Caf\u00e9 Quijano.\u00a0<\/strong>Al finalizar, habr\u00e1 una discoteca m\u00f3vil amenizada por varios DJ de Aranjuez.<\/p>\n<p>El\u00a0<strong>domingo 29\u00a0<\/strong>de las\u00a0<strong>11 a las 14 horas\u00a0<\/strong>tendr\u00e1 lugar en la Plaza de la Constituci\u00f3n la <strong>Fiesta de la Familia\u00a0<\/strong>con talleres, juegos y personajes animados. A partir de las 12 horas, habr\u00e1 un concierto de m\u00fasica de los 80 y 90 por\u00a0<strong>Los Casetes.\u00a0<\/strong>A partir de las <strong>19 horas\u00a0<\/strong>se celebrar\u00e1 la tradicional corrida de toros de las fiestas de San Fernando. A partir de las 20 horas, habr\u00e1 actuaciones de danza.<\/p>\n<p>El\u00a0<strong>lunes 30 de mayo,\u00a0<\/strong>se iniciar\u00e1 la celebraci\u00f3n de la\u00a0<strong>Eucarist\u00eda en honor a San Fernando\u00a0<\/strong>en la iglesia de San Antonio a las 11 horas. Tambi\u00e9n habr\u00e1 actividades especiales para mayores y ni\u00f1os. Conoce el programa completo y horarios de actividades en su <a href=\"https:\/\/www.aranjuez.es\/actualidad\/aranjuez-celebra-sus-fiestas-de-san-fernando-con-un-completo-programa-de-actividades\/\">web<\/a>.<\/p>\n<figure id=\"attachment_42177\" aria-describedby=\"caption-attachment-42177\" style=\"width: 214px\" class=\"wp-caption alignnone\"><a href=\"https:\/\/www.vidademadrid.com\/es\/wp-content\/uploads\/2022\/05\/Portada-Libro-fiestas-san-fernando-2022-214x300-1.jpeg\"><img loading=\"lazy\" decoding=\"async\" class=\"wp-image-42177 size-full\" src=\"https:\/\/www.vidademadrid.com\/es\/wp-content\/uploads\/2022\/05\/Portada-Libro-fiestas-san-fernando-2022-214x300-1.jpeg\" alt=\"\" width=\"214\" height=\"300\" \/><\/a><figcaption id=\"caption-attachment-42177\" class=\"wp-caption-text\">Foto: Ayuntamiento de Aranjuez<\/figcaption><\/figure>\n","protected":false},"excerpt":{"rendered":"<p>Habr\u00e1 actividades para todas las edades. <\/p>\n","protected":false},"author":15,"featured_media":42176,"comment_status":"open","ping_status":"open","sticky":false,"template":"","format":"standard","meta":{"footnotes":""},"categories":[101],"tags":[],"class_list":{"0":"post-42175","1":"post","2":"type-post","3":"status-publish","4":"format-standard","5":"has-post-thumbnail","7":"category-ferias-fiestas-mercados-madrid"},"_links":{"self":[{"href":"https:\/\/www.vidademadrid.com\/es\/wp-json\/wp\/v2\/posts\/42175","targetHints":{"allow":["GET"]}}],"collection":[{"href":"https:\/\/www.vidademadrid.com\/es\/wp-json\/wp\/v2\/posts"}],"about":[{"href":"https:\/\/www.vidademadrid.com\/es\/wp-json\/wp\/v2\/types\/post"}],"author":[{"embeddable":true,"href":"https:\/\/www.vidademadrid.com\/es\/wp-json\/wp\/v2\/users\/15"}],"replies":[{"embeddable":true,"href":"https:\/\/www.vidademadrid.com\/es\/wp-json\/wp\/v2\/comments?post=42175"}],"version-history":[{"count":2,"href":"https:\/\/www.vidademadrid.com\/es\/wp-json\/wp\/v2\/posts\/42175\/revisions"}],"predecessor-version":[{"id":42184,"href":"https:\/\/www.vidademadrid.com\/es\/wp-json\/wp\/v2\/posts\/42175\/revisions\/42184"}],"wp:featuredmedia":[{"embeddable":true,"href":"https:\/\/www.vidademadrid.com\/es\/wp-json\/wp\/v2\/media\/42176"}],"wp:attachment":[{"href":"https:\/\/www.vidademadrid.com\/es\/wp-json\/wp\/v2\/media?parent=42175"}],"wp:term":[{"taxonomy":"category","embeddable":true,"href":"https:\/\/www.vidademadrid.com\/es\/wp-json\/wp\/v2\/categories?post=42175"},{"taxonomy":"post_tag","embeddable":true,"href":"https:\/\/www.vidademadrid.com\/es\/wp-json\/wp\/v2\/tags?post=42175"}],"curies":[{"name":"wp","href":"https:\/\/api.w.org\/{rel}","templated":true}]}}