{"id":42152,"date":"2022-05-17T18:30:00","date_gmt":"2022-05-17T16:30:00","guid":{"rendered":"https:\/\/www.vidademadrid.com\/es\/?p=42152"},"modified":"2022-05-18T09:18:08","modified_gmt":"2022-05-18T07:18:08","slug":"espacio-ibera-calle-velazquez-actividades-horario","status":"publish","type":"post","link":"https:\/\/www.vidademadrid.com\/es\/42152\/espacio-ibera-calle-velazquez-actividades-horario\/","title":{"rendered":"Iberia abre un nuevo espacio en el que te sentir\u00e1s como si estuvieras a bordo de un avi\u00f3n"},"content":{"rendered":"\n<p>\u00bfCon ganas de viajar? <strong>Iberia<\/strong> abre su <strong>nuevo espacio<\/strong> en el centro de Madrid para que vivas una experiencia como si estuvieras a bordo de uno de sus aviones. Podr\u00e1s conocer parte de su historia y apuntarte a las actividades gratuitas que tienen programadas. Te lo contamos todo en este art\u00edculo.<\/p>\n\n\n\n<h2 class=\"wp-block-heading\">Nuevo espacio Iberia&nbsp;<\/h2>\n\n\n\n<script async=\"\" src=\"https:\/\/pagead2.googlesyndication.com\/pagead\/js\/adsbygoogle.js\"><\/script> <ins class=\"adsbygoogle\" style=\"display:block\" data-ad-format=\"fluid\" data-ad-layout-key=\"-7f+eo+1+2-5\" data-ad-client=\"ca-pub-7450064428034605\" data-ad-slot=\"7327027071\"><\/ins><script>(adsbygoogle = window.adsbygoogle || []).push({});<\/script>\n\n\n\n<p>Si las ganas de viajar ya est\u00e1n rondando por tu cabeza no te puedes perder el <strong>nuevo espacio Iberia<\/strong> que te har\u00e1 sentir como si estuvieras a bordo de un avi\u00f3n. Est\u00e1 ubicado en la <strong>calle Vel\u00e1zquez 37<\/strong> y permanecer\u00e1 abierto <strong>de lunes a domingo y festivos de 12h a 21h<\/strong>, hasta el 30 de junio.<\/p>\n\n\n\n<p>Un lugar en el que podr\u00e1s probar la gastronom\u00eda, conocer y probarte los uniformes hist\u00f3ricos de las azafatas y azafatos de la aerol\u00ednea e incluso sobrevolar Nueva York como si fueras un p\u00e1jaro. Pero eso no es todo, de lunes a domingo han programado distintas <strong>actividades como catas de vino, cerveza o caf\u00e9<\/strong> a las que te podr\u00e1s apuntar de forma gratuita. Si te ha gustado esta idea, puedes reservar tu plaza en el siguiente <a href=\"https:\/\/espacio.iberia.com\/?utm_campaign=es.brand.org-espacioiberia-trafico16.2205&amp;utm_medium=social-organico&amp;utm_source=mk_facebook&amp;utm_content=SOC_facebook_FEED_ITX_1x1_espa%C3%B1a_BRD_all_pix#cata-cafe\">enlace<\/a> (no lo dejes pasar, porque las plazas \u00abvuelan\u00bb). Si te quedas sin hueco, cada lunes abren citas as\u00ed que no lo dejes pasar.&nbsp;<\/p>\n\n\n\n<p>Nosotros no nos hemos podido aguantar y ya hemos hecho una primera visita:&nbsp;<\/p>\n\n\n\n<figure class=\"wp-block-gallery columns-2 is-cropped wp-block-gallery-1 is-layout-flex wp-block-gallery-is-layout-flex\"><ul class=\"blocks-gallery-grid\"><li class=\"blocks-gallery-item\"><figure><img loading=\"lazy\" decoding=\"async\" width=\"1200\" height=\"1600\" src=\"https:\/\/www.vidademadrid.com\/es\/wp-content\/uploads\/2022\/05\/679e49bb-5e7f-42d1-8ee4-5c21d833df45-2.jpg\" alt=\"\" data-id=\"42158\" class=\"wp-image-42158\" srcset=\"https:\/\/www.vidademadrid.com\/es\/wp-content\/uploads\/2022\/05\/679e49bb-5e7f-42d1-8ee4-5c21d833df45-2.jpg 1200w, https:\/\/www.vidademadrid.com\/es\/wp-content\/uploads\/2022\/05\/679e49bb-5e7f-42d1-8ee4-5c21d833df45-2-225x300.jpg 225w, https:\/\/www.vidademadrid.com\/es\/wp-content\/uploads\/2022\/05\/679e49bb-5e7f-42d1-8ee4-5c21d833df45-2-768x1024.jpg 768w, https:\/\/www.vidademadrid.com\/es\/wp-content\/uploads\/2022\/05\/679e49bb-5e7f-42d1-8ee4-5c21d833df45-2-1152x1536.jpg 1152w, https:\/\/www.vidademadrid.com\/es\/wp-content\/uploads\/2022\/05\/679e49bb-5e7f-42d1-8ee4-5c21d833df45-2-696x928.jpg 696w, https:\/\/www.vidademadrid.com\/es\/wp-content\/uploads\/2022\/05\/679e49bb-5e7f-42d1-8ee4-5c21d833df45-2-1068x1424.jpg 1068w, https:\/\/www.vidademadrid.com\/es\/wp-content\/uploads\/2022\/05\/679e49bb-5e7f-42d1-8ee4-5c21d833df45-2-315x420.jpg 315w\" sizes=\"auto, (max-width: 1200px) 100vw, 1200px\" \/><\/figure><\/li><li class=\"blocks-gallery-item\"><figure><img loading=\"lazy\" decoding=\"async\" width=\"1200\" height=\"1600\" src=\"https:\/\/www.vidademadrid.com\/es\/wp-content\/uploads\/2022\/05\/2d5ff344-43e6-43d7-9cc9-c9c87a1cb174-2.jpg\" alt=\"\" data-id=\"42159\" class=\"wp-image-42159\" srcset=\"https:\/\/www.vidademadrid.com\/es\/wp-content\/uploads\/2022\/05\/2d5ff344-43e6-43d7-9cc9-c9c87a1cb174-2.jpg 1200w, https:\/\/www.vidademadrid.com\/es\/wp-content\/uploads\/2022\/05\/2d5ff344-43e6-43d7-9cc9-c9c87a1cb174-2-225x300.jpg 225w, https:\/\/www.vidademadrid.com\/es\/wp-content\/uploads\/2022\/05\/2d5ff344-43e6-43d7-9cc9-c9c87a1cb174-2-768x1024.jpg 768w, https:\/\/www.vidademadrid.com\/es\/wp-content\/uploads\/2022\/05\/2d5ff344-43e6-43d7-9cc9-c9c87a1cb174-2-1152x1536.jpg 1152w, https:\/\/www.vidademadrid.com\/es\/wp-content\/uploads\/2022\/05\/2d5ff344-43e6-43d7-9cc9-c9c87a1cb174-2-696x928.jpg 696w, https:\/\/www.vidademadrid.com\/es\/wp-content\/uploads\/2022\/05\/2d5ff344-43e6-43d7-9cc9-c9c87a1cb174-2-1068x1424.jpg 1068w, https:\/\/www.vidademadrid.com\/es\/wp-content\/uploads\/2022\/05\/2d5ff344-43e6-43d7-9cc9-c9c87a1cb174-2-315x420.jpg 315w\" sizes=\"auto, (max-width: 1200px) 100vw, 1200px\" \/><\/figure><\/li><\/ul><\/figure>\n\n\n\n<div class=\"wp-block-image\"><figure class=\"aligncenter\"><a href=\"https:\/\/www.vidademadrid.com\/es\/wp-content\/uploads\/2022\/05\/aab796ed-0821-4889-bfd2-efdd2cce66e4-2.jpg\"><img loading=\"lazy\" decoding=\"async\" width=\"1600\" height=\"1200\" src=\"https:\/\/www.vidademadrid.com\/es\/wp-content\/uploads\/2022\/05\/aab796ed-0821-4889-bfd2-efdd2cce66e4-2.jpg\" alt=\"\" class=\"wp-image-42157\" srcset=\"https:\/\/www.vidademadrid.com\/es\/wp-content\/uploads\/2022\/05\/aab796ed-0821-4889-bfd2-efdd2cce66e4-2.jpg 1600w, https:\/\/www.vidademadrid.com\/es\/wp-content\/uploads\/2022\/05\/aab796ed-0821-4889-bfd2-efdd2cce66e4-2-300x225.jpg 300w, https:\/\/www.vidademadrid.com\/es\/wp-content\/uploads\/2022\/05\/aab796ed-0821-4889-bfd2-efdd2cce66e4-2-1024x768.jpg 1024w, https:\/\/www.vidademadrid.com\/es\/wp-content\/uploads\/2022\/05\/aab796ed-0821-4889-bfd2-efdd2cce66e4-2-768x576.jpg 768w, https:\/\/www.vidademadrid.com\/es\/wp-content\/uploads\/2022\/05\/aab796ed-0821-4889-bfd2-efdd2cce66e4-2-1536x1152.jpg 1536w, https:\/\/www.vidademadrid.com\/es\/wp-content\/uploads\/2022\/05\/aab796ed-0821-4889-bfd2-efdd2cce66e4-2-696x522.jpg 696w, https:\/\/www.vidademadrid.com\/es\/wp-content\/uploads\/2022\/05\/aab796ed-0821-4889-bfd2-efdd2cce66e4-2-1068x801.jpg 1068w, https:\/\/www.vidademadrid.com\/es\/wp-content\/uploads\/2022\/05\/aab796ed-0821-4889-bfd2-efdd2cce66e4-2-560x420.jpg 560w, https:\/\/www.vidademadrid.com\/es\/wp-content\/uploads\/2022\/05\/aab796ed-0821-4889-bfd2-efdd2cce66e4-2-80x60.jpg 80w, https:\/\/www.vidademadrid.com\/es\/wp-content\/uploads\/2022\/05\/aab796ed-0821-4889-bfd2-efdd2cce66e4-2-265x198.jpg 265w\" sizes=\"auto, (max-width: 1600px) 100vw, 1600px\" \/><\/a><figcaption>Uniformes Iberia. Fotos: Vida de Madrid<\/figcaption><\/figure><\/div>\n\n\n\n<script async=\"\" src=\"https:\/\/pagead2.googlesyndication.com\/pagead\/js\/adsbygoogle.js\"><\/script> <ins class=\"adsbygoogle\" style=\"display:block; text-align:center;\" data-ad-layout=\"in-article\" data-ad-format=\"fluid\" data-ad-client=\"ca-pub-7450064428034605\" data-ad-slot=\"5670045061\"><\/ins> <script>(adsbygoogle = window.adsbygoogle || []).push({});<\/script>\n\n\n\n<h2 class=\"wp-block-heading\">Actividades Espacio Iberia&nbsp;<\/h2>\n\n\n\n<p>Una de las grandes novedades del espacio son las <strong>actividades gratuitas<\/strong> que proponen a sus visitantes de lunes a domingo:&nbsp;<\/p>\n\n\n\n<ul class=\"wp-block-list\"><li><strong>Catas de vinos<\/strong> (Reserva <a href=\"https:\/\/espacio.iberia.com\/?utm_campaign=es.brand.org-espacioiberia-trafico16.2205&amp;utm_medium=social-organico&amp;utm_source=mk_facebook&amp;utm_content=SOC_facebook_FEED_ITX_1x1_espa%C3%B1a_BRD_all_pix#cata-de-vinos\">aqu\u00ed<\/a>):&nbsp;mi\u00e9rcoles de 19.00 h a 20.00 h y de 20.00 a 21.00 \/\/&nbsp;viernes en turno de ma\u00f1ana: de 13.00 h a 14.00 h \/ 14.00 h a 15.00 h y en turno de tarde de 18.00 h a 19.30 h \/ 19.30 h a 21.00 h.&nbsp;<\/li><li><strong>Catas de cervezas<\/strong> (Reserva <a href=\"https:\/\/espacio.iberia.com\/?utm_campaign=es.brand.org-espacioiberia-trafico16.2205&amp;utm_medium=social-organico&amp;utm_source=mk_facebook&amp;utm_content=SOC_facebook_FEED_ITX_1x1_espa%C3%B1a_BRD_all_pix#cata-de-cervezas\">aqu\u00ed<\/a>):&nbsp;jueves de 19.00 h a 20.00 h \/ 20.00 h a 21.00 h&nbsp;<\/li><li><strong>Degustaci\u00f3n de Caf\u00e9s por Lavazza <\/strong>(Reserva <a href=\"https:\/\/espacio.iberia.com\/?utm_campaign=es.brand.org-espacioiberia-trafico16.2205&amp;utm_medium=social-organico&amp;utm_source=mk_facebook&amp;utm_content=SOC_facebook_FEED_ITX_1x1_espa%C3%B1a_BRD_all_pix#cata-cafe\">aqu\u00ed<\/a>):&nbsp;martes, mi\u00e9rcoles y jueves de 16.00 h a 16.45 h \/ 16.45 h a 17.30 h<\/li><li><strong>Birdly:<\/strong> sobrevuela Nueva York como si fueras un p\u00e1jaro.&nbsp;S\u00e1bados y domingos de 12.00 h a 21. 00 h<\/li><li>Si\u00e9ntete como una de las azafatas y azafatos con los trajes. Podr\u00e1s probarte cualquier de los dise\u00f1os hist\u00f3ricos y el 1 de junio presentar\u00e1n los nuevos uniformes creados por&nbsp;<strong>Teresa Helbig<\/strong>, primera mujer que los dise\u00f1a.&nbsp;<\/li><\/ul>\n\n\n\n<p>*Entre todos aquellos que participen en sus actividades y lo suban a sus redes sociales sortean un viaje a Nueva York. <\/p>\n","protected":false},"excerpt":{"rendered":"<p>Con actividades, gastronom\u00eda y mucho m\u00e1s <\/p>\n","protected":false},"author":13,"featured_media":42153,"comment_status":"open","ping_status":"open","sticky":false,"template":"","format":"standard","meta":{"footnotes":""},"categories":[186],"tags":[],"class_list":{"0":"post-42152","1":"post","2":"type-post","3":"status-publish","4":"format-standard","5":"has-post-thumbnail","7":"category-experiencias-originales-y-juegos"},"_links":{"self":[{"href":"https:\/\/www.vidademadrid.com\/es\/wp-json\/wp\/v2\/posts\/42152","targetHints":{"allow":["GET"]}}],"collection":[{"href":"https:\/\/www.vidademadrid.com\/es\/wp-json\/wp\/v2\/posts"}],"about":[{"href":"https:\/\/www.vidademadrid.com\/es\/wp-json\/wp\/v2\/types\/post"}],"author":[{"embeddable":true,"href":"https:\/\/www.vidademadrid.com\/es\/wp-json\/wp\/v2\/users\/13"}],"replies":[{"embeddable":true,"href":"https:\/\/www.vidademadrid.com\/es\/wp-json\/wp\/v2\/comments?post=42152"}],"version-history":[{"count":9,"href":"https:\/\/www.vidademadrid.com\/es\/wp-json\/wp\/v2\/posts\/42152\/revisions"}],"predecessor-version":[{"id":42169,"href":"https:\/\/www.vidademadrid.com\/es\/wp-json\/wp\/v2\/posts\/42152\/revisions\/42169"}],"wp:featuredmedia":[{"embeddable":true,"href":"https:\/\/www.vidademadrid.com\/es\/wp-json\/wp\/v2\/media\/42153"}],"wp:attachment":[{"href":"https:\/\/www.vidademadrid.com\/es\/wp-json\/wp\/v2\/media?parent=42152"}],"wp:term":[{"taxonomy":"category","embeddable":true,"href":"https:\/\/www.vidademadrid.com\/es\/wp-json\/wp\/v2\/categories?post=42152"},{"taxonomy":"post_tag","embeddable":true,"href":"https:\/\/www.vidademadrid.com\/es\/wp-json\/wp\/v2\/tags?post=42152"}],"curies":[{"name":"wp","href":"https:\/\/api.w.org\/{rel}","templated":true}]}}