{"id":42132,"date":"2022-05-17T12:06:30","date_gmt":"2022-05-17T10:06:30","guid":{"rendered":"https:\/\/www.vidademadrid.com\/es\/?p=42132"},"modified":"2022-05-17T12:06:35","modified_gmt":"2022-05-17T10:06:35","slug":"subida-temperaturas-calor-madrid-mayo-2022","status":"publish","type":"post","link":"https:\/\/www.vidademadrid.com\/es\/42132\/subida-temperaturas-calor-madrid-mayo-2022\/","title":{"rendered":"Esta semana la temperatura llegar\u00e1 a los 40 grados"},"content":{"rendered":"<p>Un <strong>calor inusual<\/strong> para mediados de mayo llegar\u00e1 a la ciudad esta semana, con temperaturas que <strong>superan hasta en 15 grados<\/strong> lo normal para esta \u00e9poca del a\u00f1o. Sigue leyendo este art\u00edculo para conocer toda la informaci\u00f3n.&nbsp;<\/p>\n<h2>Temperaturas de hasta 40 grados<\/h2>\n\n<script async=\"\" src=\"https:\/\/pagead2.googlesyndication.com\/pagead\/js\/adsbygoogle.js\"><\/script> <ins class=\"adsbygoogle\" style=\"display:block\" data-ad-format=\"fluid\" data-ad-layout-key=\"-7f+eo+1+2-5\" data-ad-client=\"ca-pub-7450064428034605\" data-ad-slot=\"7327027071\"><\/ins><script>(adsbygoogle = window.adsbygoogle || []).push({});<\/script>\n\n<p>Un&nbsp;<strong>episodio de calor&nbsp;<\/strong>llegar\u00e1 a Madrid esta semana con hasta 40 grados. Si se cumplen los pron\u00f3sticos, este ser\u00e1 el episodio m\u00e1s importante de los \u00faltimos veinte a\u00f1os, de acuerdo con el portavoz de la Aemet.&nbsp;<\/p>\n<p>De acuerdo con la Aemet, durante las noches las temperaturas tambi\u00e9n ser\u00e1n altas y en muchos puntos no bajar\u00e1n de los 20 grados. Estas temperaturas son inusuales para mediados de mayo, ya que son propias de verano, y van a afectar hasta el domingo 21 de mayo.&nbsp;<\/p>\n<p>La subida de la temperatura se deber\u00e1 a la llegada de una masa de aire c\u00e1lido del norte de \u00c1frica.&nbsp;<\/p>\n<h2>Bajada de temperaturas<\/h2>\n\n<script async=\"\" src=\"https:\/\/pagead2.googlesyndication.com\/pagead\/js\/adsbygoogle.js\"><\/script> <ins class=\"adsbygoogle\" style=\"display:block; text-align:center;\" data-ad-layout=\"in-article\" data-ad-format=\"fluid\" data-ad-client=\"ca-pub-7450064428034605\" data-ad-slot=\"5670045061\"><\/ins> <script>(adsbygoogle = window.adsbygoogle || []).push({});<\/script>\n\n<p>El pron\u00f3stico de la Aemet apunta que las temperaturas volver\u00e1n a bajar el lunes 22 de mayo. Las temperaturas alcanzar\u00e1n n\u00fameros m\u00e1s propios de esta \u00e9poca con m\u00ednimas por debajo de los 20 grados.&nbsp;<\/p>\n<figure id=\"attachment_42134\" aria-describedby=\"caption-attachment-42134\" style=\"width: 767px\" class=\"wp-caption alignnone\"><a href=\"https:\/\/www.vidademadrid.com\/es\/wp-content\/uploads\/2022\/05\/Screen-Shot-2022-05-17-at-12.04.30-PM.png\"><img loading=\"lazy\" decoding=\"async\" class=\"size-full wp-image-42134\" src=\"https:\/\/www.vidademadrid.com\/es\/wp-content\/uploads\/2022\/05\/Screen-Shot-2022-05-17-at-12.04.30-PM.png\" alt=\"\" width=\"767\" height=\"433\" srcset=\"https:\/\/www.vidademadrid.com\/es\/wp-content\/uploads\/2022\/05\/Screen-Shot-2022-05-17-at-12.04.30-PM.png 767w, https:\/\/www.vidademadrid.com\/es\/wp-content\/uploads\/2022\/05\/Screen-Shot-2022-05-17-at-12.04.30-PM-300x169.png 300w, https:\/\/www.vidademadrid.com\/es\/wp-content\/uploads\/2022\/05\/Screen-Shot-2022-05-17-at-12.04.30-PM-696x393.png 696w, https:\/\/www.vidademadrid.com\/es\/wp-content\/uploads\/2022\/05\/Screen-Shot-2022-05-17-at-12.04.30-PM-744x420.png 744w\" sizes=\"auto, (max-width: 767px) 100vw, 767px\" \/><\/a><figcaption id=\"caption-attachment-42134\" class=\"wp-caption-text\">Foto: AEMET<\/figcaption><\/figure>\n\n\n<p><\/p>\n","protected":false},"excerpt":{"rendered":"<p>Esta ola de calor podr\u00eda llegar a ser el m\u00e1s importante en los \u00faltimos 20 a\u00f1os. <\/p>\n","protected":false},"author":15,"featured_media":42133,"comment_status":"open","ping_status":"open","sticky":false,"template":"","format":"standard","meta":{"footnotes":""},"categories":[12],"tags":[],"class_list":{"0":"post-42132","1":"post","2":"type-post","3":"status-publish","4":"format-standard","5":"has-post-thumbnail","7":"category-actualidad-noticias-madrid"},"_links":{"self":[{"href":"https:\/\/www.vidademadrid.com\/es\/wp-json\/wp\/v2\/posts\/42132","targetHints":{"allow":["GET"]}}],"collection":[{"href":"https:\/\/www.vidademadrid.com\/es\/wp-json\/wp\/v2\/posts"}],"about":[{"href":"https:\/\/www.vidademadrid.com\/es\/wp-json\/wp\/v2\/types\/post"}],"author":[{"embeddable":true,"href":"https:\/\/www.vidademadrid.com\/es\/wp-json\/wp\/v2\/users\/15"}],"replies":[{"embeddable":true,"href":"https:\/\/www.vidademadrid.com\/es\/wp-json\/wp\/v2\/comments?post=42132"}],"version-history":[{"count":1,"href":"https:\/\/www.vidademadrid.com\/es\/wp-json\/wp\/v2\/posts\/42132\/revisions"}],"predecessor-version":[{"id":42135,"href":"https:\/\/www.vidademadrid.com\/es\/wp-json\/wp\/v2\/posts\/42132\/revisions\/42135"}],"wp:featuredmedia":[{"embeddable":true,"href":"https:\/\/www.vidademadrid.com\/es\/wp-json\/wp\/v2\/media\/42133"}],"wp:attachment":[{"href":"https:\/\/www.vidademadrid.com\/es\/wp-json\/wp\/v2\/media?parent=42132"}],"wp:term":[{"taxonomy":"category","embeddable":true,"href":"https:\/\/www.vidademadrid.com\/es\/wp-json\/wp\/v2\/categories?post=42132"},{"taxonomy":"post_tag","embeddable":true,"href":"https:\/\/www.vidademadrid.com\/es\/wp-json\/wp\/v2\/tags?post=42132"}],"curies":[{"name":"wp","href":"https:\/\/api.w.org\/{rel}","templated":true}]}}