{"id":4209,"date":"2016-07-18T18:27:06","date_gmt":"2016-07-18T16:27:06","guid":{"rendered":"http:\/\/www.vidademadrid.com\/es\/?p=4209"},"modified":"2016-07-18T22:41:22","modified_gmt":"2016-07-18T20:41:22","slug":"estacion-recoletos-cerrada","status":"publish","type":"post","link":"https:\/\/www.vidademadrid.com\/es\/4209\/estacion-recoletos-cerrada\/","title":{"rendered":"Estaci\u00f3n Recoletos cerrada &#8211; Cercan\u00edas. Info practica, fechas, autob\u00fas especial"},"content":{"rendered":"<p>Ya es oficial: <strong>la estaci\u00f3n Recoletos Cercan\u00edas estar\u00e1 cerrada m\u00e1s de un mes<\/strong>, por obras. En esta p\u00e1gina toda la info sobre el plan alternativo y el cierre de Recoletos. Pincha en los siguientes enlaces para toda la info:<\/p>\n<p><script async src=\"\/\/pagead2.googlesyndication.com\/pagead\/js\/adsbygoogle.js\"><\/script> <!-- Vida vertical --> <ins class=\"adsbygoogle\" style=\"display:inline-block;width:300px;height:600px\" data-ad-client=\"ca-pub-7450064428034605\" data-ad-slot=\"7296098777\"><\/ins> <script> (adsbygoogle = window.adsbygoogle || []).push({}); <\/script><br \/>\n<a href=\"#fechas\">Fechas<\/a> &#8211; <a href=\"#plan\">Qu\u00e9 cambia<\/a> &#8211; <a href=\"#autobus\">Autob\u00fas<\/a><\/p>\n<h2 id=\"fechas\">Fechas<\/h2>\n<p><script async src=\"\/\/pagead2.googlesyndication.com\/pagead\/js\/adsbygoogle.js\"><\/script> <!-- Vida vertical --> <ins class=\"adsbygoogle\" style=\"display:inline-block;width:300px;height:600px\" data-ad-client=\"ca-pub-7450064428034605\" data-ad-slot=\"7296098777\"><\/ins> <script> (adsbygoogle = window.adsbygoogle || []).push({}); <\/script><br \/>\nEstaci\u00f3n Recoletos Cercan\u00edas cerrada <strong>desde el 30 julio 2016, todo el mes de agosto 2016 y desde el 1 al 5 septiembre 2016<\/strong>.<\/p>\n<h2 id=\"plan\">Qu\u00e9 cambia<\/h2>\n<p><strong>C1 (Pr\u00edncipe P\u00edo-Aeropuerto T4)<\/strong><\/p>\n<blockquote><p>El servicio desde el aeropuerto comenzar\u00e1 y finalizar\u00e1 en Nuevos Ministerios\n<\/p><\/blockquote>\n<p><strong> C2 (Guadalajara-Chamart\u00edn)<\/strong><\/p>\n<blockquote>\n<p>Finalizar\u00e1 e iniciar\u00e1 su recorrido en la estaci\u00f3n de Atocha Cercan\u00edas. Adem\u00e1s, circular\u00e1n los trenes Civis con paradas en Guadalajara, Azuqueca, Alcal\u00e1 de Henares, Torrej\u00f3n de Ardoz y Chamart\u00edn. Los trenes procedentes de Guadalajara y Cercedilla\/Segovia efectuar\u00e1n su recorrido por el t\u00fanel de Sol, con parada en esta estaci\u00f3n.<\/p>\n<\/blockquote>\n<p><strong>C3 (Aranjuez-El Escorial), C4 (Parla-Colmenar Viejo\/Alcobendas-San Sebasti\u00e1n de los Reyes) y C5 (M\u00f3stoles El Soto. Humanes)<\/strong>:<\/p>\n<blockquote><p>Ninguna modificaci\u00f3n.<\/p><\/blockquote>\n<p><strong>C7 (Alcal\u00e1 de Henares-Atocha-Chamart\u00edn-Las Rozas-Pr\u00edncipe P\u00edo)<\/strong><\/p>\n<blockquote>\n<p>Los trenes entre Alcal\u00e1 y Pr\u00edncipe P\u00edo finalizar\u00e1n su recorrido en Atocha. Y se establecer\u00e1 un servicio entre Chamart\u00edn y Atocha por Las Rozas-Pr\u00edncipe P\u00edo.<\/p>\n<\/blockquote>\n<p><strong>C10 (Villalba-Las Rozas-Pr\u00edncipe P\u00edo Atocha-Chamart\u00edn-Fuente de la Mora) <\/strong><\/p>\n<blockquote>\n<p>Los trenes de Villalba  finalizar\u00e1n su recorrido en Atocha. Y los trenes de Fuente de la Mora iniciar\u00e1n\/finalizar\u00e1n su recorrido en Chamart\u00edn.<\/p>\n<\/blockquote>\n<h2 id=\"plan\">Autob\u00fas<\/h2>\n<blockquote>\n<p>Se pondr\u00e1 en servicio un autob\u00fas gratuito de la EMT entre Atocha y Recoletos y viceversa, que circular\u00e1 con una frecuencia de entre 6 y 12 minutos, en funci\u00f3n del d\u00eda de la semana y de si es hora punta o valle.<\/p>\n<\/blockquote>\n<p>Foto: Vida de Madrid<\/p>\n","protected":false},"excerpt":{"rendered":"<p>Despu\u00e9s del cierre de L\u00ednea 1&#8230;<\/p>\n","protected":false},"author":1,"featured_media":4211,"comment_status":"open","ping_status":"open","sticky":false,"template":"","format":"standard","meta":{"footnotes":""},"categories":[23],"tags":[],"class_list":{"0":"post-4209","1":"post","2":"type-post","3":"status-publish","4":"format-standard","5":"has-post-thumbnail","7":"category-transportes-huelgas-madrid"},"_links":{"self":[{"href":"https:\/\/www.vidademadrid.com\/es\/wp-json\/wp\/v2\/posts\/4209","targetHints":{"allow":["GET"]}}],"collection":[{"href":"https:\/\/www.vidademadrid.com\/es\/wp-json\/wp\/v2\/posts"}],"about":[{"href":"https:\/\/www.vidademadrid.com\/es\/wp-json\/wp\/v2\/types\/post"}],"author":[{"embeddable":true,"href":"https:\/\/www.vidademadrid.com\/es\/wp-json\/wp\/v2\/users\/1"}],"replies":[{"embeddable":true,"href":"https:\/\/www.vidademadrid.com\/es\/wp-json\/wp\/v2\/comments?post=4209"}],"version-history":[{"count":6,"href":"https:\/\/www.vidademadrid.com\/es\/wp-json\/wp\/v2\/posts\/4209\/revisions"}],"predecessor-version":[{"id":4220,"href":"https:\/\/www.vidademadrid.com\/es\/wp-json\/wp\/v2\/posts\/4209\/revisions\/4220"}],"wp:featuredmedia":[{"embeddable":true,"href":"https:\/\/www.vidademadrid.com\/es\/wp-json\/wp\/v2\/media\/4211"}],"wp:attachment":[{"href":"https:\/\/www.vidademadrid.com\/es\/wp-json\/wp\/v2\/media?parent=4209"}],"wp:term":[{"taxonomy":"category","embeddable":true,"href":"https:\/\/www.vidademadrid.com\/es\/wp-json\/wp\/v2\/categories?post=4209"},{"taxonomy":"post_tag","embeddable":true,"href":"https:\/\/www.vidademadrid.com\/es\/wp-json\/wp\/v2\/tags?post=4209"}],"curies":[{"name":"wp","href":"https:\/\/api.w.org\/{rel}","templated":true}]}}