{"id":42067,"date":"2022-05-13T11:20:24","date_gmt":"2022-05-13T09:20:24","guid":{"rendered":"https:\/\/www.vidademadrid.com\/es\/?p=42067"},"modified":"2022-05-23T15:21:48","modified_gmt":"2022-05-23T13:21:48","slug":"noche-museos-2022-programas-actividades-gratuitas","status":"publish","type":"post","link":"https:\/\/www.vidademadrid.com\/es\/42067\/noche-museos-2022-programas-actividades-gratuitas\/","title":{"rendered":"Esta es la programaci\u00f3n para la Noche de los Museos 2022"},"content":{"rendered":"<p>La&nbsp;<strong>Noche de los Museos&nbsp;<\/strong>es una actividad por el <strong>D\u00eda Internacional de los Museos <\/strong>que busca acercar a los visitantes a la cultura. Durante esta jornada, distintos museos abren sus puertas durante la<strong>&nbsp;noche<\/strong> con distintas actividades. Conoce toda la informaci\u00f3n en este art\u00edculo.<\/p>\n<h2>La Noche de los Museos 2022<\/h2>\n<p><script async=\"\" src=\"https:\/\/pagead2.googlesyndication.com\/pagead\/js\/adsbygoogle.js\"><\/script> <ins class=\"adsbygoogle\" style=\"display: block;\" data-ad-format=\"fluid\" data-ad-layout-key=\"-7f+eo+1+2-5\" data-ad-client=\"ca-pub-7450064428034605\" data-ad-slot=\"7327027071\"><\/ins><script>(adsbygoogle = window.adsbygoogle || []).push({});<\/script><\/p>\n<p>Cada 18 de mayo, se celebra el&nbsp;<strong>D\u00eda Internacional de los Museos&nbsp;<\/strong>para impulsar las visitas en los museos y sensibilizar al p\u00fablico sobre el papel de estas instituciones en el desarrollo cultural y colaboraci\u00f3n entre los pueblos. Durante ese d\u00eda, se ofrecen distintas actividades y entradas gratuitas.<\/p>\n<p>As\u00ed mismo, el&nbsp;<strong>s\u00e1bado 21 de mayo&nbsp;<\/strong>se celebra&nbsp;<strong>La Noche de los Museos&nbsp;<\/strong>en la que los museos abrir\u00e1n sus puertas durante la noche de ese d\u00eda. Aqu\u00ed te contamos las actividades que se han confirmado para esta jornada.<\/p>\n<h2>Programa La Noche de los Museos 2022<\/h2>\n<p><script async=\"\" src=\"https:\/\/pagead2.googlesyndication.com\/pagead\/js\/adsbygoogle.js\"><\/script> <ins class=\"adsbygoogle\" style=\"display: block; text-align: center;\" data-ad-layout=\"in-article\" data-ad-format=\"fluid\" data-ad-client=\"ca-pub-7450064428034605\" data-ad-slot=\"5670045061\"><\/ins> <script>(adsbygoogle = window.adsbygoogle || []).push({});<\/script><\/p>\n<ul>\n<li>El<strong> Museo del Prado<\/strong> abrir\u00e1 su&nbsp;<strong>Galer\u00eda Central&nbsp;<\/strong>y la que ser\u00e1 recientemente inaugurada&nbsp;<strong>Galer\u00eda J\u00f3nica&nbsp;<\/strong>de <strong>20:30 a 00:30 horas.&nbsp;<\/strong>El \u00faltimo acceso ser\u00e1 a las 0:00 horas. Durante esta noche, se podr\u00e1 disfrutar de&nbsp;<em>Pinceladas sonoras,<\/em> la interpretaci\u00f3n musical para piano,&nbsp;de 21 a 23 horas.<\/li>\n<li>El&nbsp;<strong>Museo Nacional de Antropolog\u00eda <\/strong>presenta su instalaci\u00f3n sonora&nbsp;<em>El rugido del volc\u00e1n. Cara a cara con la erupci\u00f3n de Cumbre Vieja, La Palma&nbsp;<\/em>creada por Carlos de Hita que reproduce las voces, y magnitudes, del volc\u00e1n de Cumbre Vieja de La Palma. Esta actividad es&nbsp;<strong>gratuita&nbsp;<\/strong>y tiene pases de entrada a las 20:30, 21:30, 22:30 y 23:30 horas. Tambi\u00e9n podr\u00e1s visitar la&nbsp;<strong>exposici\u00f3n permanente y temporales<\/strong> del museo.<\/li>\n<li>El&nbsp;<strong>Museo del traje&nbsp;<\/strong>se podr\u00e1 visitar gratuitamente hasta la medianoche.<\/li>\n<li><strong>Concierto por la Noche de los Museos 2022.&nbsp;<\/strong>Este concierto de La Banda del \u00c1ngel Ca\u00eddo formada por Fernando Bern\u00e1 Nano, Jorge Est\u00e9vez, Christian P\u00e9rez y Pau Sanmart\u00edn que tocar\u00e1n una mezcla de cl\u00e1sicos de la \u00e9poca dorada del swing con otros m\u00e1s modernos. Este evento ser\u00e1 a las&nbsp;<strong>20 horas en el Museo de Arte Contempor\u00e1neo de Madrid.&nbsp;<\/strong><\/li>\n<li>El&nbsp;<strong>Museo del Templo de Debod&nbsp;<\/strong>abrir\u00e1 sus puertas hasta las 0:00 horas.<\/li>\n<\/ul>\n","protected":false},"excerpt":{"rendered":"<p>Habr\u00e1 tambi\u00e9n un concierto gratuito. <\/p>\n","protected":false},"author":15,"featured_media":42068,"comment_status":"open","ping_status":"open","sticky":false,"template":"","format":"standard","meta":{"footnotes":""},"categories":[111],"tags":[],"class_list":{"0":"post-42067","1":"post","2":"type-post","3":"status-publish","4":"format-standard","5":"has-post-thumbnail","7":"category-exposiciones-madrid"},"_links":{"self":[{"href":"https:\/\/www.vidademadrid.com\/es\/wp-json\/wp\/v2\/posts\/42067","targetHints":{"allow":["GET"]}}],"collection":[{"href":"https:\/\/www.vidademadrid.com\/es\/wp-json\/wp\/v2\/posts"}],"about":[{"href":"https:\/\/www.vidademadrid.com\/es\/wp-json\/wp\/v2\/types\/post"}],"author":[{"embeddable":true,"href":"https:\/\/www.vidademadrid.com\/es\/wp-json\/wp\/v2\/users\/15"}],"replies":[{"embeddable":true,"href":"https:\/\/www.vidademadrid.com\/es\/wp-json\/wp\/v2\/comments?post=42067"}],"version-history":[{"count":4,"href":"https:\/\/www.vidademadrid.com\/es\/wp-json\/wp\/v2\/posts\/42067\/revisions"}],"predecessor-version":[{"id":42283,"href":"https:\/\/www.vidademadrid.com\/es\/wp-json\/wp\/v2\/posts\/42067\/revisions\/42283"}],"wp:featuredmedia":[{"embeddable":true,"href":"https:\/\/www.vidademadrid.com\/es\/wp-json\/wp\/v2\/media\/42068"}],"wp:attachment":[{"href":"https:\/\/www.vidademadrid.com\/es\/wp-json\/wp\/v2\/media?parent=42067"}],"wp:term":[{"taxonomy":"category","embeddable":true,"href":"https:\/\/www.vidademadrid.com\/es\/wp-json\/wp\/v2\/categories?post=42067"},{"taxonomy":"post_tag","embeddable":true,"href":"https:\/\/www.vidademadrid.com\/es\/wp-json\/wp\/v2\/tags?post=42067"}],"curies":[{"name":"wp","href":"https:\/\/api.w.org\/{rel}","templated":true}]}}