{"id":42036,"date":"2022-05-12T12:24:40","date_gmt":"2022-05-12T10:24:40","guid":{"rendered":"https:\/\/www.vidademadrid.com\/es\/?p=42036"},"modified":"2022-05-16T23:51:08","modified_gmt":"2022-05-16T21:51:08","slug":"concurso-rosas-nuevas-rosaleda-parque-del-oeste-votacion-2022","status":"publish","type":"post","link":"https:\/\/www.vidademadrid.com\/es\/42036\/concurso-rosas-nuevas-rosaleda-parque-del-oeste-votacion-2022\/","title":{"rendered":"Empieza el Concurso Rosas Nuevas para elegir la rosa m\u00e1s bonita de Madrid"},"content":{"rendered":"<p>La&nbsp;<strong>Rosaleda del Parque del Oeste&nbsp;<\/strong>celebra la edici\u00f3n 66\u00ba del&nbsp;<strong>Concurso Internacional Rosas Nuevas Villa de Madrid&nbsp;<\/strong>en la que se elegir\u00e1 la rosa m\u00e1s bonita. Los visitantes podr\u00e1n ver las distintas variedades de rosas y votar por su favorita. Conoce en este art\u00edculo toda la informaci\u00f3n.&nbsp;<\/p>\n<h2>66\u00ba Concurso Internacional Rosas Nuevas Villa de Madrid&nbsp;<\/h2>\n\n<script async=\"\" src=\"https:\/\/pagead2.googlesyndication.com\/pagead\/js\/adsbygoogle.js\"><\/script> <ins class=\"adsbygoogle\" style=\"display:block\" data-ad-format=\"fluid\" data-ad-layout-key=\"-7f+eo+1+2-5\" data-ad-client=\"ca-pub-7450064428034605\" data-ad-slot=\"7327027071\"><\/ins><script>(adsbygoogle = window.adsbygoogle || []).push({});<\/script>\n\n\n<p>Un a\u00f1o m\u00e1s, el&nbsp;<strong>Concurso Internacional Rosas Nuevas Villa de Madrid&nbsp;<\/strong>elegir\u00e1 la rosa m\u00e1s bonita de Madrid. Desde el&nbsp;<strong>13 de mayo y hasta el d\u00eda 18&nbsp;<\/strong>se celebra el&nbsp;<strong>Concurso Popular&nbsp;<\/strong>en el que los visitantes&nbsp;<strong>podr\u00e1n elegir a su rosal preferido<\/strong>. La votaci\u00f3n se realiza mediante este <a href=\"https:\/\/concursopopular.concursorosasmadrid.com\/\">enlace<\/a>.&nbsp;<\/p>\n<p>Este a\u00f1o, participan 79 variedades nuevas de rosas de siete pa\u00edses diferentes: Alemania, B\u00e9lgica, Dinamarca, Espa\u00f1a, Estados Unidos, Francia e Italia.&nbsp;<\/p>\n<p>Adem\u00e1s, la Comisi\u00f3n Permanente de Expertos elegir\u00e1 el rosal ganador el&nbsp;<strong>20 de mayo.&nbsp;<\/strong>Entre los premios que se otorgan destacan las medallas de oro, plata y bronce; el Premio al Mejor Perfume y a la Mejor Variedad Espa\u00f1ola. Los ejemplares premiados&nbsp;<strong>pasan a engrosar la colecci\u00f3n de la Rosaleda del Parque del Oeste.&nbsp;<\/strong><\/p>\n<h2>La Rosaleda del Parque del Oeste<\/h2>\n\n<script async=\"\" src=\"https:\/\/pagead2.googlesyndication.com\/pagead\/js\/adsbygoogle.js\"><\/script> <ins class=\"adsbygoogle\" style=\"display:block; text-align:center;\" data-ad-layout=\"in-article\" data-ad-format=\"fluid\" data-ad-client=\"ca-pub-7450064428034605\" data-ad-slot=\"5670045061\"><\/ins> <script>(adsbygoogle = window.adsbygoogle || []).push({});<\/script>\n\n\n<p>Creada en 1955, la&nbsp;<strong>Rosaleda del Parque del Oeste <\/strong>ha sido sede de diversas exposiciones de arte floral y jardinero y se ha convertido en referentes de la Feria de la Flor y de la Planta que se celebraron a\u00f1os despu\u00e9s en los paseos de Recoletos, Prado y los jardines del Buen Retiro.<\/p>\n<p>En el a\u00f1o 2006, gan\u00f3 el distintivo de <strong>Jard\u00edn de M\u00e9rito Internacional<\/strong>, otorgado por la World Federation of Rose Societies por su destacada calidad, singuralidad y belleza. En ella se encuentran alrededor de&nbsp;<strong>20 mil rosales,&nbsp;<\/strong>que representan&nbsp;<strong>650 variedades de rosas.&nbsp;<\/strong><\/p>\n\n\n<p><\/p>\n","protected":false},"excerpt":{"rendered":"<p>Se podr\u00e1n visitar hasta el 18 de mayo. <\/p>\n","protected":false},"author":15,"featured_media":42037,"comment_status":"open","ping_status":"open","sticky":false,"template":"","format":"standard","meta":{"footnotes":""},"categories":[101,115],"tags":[],"class_list":{"0":"post-42036","1":"post","2":"type-post","3":"status-publish","4":"format-standard","5":"has-post-thumbnail","7":"category-ferias-fiestas-mercados-madrid","8":"category-planes-del-momento-madrid"},"_links":{"self":[{"href":"https:\/\/www.vidademadrid.com\/es\/wp-json\/wp\/v2\/posts\/42036","targetHints":{"allow":["GET"]}}],"collection":[{"href":"https:\/\/www.vidademadrid.com\/es\/wp-json\/wp\/v2\/posts"}],"about":[{"href":"https:\/\/www.vidademadrid.com\/es\/wp-json\/wp\/v2\/types\/post"}],"author":[{"embeddable":true,"href":"https:\/\/www.vidademadrid.com\/es\/wp-json\/wp\/v2\/users\/15"}],"replies":[{"embeddable":true,"href":"https:\/\/www.vidademadrid.com\/es\/wp-json\/wp\/v2\/comments?post=42036"}],"version-history":[{"count":1,"href":"https:\/\/www.vidademadrid.com\/es\/wp-json\/wp\/v2\/posts\/42036\/revisions"}],"predecessor-version":[{"id":42038,"href":"https:\/\/www.vidademadrid.com\/es\/wp-json\/wp\/v2\/posts\/42036\/revisions\/42038"}],"wp:featuredmedia":[{"embeddable":true,"href":"https:\/\/www.vidademadrid.com\/es\/wp-json\/wp\/v2\/media\/42037"}],"wp:attachment":[{"href":"https:\/\/www.vidademadrid.com\/es\/wp-json\/wp\/v2\/media?parent=42036"}],"wp:term":[{"taxonomy":"category","embeddable":true,"href":"https:\/\/www.vidademadrid.com\/es\/wp-json\/wp\/v2\/categories?post=42036"},{"taxonomy":"post_tag","embeddable":true,"href":"https:\/\/www.vidademadrid.com\/es\/wp-json\/wp\/v2\/tags?post=42036"}],"curies":[{"name":"wp","href":"https:\/\/api.w.org\/{rel}","templated":true}]}}