{"id":41988,"date":"2022-05-10T17:57:51","date_gmt":"2022-05-10T15:57:51","guid":{"rendered":"https:\/\/www.vidademadrid.com\/es\/?p=41988"},"modified":"2022-05-10T19:50:51","modified_gmt":"2022-05-10T17:50:51","slug":"aitana-pelicula-netflix-donde-se-graba-calles-madrid","status":"publish","type":"post","link":"https:\/\/www.vidademadrid.com\/es\/41988\/aitana-pelicula-netflix-donde-se-graba-calles-madrid\/","title":{"rendered":"La Latina, el primer barrio protagonista de la pel\u00edcula de Aitana para Netflix"},"content":{"rendered":"\n<p>Netflix Espa\u00f1a ha anunciado que <strong>Aitana<\/strong> ser\u00e1 la protagonista de su pr\u00f3xima pel\u00edcula. La artista compartir\u00e1 c\u00e1mara con las <strong>calles de Madrid<\/strong>. Nosotros nos acercamos a la primera ubicaci\u00f3n donde desde ayer mismo, 9 de mayo, empezaron a grabar. Sigue leyendo y descubre el <strong>primer lugar de rodaje<\/strong>. <\/p>\n\n\n\n<h2 class=\"wp-block-heading\">Aitana, protagonista de la pr\u00f3xima pel\u00edcula de Netflix &nbsp;<\/h2>\n\n\n\n<script async=\"\" src=\"https:\/\/pagead2.googlesyndication.com\/pagead\/js\/adsbygoogle.js\"><\/script> <ins class=\"adsbygoogle\" style=\"display:block\" data-ad-format=\"fluid\" data-ad-layout-key=\"-7f+eo+1+2-5\" data-ad-client=\"ca-pub-7450064428034605\" data-ad-slot=\"7327027071\"><\/ins><script>(adsbygoogle = window.adsbygoogle || []).push({});<\/script>\n\n\n\n<p>Aitana Oca\u00f1a anunciaba ayer 9 de mayo en sus redes sociales que protagonizar\u00e1 la <strong>nueva pel\u00edcula de Netflix<\/strong> junto a Fernando Guallar (que ha aparecido en series como Velvel o el Juego de las Llaves). Un rodaje que por el momento se conoce que contar\u00e1 tambi\u00e9n con actores como Adam Jezierski (F\u00edsica o Qu\u00edmica), Paco Tous (La Casa de Papel) y Miguel \u00c1ngel Mu\u00f1oz.&nbsp;<\/p>\n\n\n\n<p>Pero eso no es todo, <strong>la pel\u00edcula tendr\u00e1 como gran protagonista a las calles de Madrid<\/strong>. Tal y como informaba Netflix Espa\u00f1a y Aitana, ya han comenzado los rodajes y ser\u00e1 muy probable que veamos a este gran reparto en los distintos barrios madrile\u00f1os.&nbsp;Las calles de nuestra ciudad vivir\u00e1n en primera persona la historia de una joven pianista (Aitana) que prepara una audici\u00f3n y su antip\u00e1tico vecino (Fernando Guallar) creador de juegos.&nbsp;<\/p>\n\n\n\n<figure class=\"wp-block-embed is-type-rich is-provider-twitter wp-block-embed-twitter\"><div class=\"wp-block-embed__wrapper\">\n<blockquote class=\"twitter-tweet\" data-width=\"550\" data-dnt=\"true\"><p lang=\"es\" dir=\"ltr\">Estamos as\u00ed??? porque el rodaje de la primera peli de Aitana ya ha comenzado en Madrid. Contar\u00e1 la historia de una joven pianista y su antip\u00e1tico vecino (Fernando Guallar), que necesita silencio absoluto para trabajar. <a href=\"https:\/\/t.co\/Kep8w7RB4v\">pic.twitter.com\/Kep8w7RB4v<\/a><\/p>&mdash; Netflix Espa\u00f1a (@NetflixES) <a href=\"https:\/\/twitter.com\/NetflixES\/status\/1523650253316141056?ref_src=twsrc%5Etfw\">May 9, 2022<\/a><\/blockquote><script async src=\"https:\/\/platform.twitter.com\/widgets.js\" charset=\"utf-8\"><\/script>\n<\/div><\/figure>\n\n\n\n<script async=\"\" src=\"https:\/\/pagead2.googlesyndication.com\/pagead\/js\/adsbygoogle.js\"><\/script> <ins class=\"adsbygoogle\" style=\"display:block; text-align:center;\" data-ad-layout=\"in-article\" data-ad-format=\"fluid\" data-ad-client=\"ca-pub-7450064428034605\" data-ad-slot=\"5670045061\"><\/ins> <script>(adsbygoogle = window.adsbygoogle || []).push({});<\/script>\n\n\n\n<h2 class=\"wp-block-heading\">La Latina, primer escenario de la pel\u00edcula de Aitana&nbsp;<\/h2>\n\n\n\n<p>Nosotros no nos hemos podido aguantar y nos acercamos por la noche al lugar donde se ha grabado la escena con la que se ha anunciado el lanzamiento de la pel\u00edcula. Se trata de una calle del <strong>barrio de La Latina<\/strong>, en concreto la <strong>calle de los Mancebos, 3. <\/strong>Estaremos muy atentos de los pr\u00f3ximas ubicaciones de rodaje.&nbsp;<\/p>\n\n\n\n<figure class=\"wp-block-image size-large td-caption-align-https:\/\/www.vidademadrid.com\/es\/wp-content\/uploads\/2022\/05\/IMG_0660-scaled.jpg\"><a href=\"https:\/\/www.vidademadrid.com\/es\/wp-content\/uploads\/2022\/05\/IMG_0660-scaled.jpg\"><img loading=\"lazy\" decoding=\"async\" width=\"1024\" height=\"768\" src=\"https:\/\/www.vidademadrid.com\/es\/wp-content\/uploads\/2022\/05\/IMG_0660-1024x768.jpg\" alt=\"\" class=\"wp-image-41993\" srcset=\"https:\/\/www.vidademadrid.com\/es\/wp-content\/uploads\/2022\/05\/IMG_0660-1024x768.jpg 1024w, https:\/\/www.vidademadrid.com\/es\/wp-content\/uploads\/2022\/05\/IMG_0660-300x225.jpg 300w, https:\/\/www.vidademadrid.com\/es\/wp-content\/uploads\/2022\/05\/IMG_0660-768x576.jpg 768w, https:\/\/www.vidademadrid.com\/es\/wp-content\/uploads\/2022\/05\/IMG_0660-1536x1152.jpg 1536w, https:\/\/www.vidademadrid.com\/es\/wp-content\/uploads\/2022\/05\/IMG_0660-2048x1536.jpg 2048w, https:\/\/www.vidademadrid.com\/es\/wp-content\/uploads\/2022\/05\/IMG_0660-696x522.jpg 696w, https:\/\/www.vidademadrid.com\/es\/wp-content\/uploads\/2022\/05\/IMG_0660-1068x801.jpg 1068w, https:\/\/www.vidademadrid.com\/es\/wp-content\/uploads\/2022\/05\/IMG_0660-1920x1440.jpg 1920w, https:\/\/www.vidademadrid.com\/es\/wp-content\/uploads\/2022\/05\/IMG_0660-560x420.jpg 560w, https:\/\/www.vidademadrid.com\/es\/wp-content\/uploads\/2022\/05\/IMG_0660-80x60.jpg 80w, https:\/\/www.vidademadrid.com\/es\/wp-content\/uploads\/2022\/05\/IMG_0660-265x198.jpg 265w\" sizes=\"auto, (max-width: 1024px) 100vw, 1024px\" \/><\/a><figcaption>Calle de los Mancebos, 3 por la noche. Foto: Vida de Madrid<\/figcaption><\/figure>\n\n\n\n<p><\/p>\n","protected":false},"excerpt":{"rendered":"<p>Te descubrimos la calle exacta <\/p>\n","protected":false},"author":13,"featured_media":41991,"comment_status":"open","ping_status":"open","sticky":false,"template":"","format":"standard","meta":{"footnotes":""},"categories":[85],"tags":[],"class_list":{"0":"post-41988","1":"post","2":"type-post","3":"status-publish","4":"format-standard","5":"has-post-thumbnail","7":"category-cine-series-television"},"_links":{"self":[{"href":"https:\/\/www.vidademadrid.com\/es\/wp-json\/wp\/v2\/posts\/41988","targetHints":{"allow":["GET"]}}],"collection":[{"href":"https:\/\/www.vidademadrid.com\/es\/wp-json\/wp\/v2\/posts"}],"about":[{"href":"https:\/\/www.vidademadrid.com\/es\/wp-json\/wp\/v2\/types\/post"}],"author":[{"embeddable":true,"href":"https:\/\/www.vidademadrid.com\/es\/wp-json\/wp\/v2\/users\/13"}],"replies":[{"embeddable":true,"href":"https:\/\/www.vidademadrid.com\/es\/wp-json\/wp\/v2\/comments?post=41988"}],"version-history":[{"count":8,"href":"https:\/\/www.vidademadrid.com\/es\/wp-json\/wp\/v2\/posts\/41988\/revisions"}],"predecessor-version":[{"id":41999,"href":"https:\/\/www.vidademadrid.com\/es\/wp-json\/wp\/v2\/posts\/41988\/revisions\/41999"}],"wp:featuredmedia":[{"embeddable":true,"href":"https:\/\/www.vidademadrid.com\/es\/wp-json\/wp\/v2\/media\/41991"}],"wp:attachment":[{"href":"https:\/\/www.vidademadrid.com\/es\/wp-json\/wp\/v2\/media?parent=41988"}],"wp:term":[{"taxonomy":"category","embeddable":true,"href":"https:\/\/www.vidademadrid.com\/es\/wp-json\/wp\/v2\/categories?post=41988"},{"taxonomy":"post_tag","embeddable":true,"href":"https:\/\/www.vidademadrid.com\/es\/wp-json\/wp\/v2\/tags?post=41988"}],"curies":[{"name":"wp","href":"https:\/\/api.w.org\/{rel}","templated":true}]}}