{"id":41885,"date":"2022-05-04T17:17:30","date_gmt":"2022-05-04T15:17:30","guid":{"rendered":"https:\/\/www.vidademadrid.com\/es\/?p=41885"},"modified":"2022-05-04T17:17:33","modified_gmt":"2022-05-04T15:17:33","slug":"exposicion-temporal-madrid-museo-arqueologico-regional","status":"publish","type":"post","link":"https:\/\/www.vidademadrid.com\/es\/41885\/exposicion-temporal-madrid-museo-arqueologico-regional\/","title":{"rendered":"El Museo Arqueol\u00f3gico Regional inaugura una nueva exposici\u00f3n sobre Madrid en tiempos de Roma"},"content":{"rendered":"\n<p><strong>El MAR (Museo Arqueol\u00f3gico Regional<\/strong>) presenta una colecci\u00f3n sobre <strong>Madrid en tiempos de Roma<\/strong> con piezas, v\u00eddeos y textos que nos ayudan a imaginar la vida en la ciudad durante la \u00e9poca romana. Te lo contamos todo en este art\u00edculo.<\/p>\n\n\n\n<script async src=\"https:\/\/pagead2.googlesyndication.com\/pagead\/js\/adsbygoogle.js\"><\/script> <ins class=\"adsbygoogle\"  style=\"display:block\" data-ad-format=\"fluid\" data-ad-layout-key=\"-7f+eo+1+2-5\" data-ad-client=\"ca-pub-7450064428034605\" data-ad-slot=\"7327027071\"><\/ins><script>(adsbygoogle = window.adsbygoogle || []).push({});<\/script>\n\n\n\n<h2 class=\"wp-block-heading\">Nueva exposici\u00f3n del Museo Arqueol\u00f3gico Regional<\/h2>\n\n\n\n<p>Para imaginar c\u00f3mo era Madrid en \u00e9poca de romanos, llega la nueva exposici\u00f3n del Museo Regional bajo el nombre de&nbsp;<i><strong>Tempus romae. Madrid, encuentro de caminos<\/strong>. <\/i>Este museo ubicado en Alcal\u00e1 de&nbsp;Henares presenta un recorrido por alrededor de <strong>700 piezas, acompa\u00f1adas de v\u00eddeos y textos<\/strong> que reflejan las formas de vida en la regi\u00f3n durante la era romana.<\/p>\n\n\n\n<p>Las piezas que conforman la colecci\u00f3n provienen de los <strong>yacimientos de Carabanchel y de la Villa de Villaverde<\/strong> con algunos objetos tambi\u00e9n de Valdetorres de Jarama&nbsp;y de la propia ciudad de&nbsp;Complutum, en Alcal\u00e1 de Henares.<\/p>\n\n\n\n<p>Tambi\u00e9n se muestra en esta exposici\u00f3n la forma de actuaci\u00f3n que Roma introduce en la regi\u00f3n madrile\u00f1a en cuestiones relativas a la explotaci\u00f3n de los recursos naturales, as\u00ed como de nuevas t\u00e9cnicas aplicadas a la econom\u00eda agropecuaria tradicional que permitieron incrementar la riqueza de las f\u00e9rtiles tierras del Madrid de entonces.&nbsp;<\/p>\n\n\n\n<script async src=\"https:\/\/pagead2.googlesyndication.com\/pagead\/js\/adsbygoogle.js\"><\/script> <ins class=\"adsbygoogle\" style=\"display:block; text-align:center;\" data-ad-layout=\"in-article\" data-ad-format=\"fluid\" data-ad-client=\"ca-pub-7450064428034605\" data-ad-slot=\"5670045061\"><\/ins> <script>(adsbygoogle = window.adsbygoogle || []).push({});<\/script>\n\n\n\n<h2 class=\"wp-block-heading\">Horario y entradas de Tempus romae. Madrid, encuentro de caminos.<\/h2>\n\n\n\n<p>Esta exposici\u00f3n <strong>se inaugur\u00f3 ayer 3 de mayo<\/strong> y estar\u00e1 disponible hasta el 8 de enero de 2023. El horario de visita es de martes a s\u00e1bado: de 11 a 19 horas; Domingos y festivos: de 11 a 15 horas; Lunes cerrado. La <strong>entrada es gratuita<\/strong>. Para m\u00e1s informaci\u00f3n puedes consultar la <a href=\"http:\/\/www.madrid.org\/cs\/Satellite?language=es&amp;pagename=Museos%2FPage%2FMUSE_home\">p\u00e1gina web del Museo<\/a>.&nbsp;<\/p>\n\n\n\n<figure class=\"wp-block-embed is-type-rich is-provider-twitter wp-block-embed-twitter\"><div class=\"wp-block-embed__wrapper\">\n<blockquote class=\"twitter-tweet\" data-width=\"550\" data-dnt=\"true\"><p lang=\"es\" dir=\"ltr\">Tras vivir <a href=\"https:\/\/twitter.com\/hashtag\/ComplutumRenacida?src=hash&amp;ref_src=twsrc%5Etfw\">#ComplutumRenacida<\/a>, cita con nuestra historia en el Museo Arqueol\u00f3gico Regional: &quot;Tempus Romae. Encuentro de caminos&quot;. Hoy hemos tenido el gusto de inaugurar esta gran exposici\u00f3n. Enhorabuena a todos sus organizadores por su esfuerzo y trabajo. <a href=\"https:\/\/t.co\/ijM8EcOolE\">pic.twitter.com\/ijM8EcOolE<\/a><\/p>&mdash; Javier R. Palacios (@javiRpalacios) <a href=\"https:\/\/twitter.com\/javiRpalacios\/status\/1521500727360856065?ref_src=twsrc%5Etfw\">May 3, 2022<\/a><\/blockquote><script async src=\"https:\/\/platform.twitter.com\/widgets.js\" charset=\"utf-8\"><\/script>\n<\/div><\/figure>\n","protected":false},"excerpt":{"rendered":"<p>Con alrededor de 700 piezas, v\u00eddeos y textos<\/p>\n","protected":false},"author":13,"featured_media":41893,"comment_status":"open","ping_status":"open","sticky":false,"template":"","format":"standard","meta":{"footnotes":""},"categories":[111,3],"tags":[],"class_list":{"0":"post-41885","1":"post","2":"type-post","3":"status-publish","4":"format-standard","5":"has-post-thumbnail","7":"category-exposiciones-madrid","8":"category-visita-madrid"},"_links":{"self":[{"href":"https:\/\/www.vidademadrid.com\/es\/wp-json\/wp\/v2\/posts\/41885","targetHints":{"allow":["GET"]}}],"collection":[{"href":"https:\/\/www.vidademadrid.com\/es\/wp-json\/wp\/v2\/posts"}],"about":[{"href":"https:\/\/www.vidademadrid.com\/es\/wp-json\/wp\/v2\/types\/post"}],"author":[{"embeddable":true,"href":"https:\/\/www.vidademadrid.com\/es\/wp-json\/wp\/v2\/users\/13"}],"replies":[{"embeddable":true,"href":"https:\/\/www.vidademadrid.com\/es\/wp-json\/wp\/v2\/comments?post=41885"}],"version-history":[{"count":4,"href":"https:\/\/www.vidademadrid.com\/es\/wp-json\/wp\/v2\/posts\/41885\/revisions"}],"predecessor-version":[{"id":41895,"href":"https:\/\/www.vidademadrid.com\/es\/wp-json\/wp\/v2\/posts\/41885\/revisions\/41895"}],"wp:featuredmedia":[{"embeddable":true,"href":"https:\/\/www.vidademadrid.com\/es\/wp-json\/wp\/v2\/media\/41893"}],"wp:attachment":[{"href":"https:\/\/www.vidademadrid.com\/es\/wp-json\/wp\/v2\/media?parent=41885"}],"wp:term":[{"taxonomy":"category","embeddable":true,"href":"https:\/\/www.vidademadrid.com\/es\/wp-json\/wp\/v2\/categories?post=41885"},{"taxonomy":"post_tag","embeddable":true,"href":"https:\/\/www.vidademadrid.com\/es\/wp-json\/wp\/v2\/tags?post=41885"}],"curies":[{"name":"wp","href":"https:\/\/api.w.org\/{rel}","templated":true}]}}