{"id":41796,"date":"2022-05-02T18:51:33","date_gmt":"2022-05-02T16:51:33","guid":{"rendered":"https:\/\/www.vidademadrid.com\/es\/?p=41796"},"modified":"2022-05-27T12:28:01","modified_gmt":"2022-05-27T10:28:01","slug":"agenda-mayo-2022-madrid","status":"publish","type":"post","link":"https:\/\/www.vidademadrid.com\/es\/41796\/agenda-mayo-2022-madrid\/","title":{"rendered":"Agenda de mayo 2022 en Madrid"},"content":{"rendered":"<p>Bienvenidos a la <strong>agenda de mayo 2022<\/strong> en <strong>Madrid<\/strong> preparada y actualizada todos los d\u00edas por la redacci\u00f3n de <em>Vida de Madrid<\/em>. Aqu\u00ed vais a encontrar todos los mejores planes para hacer y eventos de este mes en Madrid, con las fiestas de San Isidro y muchas m\u00e1s actividades y eventos en programa.<\/p>\n<p>Consulta a continuaci\u00f3n el listado de los eventos por d\u00eda, y luego los planes activos durante todo el mes de mayo 2022 en Madrid. Recuerda que puedes volver siempre aqu\u00ed facilmente pinchando su \u00abAgenda\u00bb desde el men\u00fa en todas las p\u00e1ginas de Vida de Madrid, o acceder directamente en <a href=\"http:\/\/vidademadrid.com\/agenda\"><em><strong>vidademadrid.com\/agenda<\/strong><\/em><\/a> .<\/p>\n<p>La agenda de mayo 2022 se actualiza todos los d\u00edas con nuevos planes: vuelve pronto y escr\u00edbenos a <em>info@vidademadrid.com<\/em> si quieres sugerir alg\u00fan plan que a\u00fan falta. (<em>Si quieres promocionar tu evento o actividad, escr\u00edbenos a publicidad@vidademadrid.com)<\/em><\/p>\n<h2>Agenda por d\u00eda de mayo 2022 en Madrid<\/h2>\n<ul>\n<li><strong>1<\/strong> de mayo: <a href=\"https:\/\/www.vidademadrid.com\/es\/41472\/madblue-2022-madrid-entradas-concierto-carrera\/\"><strong>MadBlue<\/strong>, el festival de innovaci\u00f3n, ciencia y cultura hacia el desarrollo sostenible, con concierto y carrera popular en el Parque Galv\u00e1n<\/a><\/li>\n<li><strong>Del 1 al 8<\/strong> de mayo: <a href=\"https:\/\/www.vidademadrid.com\/es\/38331\/exposicion-stanley-kubrick-circulo-bellas-artes-madrid\/\">\u00ab<strong>Stanley Kubrick. The Exhibition<\/strong>\u00bb en el C\u00edrculo de Bellas Artes<\/a><\/li>\n<li><strong>Del 1 al 15<\/strong> de mayo: <a href=\"https:\/\/www.vidademadrid.com\/es\/38162\/picasso-rostros-y-figuras-exposicion-real-academia-de-bellas-artes\/\"><strong>\u00abPicasso: rostros y figuras\u00bb<\/strong>\u00a0en la Real Academia de Bellas Artes de San Fernando<\/a><\/li>\n<li><strong>Del 1 al 16<\/strong> de mayo:\u00a0<a href=\"https:\/\/www.vidademadrid.com\/es\/41670\/feria-del-libro-antiguo-ocasion-madrid-fechas-horarios-2022\/\"><strong>Feria del Libro Antiguo y de Ocasi\u00f3n en Paseo de Recoletos<\/strong><\/a><\/li>\n<li><strong>Del 1 al 22<\/strong> de mayo: <a href=\"https:\/\/www.vidademadrid.com\/es\/39647\/hiperreal-trampantojo-exposicion-temporal-museo-thyssen-2022\/\"><strong>\u00abHiperreal. El arte del trampantojo\u00bb en el Thyssen<\/strong><\/a><\/li>\n<li><strong>Del 1 al 22<\/strong> de mayo: <a href=\"https:\/\/www.vidademadrid.com\/es\/41121\/casa-decor-2022-goya-89-fechas-horario-entradas\/\"><strong>Casa Decor 2022<\/strong><\/a><\/li>\n<li><strong>Del 1 al 22<\/strong> de mayo: <a href=\"https:\/\/www.vidademadrid.com\/es\/40585\/real-jardin-botanico-madrid-exposicion-codices-2022\/\">en el Real Jard\u00edn Bot\u00e1nico exposici\u00f3n con importantes c\u00f3dices ilustrados<\/a><\/li>\n<li><strong>Del 1 al 22<\/strong> de mayo:\u00a0<a href=\"https:\/\/www.vidademadrid.com\/es\/40662\/en-madrid-una-historia-de-la-moda-exposicion-sala-el-aguila-2022\/\"><em><strong>\u00abEn Madrid. Una historia de la moda, 1940-1970\u00bb<\/strong><\/em><\/a><\/li>\n<li><strong>Del 1 al 22<\/strong> de mayo:\u00a0<a href=\"https:\/\/www.vidademadrid.com\/es\/41653\/kinky-boots-musical-teatro-calderon-madrid-entradas-2022\/\"><strong>\u00abKinky Boots, el musical\u00bb en al Teatro Calder\u00f3n de Madrid<\/strong><\/a><\/li>\n<li><strong>1 y 2<\/strong> de mayo:\u00a0<a href=\"https:\/\/www.vidademadrid.com\/es\/41332\/feria-medieval-madrid-el-alamo-mercadillo-medieval-2022\/\"><strong>XXV Gran Feria Medieval de El \u00c1lamo<\/strong><\/a> &#8211; <a href=\"https:\/\/www.vidademadrid.com\/es\/41689\/feria-medieval-el-alamo-programa-madrid-2022\/\">consulta el programa completo<\/a><\/li>\n<li><strong>1 y 2<\/strong> de mayo: <a href=\"https:\/\/www.vidademadrid.com\/es\/41563\/complutum-renacida-romano-alcala-de-henares-2022\/\"><strong>Complutum Renacida 2022, el Mercado Romano en Alcal\u00e1 de Henares<\/strong><\/a><\/li>\n<li><strong>2<\/strong> de mayo: <a href=\"https:\/\/www.vidademadrid.com\/es\/41637\/2-de-mayo-dia-de-la-comunidad-de-madrid-programa-2022\/\"><strong>Celebraci\u00f3n del 2 de Mayo en Malasa\u00f1a y distintas localidades de la Comunidad de Madrid<\/strong><\/a><\/li>\n<li><strong>2<\/strong> de mayo: <a href=\"https:\/\/www.vidademadrid.com\/es\/41641\/dia-paella-loeches-2-de-mayo-conciertos-2022\/\">D\u00eda de la Paella de Loeches<\/a><\/li>\n<li><strong>3, 4 y 5<\/strong> de mayo: <a href=\"https:\/\/www.vidademadrid.com\/es\/41328\/fiesta-del-cine-entradas-madrid-2022\/\"><strong>Fiesta del Cine con entradas a 3,50 \u20ac<\/strong><\/a><\/li>\n<li><strong>Del 3<\/strong> de mayo: <a href=\"https:\/\/www.vidademadrid.com\/es\/41885\/exposicion-temporal-madrid-museo-arqueologico-regional\/\">En el Museo Arqueol\u00f3gico Regional (Alcal\u00e1 de Henares) la exposici\u00f3n \u00abTempus Romae. Encuentro de camino\u00bb<\/a> (hasta el 8 de enero 2023)<\/li>\n<li><strong>Del 4 al 28<\/strong> de mayo: <a href=\"https:\/\/www.vidademadrid.com\/es\/41869\/festival-mmmad-arte-digital-programa-entradas-2022\/\"><strong>MMMAD, el Festival Urbano de Arte Digital<\/strong><\/a><\/li>\n<li><strong>Del 4 al 29<\/strong> de mayo: <a href=\"https:\/\/www.vidademadrid.com\/es\/41817\/calle-2022-lavapies-festival-arte-programacion\/\"><strong>Festival C.A.L.L.E.<\/strong>, con 50 intervenciones art\u00edsticas en las calles de Lavapi\u00e9s<\/a><\/li>\n<li><strong>Del 5 al 8<\/strong> de mayo: BADA, Feria internacional de Arte Contempor\u00e1neo y digital (NFTs) en el Pabell\u00f3n Sat\u00e9lite de Casa de Campo. <a href=\"https:\/\/badamadrid.es\/\">Web<\/a><\/li>\n<li><strong>Del 6<\/strong> de mayo: exposici\u00f3n \u00abLos incre\u00edbles modelos del Dr. Auzoux\u00bb, m\u00e9dico que revolucion\u00f3 la ense\u00f1anza de la anatom\u00eda y las ciencias naturales, en el Centro de Arte Complutense (hasta el 11 de diciembre). <a href=\"https:\/\/eventos.ucm.es\/81724\/detail\/los-increibles-modelos-del-doctor-auzoux-observar-comprender-y-ensenar-la-naturaleza.html\">Web oficial<\/a><\/li>\n<li><strong>Del 6 al 8<\/strong> de mayo: <strong>Feria del Libro del distrito Latina<\/strong> en el Recinto Ferial del Parque Aluche. De 11 a 14.30 y de 16.30 a 21 h)<\/li>\n<li><strong>7<\/strong> de mayo: <a href=\"https:\/\/www.vidademadrid.com\/es\/41745\/survival-human-zombie-escape-room-inscripciones-retiro-2022\/\">Survival Human Zombie, escape room al aire libre en el distrito Retiro<\/a><\/li>\n<li><strong>7 y 8<\/strong> de mayo: <strong>Feria Internacional del Disco de Madrid<\/strong> en el Hotel Atocha (C\/M\u00e9ndez \u00c1lvaro 30). S 10-21 h, D 11-20 h. Entrada diaria 3 \u20ac<\/li>\n<li><strong>Del 7<\/strong> de mayo: <a href=\"https:\/\/www.vidademadrid.com\/es\/41682\/frida-kahlo-exposicion-casa-de-mexico-madrid-2022\/\">\u00abFrida Kahlo: alas para volar\u00bb, la nueva exposici\u00f3n de la Casa de M\u00e9xico en Espa\u00f1a<\/a> (hasta noviembre)<\/li>\n<li><strong>Del 7<\/strong> de mayo: <a href=\"https:\/\/www.vidademadrid.com\/es\/41876\/museo-eme-fuencarral-reserva-entradas-horarios\/\"><strong>el Museo EMT de Madrid vuelve a abrir sus puertas<\/strong><\/a> (hasta el 26 de junio)<\/li>\n<li><strong>8<\/strong> de mayo: <strong>Carrera de la Mujer<\/strong><\/li>\n<li><strong>Del 8 al 16<\/strong> de mayo: <a href=\"https:\/\/www.vidademadrid.com\/es\/41273\/planes-san-isidro-2022-madrid-programacion\/\"><strong>Actividades de San Isidro 2022<\/strong><\/a><\/li>\n<li><strong>11<\/strong> de mayo: <a href=\"https:\/\/www.vidademadrid.com\/es\/41102\/relevo-guardia-real-cambio-guardia-palacio-real-madrid-2022\/\"><strong>Relevo solemne en el Palacio Real<\/strong><\/a><\/li>\n<li><strong>Del 11 al 29<\/strong> de mayo: <a href=\"https:\/\/www.vidademadrid.com\/es\/41675\/festival-flamenco-madrid-fechas-entradas-2022\/\"><strong>Festival Flamenco Madrid<\/strong><\/a><\/li>\n<li><strong>Del 13 al 18<\/strong> de mayo: <a href=\"https:\/\/www.vidademadrid.com\/es\/42036\/concurso-rosas-nuevas-rosaleda-parque-del-oeste-votacion-2022\/\"><strong>Concurso Internacional Rosas Nuevas Villa de Madrid en la Rosaleda del Parque del Oeste<\/strong><\/a><\/li>\n<li><strong>14<\/strong> de mayo: <strong><a href=\"https:\/\/www.vidademadrid.com\/es\/41713\/piscinas-verano-madrid-2022\/\">Inauguraci\u00f3n piscinas de verano 2022 de Madrid (municipales) con jornada de puertas abiertas<\/a><\/strong><\/li>\n<li><strong>14 y 15<\/strong> de mayo: <a href=\"https:\/\/www.vidademadrid.com\/es\/42048\/fuegos-artificiales-san-isidro-2022-madrid-donde-cuando\/\"><strong>Cuatro espect\u00e1culos de fuegos artificiales para San Isidro 2022<\/strong><\/a><\/li>\n<li><strong>14 y 15<\/strong> de mayo: <a href=\"https:\/\/www.vidademadrid.com\/es\/40876\/san-isidronic-festival-musica-electronica-entradas-san-isidro\/\">San Isidronic Festival<\/a>, festival de m\u00fasica electr\u00f3nica en La Riviera<\/li>\n<li><strong>14 y 15<\/strong> de mayo: <strong>CANCELADO<\/strong> <del><a href=\"https:\/\/www.vidademadrid.com\/es\/41275\/verbena-2022-san-isidro-programacion-entradas\/\">Mercado de Dise\u00f1o Verbena en el Parque del Oeste<\/a><\/del><\/li>\n<li><strong>14 y 15<\/strong> de mayo: primera edici\u00f3n del <a href=\"https:\/\/www.vidademadrid.com\/es\/42022\/mercado-artesanias-palacio-infante-don-luis-boadilla-del-monte\/\"><strong>Mercado de los Jardines de Palacio en Boadilla del Monte<\/strong><\/a><\/li>\n<li><strong>15<\/strong> de mayo: <strong><a href=\"https:\/\/www.vidademadrid.com\/es\/41273\/planes-san-isidro-2022-madrid-programacion\/\">Fiestas de San Isidro 2022 (art\u00edculo especial con programaci\u00f3n y actividades)<\/a> &#8211; <a href=\"https:\/\/www.vidademadrid.com\/es\/41849\/fiestas-san-isidro-2022-festival-flamenco-novedades\/\">conciertos y eventos en Madrid R\u00edo y Matadero<\/a><\/strong><\/li>\n<li><strong>15<\/strong> de mayo: <strong><a href=\"https:\/\/www.vidademadrid.com\/es\/41954\/torre-claveles-lavapies-san-isidro-2022\/\">Lavapi\u00e9s regala 3.000 claveles<\/a><\/strong><\/li>\n<li><strong>15<\/strong> de mayo: <strong>C\u00f3mete Campo Real<\/strong>, 4 edici\u00f3n de la feria agroalimentaria que congrega una veintena de productores madrile\u00f1os. En la plaza Mayor, de 11 a 16 h. <a href=\"http:\/\/www.camporeal.es\/noticias\/694-comete-campo-real-2022\">Web<\/a><\/li>\n<li><strong>Del 16 al 29<\/strong> de mayo: Gastrofestival 2022<\/li>\n<li><strong>Del 17<\/strong> de mayo: <a href=\"https:\/\/www.vidademadrid.com\/es\/42152\/espacio-ibera-calle-velazquez-actividades-horario\/\"><strong>Espacio Iberia<\/strong>, para conocer y probarte los uniformes hist\u00f3ricos de las azafatas y azafatos, probar la gastronom\u00eda y m\u00e1s actividades<\/a>\u00a0 (hasta el 30 de junio)<\/li>\n<li><strong>18<\/strong> de mayo: <a href=\"https:\/\/www.vidademadrid.com\/es\/42010\/concierto-radio-3-museo-reina-sofia-programacion\/\"><strong>fiesta de Radio 3 con 17 horas de conciertos gratuitos en el Reina Sof\u00eda<\/strong><\/a><\/li>\n<li><strong>18<\/strong> de mayo: <a href=\"https:\/\/www.vidademadrid.com\/es\/42125\/dia-de-los-museos-actividades-madrid-2022\/\"><strong>D\u00eda de los museos &#8211; todas las actividades<\/strong><\/a> (<a href=\"https:\/\/www.vidademadrid.com\/es\/42039\/descuento-uber-viajes-museos-codigo-promocion-2022\/\">descuentos del 16 al 20 de mayo para ir en Uber<\/a>)<\/li>\n<li><strong>Del 20<\/strong> de mayo: exposici\u00f3n gratuita de las fotos ganadoras del concurso <strong>Pink Lady Food Photographer of the Year<\/strong>. S\u00edntesis Digital Lab (calle T\u00e9llez, 19). Hasta el 5 de junio<\/li>\n<li><strong>Del 21 al 29<\/strong> de mayo: <strong><a href=\"https:\/\/www.vidademadrid.com\/es\/40392\/exposicion-cuerpo-san-isidro-ano-santo-madrid-2022\/\">exposici\u00f3n del cuerpo de San Isidro\u00a0<\/a><\/strong><\/li>\n<li><strong>21<\/strong> de mayo: <a href=\"https:\/\/www.vidademadrid.com\/es\/42067\/noche-museos-2022-programas-actividades-gratuitas\/\"><strong>Noche de los Museos 2022<\/strong> con entradas gratuitas y actividades<\/a><\/li>\n<li><strong>21<\/strong> de mayo: <a href=\"https:\/\/www.vidademadrid.com\/es\/41810\/carrera-vertical-bomberos-madrid-inscripciones-2022\/\"><strong>VI Carrera Vertical Bomberos de Madrid<\/strong><\/a> en la Torre Emperador<\/li>\n<li><strong>21<\/strong> de mayo: \u00abSonidos del Este\u00bb, concierto solidario de la Orquesta Infantil y Juvenil EOS en el Auditorio Nacional. La recaudaci\u00f3n se destinar\u00e1 a la Fundaci\u00f3n Padre Arrupe, para ofrecer becas de educaci\u00f3n a ni\u00f1os en El Salvador. <a href=\"https:\/\/www.entradasinaem.es\/ficha-espectaculo\/5\/1845\/sonidos-del-este\">Entradas<\/a><\/li>\n<li><strong>Del 22<\/strong> de mayo: <a href=\"https:\/\/www.vidademadrid.com\/es\/42328\/museo-tren-fuenlabrada-horario-entradas\/\"><strong>Museo del Tren de Fuenlabrada<\/strong><\/a><\/li>\n<li><strong>Del 24<\/strong> de mayo: <a href=\"https:\/\/www.vidademadrid.com\/es\/42354\/exposicion-inmersiva-impresionismo-parque-corredor\/\">la mayor exposici\u00f3n inmersiva del impresionismo llega al Parque Corredor<\/a><br \/>\n(hasta el 18 de septiembre)<\/li>\n<li><strong>Del 25<\/strong> de mayo:<a href=\"https:\/\/www.vidademadrid.com\/es\/42373\/comic-suenos-historia-exposicion-caixaforum-entradas\/\"> en el\u00a0CaixaForum, <strong>\u00abC\u00f3mic. Sue\u00f1os e historia\u00bb<\/strong>, re\u00fane la larga tradici\u00f3n del sector del c\u00f3mic<\/a> (hasta el 28 de agosto)<\/li>\n<li><strong>Del 25<\/strong> de mayo: <a href=\"https:\/\/www.vidademadrid.com\/es\/42361\/exposicion-diseno-portados-manuel-estrada-biblioteca-regional\/\">exposici\u00f3n \u2018Manuel Estrada: leer libros, dise\u00f1ar portadas\u2019<\/a> (hasta el 11 de septiembre)<\/li>\n<li><strong>27<\/strong> de mayo: <a href=\"https:\/\/www.vidademadrid.com\/es\/42307\/outlet-productos-cocina-cookplay-barrio-salamanca\/\">pop up Cookplay, con piezas de cocina al 50%<\/a><\/li>\n<li><strong>Del 27 al 30<\/strong> de mayo: <a href=\"https:\/\/www.vidademadrid.com\/es\/42175\/fiestas-san-fernando-aranjuez-programa-2022\/\"><strong>Fiestas de San Fernando de Aranjuez 2022<\/strong><\/a><\/li>\n<li><strong>Del 27 al 30<\/strong> de mayo: <a href=\"https:\/\/www.vidademadrid.com\/es\/42241\/fiestas-san-babiles-2022-boadilla-monte-programa\/\"><strong>en Boadilla del Monte las fiestas de San Babil\u00e9s<\/strong><\/a><\/li>\n<li><strong>Del 27 al 31<\/strong> de mayo: <a href=\"https:\/\/www.vidademadrid.com\/es\/42276\/fiestas-san-fernando-henares-2022-programacion-conciertos\/\"><strong>Fiestas patronales de San Fernando de Henares<\/strong><\/a><\/li>\n<li><strong>Del 27<\/strong> de mayo: <strong><a href=\"https:\/\/www.vidademadrid.com\/es\/40906\/fiesta-primavera-2022-distrito-hortaleza-fechas\/\">Fiestas de la Primavera 2022 en el distrito Hortaleza<\/a><\/strong> (hasta el 5 de junio)<\/li>\n<li><strong>Del 27<\/strong> de mayo: <a href=\"https:\/\/www.vidademadrid.com\/es\/42377\/madrid-craft-week-2022-fechas-actividades\/\"><strong>Madrid Craft Week 2022<\/strong><\/a> (hasta el 5 de junio)<\/li>\n<li><strong>Del 27<\/strong> de mayo: <a href=\"https:\/\/www.vidademadrid.com\/es\/42144\/fietas-aluche-2022-fechas-conciertos-programa\/\"><strong>Fiestas de Aluche 2022<\/strong><\/a> (hasta el 5 de junio)<\/li>\n<li><strong>Del 27<\/strong> de mayo: <a href=\"https:\/\/www.vidademadrid.com\/es\/41646\/feria-del-libro-madrid-fechas-expositores-2022\/\"><strong>Feria del Libro de Madrid 2022<\/strong><\/a> &#8211; <a href=\"https:\/\/www.vidademadrid.com\/es\/42209\/feria-libro-madrid-2022-firmas-casetas\/\">firmas y casetas<\/a> (hasta el 12 de junio)<\/li>\n<li><strong>28<\/strong> de mayo: <a href=\"https:\/\/www.vidademadrid.com\/es\/42289\/feria-miniaturas-casas-munecas-horario-entradas-2022\/\"><strong>Feria Madrid Miniaturas<\/strong><\/a><\/li>\n<li><strong>28 y 29<\/strong> de mayo: CANCELADO <del><a href=\"https:\/\/www.vidademadrid.com\/es\/41493\/mercado-matadero-matadero-madrid-fechas-2022\/\"><strong>Mercado de Matadero<\/strong><\/a>, cita mensual con 70 productores locales<\/del><\/li>\n<li><strong>29<\/strong> de mayo: <a href=\"https:\/\/www.vidademadrid.com\/es\/41702\/festival-arte-urbano-madrid-pinta-malasana-2022\/\"><strong>Pinta Malasa\u00f1a<\/strong><\/a>, festival de arte urbano en las calles del barrio<\/li>\n<li><strong>30<\/strong> de mayo: <a href=\"https:\/\/www.vidademadrid.com\/es\/42368\/sanremo-giovani-world-tour-2022-concierto-madrid\/\"><strong>Concierto gratuito del Sanremo Giovani World Tour 2022 en el C\u00edrculo Bellas Artes<\/strong><\/a><\/li>\n<\/ul>\n<h2>Agenda de los planes disponibles todos los d\u00edas de mayo 2022 en Madrid<\/h2>\n<p><script async=\"\" src=\"https:\/\/pagead2.googlesyndication.com\/pagead\/js\/adsbygoogle.js\"><\/script> <ins class=\"adsbygoogle\" style=\"display: block;\" data-ad-format=\"fluid\" data-ad-layout-key=\"-7f+eo+1+2-5\" data-ad-client=\"ca-pub-7450064428034605\" data-ad-slot=\"7327027071\"><\/ins><script>(adsbygoogle = window.adsbygoogle || []).push({});<\/script><\/p>\n<ul>\n<li><a href=\"https:\/\/www.vidademadrid.com\/es\/40648\/exposicion-palacio-de-cristal-parque-del-retiro-primavera-2022\/\"><strong>En el Palacio de Cristal del Retiro<\/strong> \u00abCarlos Bunga. Contra la extravagancia del deseo\u00bb<\/a> (hasta el al 4 de septiembre)<\/li>\n<li><a href=\"https:\/\/www.vidademadrid.com\/es\/42136\/rosaleda-el-retiro-donde-esta-horario-fotos\/\"><strong>M\u00e1s de 4000 rosales en flor en la Rosaleda del Retiro<\/strong><\/a><\/li>\n<li><a href=\"https:\/\/www.vidademadrid.com\/es\/41147\/charlie-en-la-fabrica-de-chocolate-musical-espacio-ibercaja-entradas\/\">\u00abAl descubierto\u00bb, la exposici\u00f3n fotogr\u00e1fica gratuita de los grandes maestros del s. XX<\/a> (hasta el 24 de julio)<\/li>\n<li><a href=\"https:\/\/www.vidademadrid.com\/es\/41452\/concierotos-jardin-botanico-actividades-entradas\/\">M\u00fasica entre tulipanes y otras actividades en el Jard\u00edn Bot\u00e1nico<\/a><\/li>\n<li><a href=\"https:\/\/www.vidademadrid.com\/es\/41516\/incunabula-exposicion-biblioteca-nacional-espana-2022\/\">El primer libro impreso en Espa\u00f1a y m\u00e1s en Incunabula, nueva exposici\u00f3n de la Biblioteca Nacional<\/a> (hasta el 23 de julio)<\/li>\n<li><strong><a href=\"https:\/\/www.vidademadrid.com\/es\/41305\/exposicion-fotografia-museo-historia-madrid-secretos-madrid\/\">En el Museo de Historia, \u00abMadrid hace un siglo\u00bb<\/a><\/strong>, con fotos seleccionadas del Archivo ABC por Manuel Garc\u00eda del Moral, \u00abSecretos de Madrid\u00bb\u00a0(hasta el 18 de septiembre)<\/li>\n<li><a href=\"https:\/\/www.vidademadrid.com\/es\/41266\/maqueta-ferroviaria-museo-ferrocarril-entradas-precios\/\"><strong>La mayor maqueta ferroviaria de Espa\u00f1a en el Museo del Ferrocarril<\/strong><\/a><\/li>\n<li><a href=\"https:\/\/www.vidademadrid.com\/es\/38277\/exposicion-de-klimt-realidad-virtual-matadero-madrid-fechas\/\">\u00abKlimt, la experiencia inmersiva\u00bb en MAD &#8211; Madrid Artes Digitales, Matadero<\/a> (hasta el 5 de junio)<\/li>\n<li><a href=\"https:\/\/www.vidademadrid.com\/es\/39720\/andy-warhol-super-pop-exposicion-palacio-santa-barbara-entradas\/\"><strong>Exposici\u00f3n Andy Warhol Super Pop<\/strong>\u00a0en el Palacio de Santa B\u00e1rbara<\/a> &#8211; <a href=\"https:\/\/www.vidademadrid.com\/es\/41806\/andy-warhol-super-pop-afterwork-entradas-fechas-2022\/\">con gin-tonic los viernes<\/a> (hasta el 5 de junio)<\/li>\n<li><a href=\"https:\/\/www.vidademadrid.com\/es\/39861\/cine-moda-jean-paul-gaultier-exposicion-caixaforum-2022\/\">\u00abCine y Moda. Por Jean Paul Gaultier\u00bb en CaixaForum<\/a>\u00a0(hasta el 5 de junio)<\/li>\n<\/ul>\n<p><script async=\"\" src=\"https:\/\/pagead2.googlesyndication.com\/pagead\/js\/adsbygoogle.js\"><\/script><\/p>\n<ul>\n<li style=\"list-style-type: none;\">\n<ul><!-- Vertical2020 --><\/ul>\n<\/li>\n<\/ul>\n<p><ins class=\"adsbygoogle\" style=\"display: block;\" data-ad-client=\"ca-pub-7450064428034605\" data-ad-slot=\"4377430105\" data-ad-format=\"auto\" data-full-width-responsive=\"true\"><\/ins><script>(adsbygoogle = window.adsbygoogle || []).push({});<\/script><\/p>\n<ul>\n<li><a href=\"https:\/\/www.vidademadrid.com\/es\/39245\/la-edad-dichosa-infancia-nueva-exposicion-2022-museo-sorolla\/\">Exposici\u00f3n del <strong>Museo Sorolla<\/strong>, \u00abLa edad dichosa. La infancia en la pintura de Sorolla\u00bb <\/a>(hasta el 19 de junio)<\/li>\n<li><a href=\"https:\/\/www.vidademadrid.com\/es\/41588\/archivos-lambda-exposicion-centrocentro-cibeles-2022\/\">\u00abArchivos Lambda\u00bb, la exposici\u00f3n gratuita sobre el Museo Munch de Oslo en CentroCentro<\/a> (hasta el 28 de agosto)<\/li>\n<li><a href=\"https:\/\/www.vidademadrid.com\/es\/38974\/exposicion-auschwitz-madrid-2022-seeing-auschwitz-entradas\/\">\u00abSeeing Auschwitz\u00bb, recorrido visual por el campo de concentraci\u00f3n de Auschwitz<\/a>\u00a0(hasta el 15 de julio)<\/li>\n<li><a href=\"https:\/\/www.vidademadrid.com\/es\/41217\/la-esencia-del-cuadro-exposicion-olfativa-museo-prado-2022\/\"><strong>\u00abLa esencia de un cuadro. Una exposici\u00f3n olfativa\u00bb en el Museo del Prado<\/strong><\/a> (hasta el 3 de julio)<\/li>\n<li><a href=\"https:\/\/www.vidademadrid.com\/es\/41233\/cubo-gym-madrid-gimnasio-aire-libre-plaza-pedro-zerolo-chueca\/\"><strong>Cubo Gym Madrid, gym al aire libre en Chueca<\/strong><\/a> (hasta el 21 de junio)<\/li>\n<li>\u00abTracce\/Huellas\u00bb, exposici\u00f3n gratuita que recorre cinco d\u00e9cadas de arte contempor\u00e1neo italiano. En el Istituto Italiano di Cultura (hasta el 4 de junio)<\/li>\n<li><a href=\"https:\/\/www.vidademadrid.com\/es\/39896\/magallanes-el-cano-experiencia-inmersiva-entradas-horarios\/\">\u00abMagallanes y Elcano: Sin L\u00edmites\u00bb, la experiencia inmersiva en el Espacio Ibercaja Delicias<\/a> (hasta el 31 de mayo)<\/li>\n<li><a href=\"https:\/\/www.vidademadrid.com\/es\/40536\/tren-fresa-madrid-aranjuez-recorrido-2022-entradas\/\"><strong>Tren de la Fresa 2022<\/strong><\/a><\/li>\n<li><a href=\"https:\/\/www.vidademadrid.com\/es\/41686\/un-puente-donde-quedarse-guillermo-mora-alcala-31-exposicion-2022\/\">\u00abGuillermo Mora. Un puente donde quedarse\u00bb, la nueva exposici\u00f3n gratuita de la Sala Alcal\u00e1 31<\/a> (hasta el 24 de julio)<\/li>\n<li><a href=\"https:\/\/www.vidademadrid.com\/es\/restaurantes-bares-madrid\/\"><strong>Conoce todo lo \u00faltimo de los restaurantes de Madrid en nuestra secci\u00f3n foodie<\/strong><\/a>, entre ellos <a href=\"https:\/\/www.vidademadrid.com\/es\/41767\/400-pizza-pizzeria-barrio-salamanca-pizzas-personalizadas\/\"><strong>400\u00b0 Pizza: pizzas personalizadas en Mar\u00eda de Molina<\/strong><\/a><\/li>\n<li><a href=\"https:\/\/www.vidademadrid.com\/es\/planes\/\"><strong>M\u00e1s planes organizados por tipolog\u00eda en nuestro especial planes (vidademadrid.com\/planes)<\/strong><\/a><\/li>\n<\/ul>\n<p><strong>Y en junio y julio 2022 en Madrid&#8230;<\/strong><\/p>\n<p><script async=\"\" src=\"https:\/\/pagead2.googlesyndication.com\/pagead\/js\/adsbygoogle.js\"><\/script> <ins class=\"adsbygoogle\" style=\"display: block; text-align: center;\" data-ad-layout=\"in-article\" data-ad-format=\"fluid\" data-ad-client=\"ca-pub-7450064428034605\" data-ad-slot=\"5670045061\"><\/ins> <script>(adsbygoogle = window.adsbygoogle || []).push({});<\/script><\/p>\n<ul>\n<li>Del 2 al 5 de junio: <a href=\"https:\/\/www.vidademadrid.com\/es\/42298\/shein-tienda-fisica-madrid-direccion-fechas-2022\/\">pop-up Shein<\/a><\/li>\n<li>Del 3 al 5 de junio: <a href=\"https:\/\/www.vidademadrid.com\/es\/41615\/passione-italia-2022-madrid\/\"><strong>Passione Italia 2022<\/strong><\/a><\/li>\n<li>Del 6 de junio: <a href=\"https:\/\/www.vidademadrid.com\/es\/42186\/castillo-bella-durmiente-disneyland-paris-madrid-boadilla-del-monte\/\">R\u00e9plica en vidrio del Castillo de la Bella de Durmiente Disneyland Paris\u00a0 en Boadilla<\/a><\/li>\n<li>Del 11 al 13 de junio: <a href=\"https:\/\/www.vidademadrid.com\/es\/42206\/fiestas-san-antonio-florida-programa-2022\/\">Fiestas de San Antonio de la Florida 2022<\/a><\/li>\n<li>25 y 26 de junio: <a href=\"https:\/\/www.vidademadrid.com\/es\/41493\/mercado-matadero-matadero-madrid-fechas-2022\/\"><strong>Mercado de Matadero<\/strong><\/a><\/li>\n<li>Del 1 al 10 de julio: <a href=\"https:\/\/www.vidademadrid.com\/es\/38169\/fiestas-del-orgullo-madrid-2022-fechas-y-actividades\/\"><strong>Fiestas del Orgullo LGBTI<\/strong><\/a><\/li>\n<li>Del 14 de junio al 24 de julio: <a href=\"https:\/\/www.vidademadrid.com\/es\/41814\/teatro-corral-cervantes-2022-legazpi-fechas-programa\/\"><strong>Corral Cervantes 2022, teatro del Siglo de Oro en Madrid R\u00edo<\/strong><\/a><\/li>\n<li>Del 23 al 25 de septiembre: <a href=\"https:\/\/www.vidademadrid.com\/es\/41679\/open-house-2022-madrid-fechas\/\"><strong>Open House Madrid 2022<\/strong><\/a><\/li>\n<li>Del 28 al 30 de octubre: <a href=\"https:\/\/www.vidademadrid.com\/es\/42269\/luz-madrid-2022-fechas-horarios\/\"><strong>Luz Madrid 2022<\/strong><\/a><\/li>\n<\/ul>\n<p>Si crees que falta algo, <a href=\"\/es\/contacto\">escr\u00edbenos<\/a>.<\/p>\n","protected":false},"excerpt":{"rendered":"<p>Descubre nuestro especial con todos los mejores planes y eventos del mes<\/p>\n","protected":false},"author":1,"featured_media":41800,"comment_status":"open","ping_status":"open","sticky":false,"template":"","format":"standard","meta":{"footnotes":""},"categories":[119],"tags":[],"class_list":{"0":"post-41796","1":"post","2":"type-post","3":"status-publish","4":"format-standard","5":"has-post-thumbnail","7":"category-portada"},"_links":{"self":[{"href":"https:\/\/www.vidademadrid.com\/es\/wp-json\/wp\/v2\/posts\/41796","targetHints":{"allow":["GET"]}}],"collection":[{"href":"https:\/\/www.vidademadrid.com\/es\/wp-json\/wp\/v2\/posts"}],"about":[{"href":"https:\/\/www.vidademadrid.com\/es\/wp-json\/wp\/v2\/types\/post"}],"author":[{"embeddable":true,"href":"https:\/\/www.vidademadrid.com\/es\/wp-json\/wp\/v2\/users\/1"}],"replies":[{"embeddable":true,"href":"https:\/\/www.vidademadrid.com\/es\/wp-json\/wp\/v2\/comments?post=41796"}],"version-history":[{"count":23,"href":"https:\/\/www.vidademadrid.com\/es\/wp-json\/wp\/v2\/posts\/41796\/revisions"}],"predecessor-version":[{"id":42411,"href":"https:\/\/www.vidademadrid.com\/es\/wp-json\/wp\/v2\/posts\/41796\/revisions\/42411"}],"wp:featuredmedia":[{"embeddable":true,"href":"https:\/\/www.vidademadrid.com\/es\/wp-json\/wp\/v2\/media\/41800"}],"wp:attachment":[{"href":"https:\/\/www.vidademadrid.com\/es\/wp-json\/wp\/v2\/media?parent=41796"}],"wp:term":[{"taxonomy":"category","embeddable":true,"href":"https:\/\/www.vidademadrid.com\/es\/wp-json\/wp\/v2\/categories?post=41796"},{"taxonomy":"post_tag","embeddable":true,"href":"https:\/\/www.vidademadrid.com\/es\/wp-json\/wp\/v2\/tags?post=41796"}],"curies":[{"name":"wp","href":"https:\/\/api.w.org\/{rel}","templated":true}]}}