{"id":41689,"date":"2022-04-28T06:57:59","date_gmt":"2022-04-28T04:57:59","guid":{"rendered":"https:\/\/www.vidademadrid.com\/es\/?p=41689"},"modified":"2022-05-02T18:53:28","modified_gmt":"2022-05-02T16:53:28","slug":"feria-medieval-el-alamo-programa-madrid-2022","status":"publish","type":"post","link":"https:\/\/www.vidademadrid.com\/es\/41689\/feria-medieval-el-alamo-programa-madrid-2022\/","title":{"rendered":"Conoce el programa completo de la Feria Medieval de El \u00c1lamo"},"content":{"rendered":"<p>La edici\u00f3n 2022 <strong>Feria Medieval de El \u00c1lamo,&nbsp;<\/strong>declarada de inter\u00e9s tur\u00edstico regional por la Comunidad de Madrid, ha anunciado su programa. Durante cinco d\u00edas, las calles de El \u00c1lamo se podr\u00e1n encontrar distintas <strong>actividades y exposiciones<\/strong> para el p\u00fablico en general. Conoce toda la informaci\u00f3n en este art\u00edculo.&nbsp;<\/p>\n<h2>Feria Medieval El \u00c1lamo<\/h2>\n\n<script async=\"\" src=\"https:\/\/pagead2.googlesyndication.com\/pagead\/js\/adsbygoogle.js\"><\/script> <ins class=\"adsbygoogle\" style=\"display:block\" data-ad-format=\"fluid\" data-ad-layout-key=\"-7f+eo+1+2-5\" data-ad-client=\"ca-pub-7450064428034605\" data-ad-slot=\"7327027071\"><\/ins><script>(adsbygoogle = window.adsbygoogle || []).push({});<\/script>\n\n<p>Durante cinco d\u00edas, m\u00e1s de&nbsp;<strong>100 artistas&nbsp;<\/strong>de distintas compa\u00f1\u00edas de teatro, circo y m\u00fasica llenar\u00e1n las calles de El \u00c1lamo realizando distintas interpretaciones. La&nbsp;<strong><a href=\"https:\/\/www.vidademadrid.com\/es\/41332\/feria-medieval-madrid-el-alamo-mercadillo-medieval-2022\/\">Feria Medieval de El \u00c1lamo<\/a>,&nbsp;<\/strong>ofrece a sus visitantes puestos de gastronom\u00eda, artesan\u00edas y talleres de oficios antiguos que te har\u00e1n viajar al Medievo.&nbsp;<\/p>\n<p>Tambi\u00e9n, se podr\u00e1n encontrar <strong>actividades para ni\u00f1os<\/strong>,&nbsp;<strong>conciertos, el mercadillo medieval&nbsp;<\/strong>con degustaciones de distintos alimentos elaborados por los artesanos y muchas actividades. Estos d\u00edas, podr\u00e1s encontrar caballeros, ratones, duendes, hadas, ninfas y brujas que ambientar\u00e1n la Feria Medieval.&nbsp;<\/p>\n<p>As\u00ed mismo, estar\u00e1 el&nbsp;<strong>Celtival Musica,&nbsp;<\/strong>festival de m\u00fasica gratuito; las Fiestas del Despertar, <strong>Paseos en dromedario o burro, <\/strong>un&nbsp;<strong>rinc\u00f3n infantil, la zona \u00e1rabe, la granja de animales, conciertos&nbsp;<\/strong>de m\u00fasica andalus\u00ed y cetrer\u00eda.&nbsp;<\/p>\n<h2>Programaci\u00f3n Feria Medieval El \u00c1lamo&nbsp;<\/h2>\n\n<script async=\"\" src=\"https:\/\/pagead2.googlesyndication.com\/pagead\/js\/adsbygoogle.js\"><\/script> <ins class=\"adsbygoogle\" style=\"display:block; text-align:center;\" data-ad-layout=\"in-article\" data-ad-format=\"fluid\" data-ad-client=\"ca-pub-7450064428034605\" data-ad-slot=\"5670045061\"><\/ins> <script>(adsbygoogle = window.adsbygoogle || []).push({});<\/script>\n\n\n<p>La&nbsp;<strong>XXV Gran Feria Medieval de El \u00c1lamo&nbsp;<\/strong>se celebrar\u00e1 del 29 de abril al 2 de mayo en las v\u00edas p\u00fablicas de El \u00c1lamo (calle de Santiago Bl\u00e1zquez, 7C, El \u00c1lamo, Madrid).<\/p>\n<p>El gran<strong> Torneo de Justas a caballo<\/strong> se llevar\u00e1 a cabo el s\u00e1bado&nbsp;<strong>30 de abril <\/strong>a las 17 horas y 19:30 horas. Tambi\u00e9n, el <strong>domingo y lunes, 1 y 2 de mayo, <\/strong>a las 13:30 y 18:30 horas. El costo de entrada es de&nbsp;<strong>5 euros para adultos y 3 euros para los ni\u00f1os menores de 10 a\u00f1os.&nbsp;<\/strong>Se pueden conseguir las entradas en el Ayuntamiento, la taquilla del evento o venta anticipada en su <a href=\"http:\/\/entradium.com\/es\/events\/gran-torneo-de-justas-hipica-celta-feria-medieval-el-alamo-2022\">p\u00e1gina web<\/a>.&nbsp;<\/p>\n<p>El Ayuntamiento de El \u00c1lamo ha publicado su programa completo en su p\u00e1gina web as\u00ed como la ubicaci\u00f3n de las actividades. Puedes consultar el programa completo <a href=\"https:\/\/ayuntamientoelalamo.org\/xxv-feria-medieval-de-el-alamo\/\">aqu\u00ed<\/a>.&nbsp;<\/p>\n<figure id=\"attachment_41690\" aria-describedby=\"caption-attachment-41690\" style=\"width: 950px\" class=\"wp-caption alignnone\"><a href=\"https:\/\/www.vidademadrid.com\/es\/wp-content\/uploads\/2022\/04\/Programa3.jpeg\"><img loading=\"lazy\" decoding=\"async\" class=\"size-full wp-image-41690\" src=\"https:\/\/www.vidademadrid.com\/es\/wp-content\/uploads\/2022\/04\/Programa3.jpeg\" alt=\"\" width=\"950\" height=\"715\" srcset=\"https:\/\/www.vidademadrid.com\/es\/wp-content\/uploads\/2022\/04\/Programa3.jpeg 950w, https:\/\/www.vidademadrid.com\/es\/wp-content\/uploads\/2022\/04\/Programa3-300x226.jpeg 300w, https:\/\/www.vidademadrid.com\/es\/wp-content\/uploads\/2022\/04\/Programa3-768x578.jpeg 768w, https:\/\/www.vidademadrid.com\/es\/wp-content\/uploads\/2022\/04\/Programa3-696x524.jpeg 696w, https:\/\/www.vidademadrid.com\/es\/wp-content\/uploads\/2022\/04\/Programa3-558x420.jpeg 558w, https:\/\/www.vidademadrid.com\/es\/wp-content\/uploads\/2022\/04\/Programa3-80x60.jpeg 80w, https:\/\/www.vidademadrid.com\/es\/wp-content\/uploads\/2022\/04\/Programa3-265x198.jpeg 265w\" sizes=\"auto, (max-width: 950px) 100vw, 950px\" \/><\/a><figcaption id=\"caption-attachment-41690\" class=\"wp-caption-text\">Foto: Ayuntamiento de El \u00c1lamo<\/figcaption><\/figure>\n\n\n<p><\/p>\n","protected":false},"excerpt":{"rendered":"<p>Ser\u00e1 del 29 de abril al 2 de mayo <\/p>\n","protected":false},"author":15,"featured_media":41334,"comment_status":"open","ping_status":"open","sticky":false,"template":"","format":"standard","meta":{"footnotes":""},"categories":[101],"tags":[],"class_list":{"0":"post-41689","1":"post","2":"type-post","3":"status-publish","4":"format-standard","5":"has-post-thumbnail","7":"category-ferias-fiestas-mercados-madrid"},"_links":{"self":[{"href":"https:\/\/www.vidademadrid.com\/es\/wp-json\/wp\/v2\/posts\/41689","targetHints":{"allow":["GET"]}}],"collection":[{"href":"https:\/\/www.vidademadrid.com\/es\/wp-json\/wp\/v2\/posts"}],"about":[{"href":"https:\/\/www.vidademadrid.com\/es\/wp-json\/wp\/v2\/types\/post"}],"author":[{"embeddable":true,"href":"https:\/\/www.vidademadrid.com\/es\/wp-json\/wp\/v2\/users\/15"}],"replies":[{"embeddable":true,"href":"https:\/\/www.vidademadrid.com\/es\/wp-json\/wp\/v2\/comments?post=41689"}],"version-history":[{"count":1,"href":"https:\/\/www.vidademadrid.com\/es\/wp-json\/wp\/v2\/posts\/41689\/revisions"}],"predecessor-version":[{"id":41691,"href":"https:\/\/www.vidademadrid.com\/es\/wp-json\/wp\/v2\/posts\/41689\/revisions\/41691"}],"wp:featuredmedia":[{"embeddable":true,"href":"https:\/\/www.vidademadrid.com\/es\/wp-json\/wp\/v2\/media\/41334"}],"wp:attachment":[{"href":"https:\/\/www.vidademadrid.com\/es\/wp-json\/wp\/v2\/media?parent=41689"}],"wp:term":[{"taxonomy":"category","embeddable":true,"href":"https:\/\/www.vidademadrid.com\/es\/wp-json\/wp\/v2\/categories?post=41689"},{"taxonomy":"post_tag","embeddable":true,"href":"https:\/\/www.vidademadrid.com\/es\/wp-json\/wp\/v2\/tags?post=41689"}],"curies":[{"name":"wp","href":"https:\/\/api.w.org\/{rel}","templated":true}]}}