{"id":41675,"date":"2022-04-26T20:40:13","date_gmt":"2022-04-26T18:40:13","guid":{"rendered":"https:\/\/www.vidademadrid.com\/es\/?p=41675"},"modified":"2022-04-26T20:40:18","modified_gmt":"2022-04-26T18:40:18","slug":"festival-flamenco-madrid-fechas-entradas-2022","status":"publish","type":"post","link":"https:\/\/www.vidademadrid.com\/es\/41675\/festival-flamenco-madrid-fechas-entradas-2022\/","title":{"rendered":"Vuelve el Festival Flamenco Madrid este 2022"},"content":{"rendered":"<p>Se ha presentado la&nbsp;<strong>VI edici\u00f3n de Flamenco Madrid,&nbsp;<\/strong>el festival de referencia, que volver\u00e1 a Madrid tras un a\u00f1o de ausencia. Esta edici\u00f3n estar\u00e1 dedicada a&nbsp;<strong>Camar\u00f3n&nbsp;<\/strong>en el 30 aniversario de su fallecimiento. Conoce toda la informaci\u00f3n en este art\u00edculo.&nbsp;<\/p>\n<h2>Festival Flamenco Madrid&nbsp;<\/h2>\n\n<script async=\"\" src=\"https:\/\/pagead2.googlesyndication.com\/pagead\/js\/adsbygoogle.js\"><\/script> <ins class=\"adsbygoogle\" style=\"display:block\" data-ad-format=\"fluid\" data-ad-layout-key=\"-7f+eo+1+2-5\" data-ad-client=\"ca-pub-7450064428034605\" data-ad-slot=\"7327027071\"><\/ins><script>(adsbygoogle = window.adsbygoogle || []).push({});<\/script>\n\n<p>Tras un a\u00f1o de ausencia, el&nbsp;<strong>Festival Flamenco Madrid&nbsp;<\/strong>vuelve a Madrid con una programaci\u00f3n que combina a artistas emergentes as\u00ed como algunas figuras ya consagradas del mundo del flamenco. Esta&nbsp;<strong>VI edici\u00f3n&nbsp;<\/strong>estar\u00e1 dedicada a&nbsp;<strong>Camar\u00f3n de la Isla&nbsp;<\/strong>en el 30 aniversario de su fallecimiento.&nbsp;<\/p>\n<p>Figuras como Remedios Amaya, Mayte Mart\u00edn, Montse Cort\u00e9s o Antonio Reyes y Pedro \u00abEl Grana\u00edno\u00bb ser\u00e1n parte del festival junto a la juventud del baile de Mercedes de C\u00f3rdoba, Jos\u00e9 Manuel \u00c1lvarez, Paula Comitre o Florencia Oz.&nbsp;<\/p>\n<p>Esta edici\u00f3n mantendr\u00e1 su centro neur\u00e1lgico en el teatro Fern\u00e1n G\u00f3mez. Centro Cultural de la Villa aunque tambi\u00e9n se llevar\u00e1 a cabo en m\u00e1s escenarios de Madrid con sesiones de cante, baile y danza espa\u00f1ola.&nbsp;<\/p>\n<h2>Fechas y entradas&nbsp;<\/h2>\n\n<script async=\"\" src=\"https:\/\/pagead2.googlesyndication.com\/pagead\/js\/adsbygoogle.js\"><\/script> <ins class=\"adsbygoogle\" style=\"display:block; text-align:center;\" data-ad-layout=\"in-article\" data-ad-format=\"fluid\" data-ad-client=\"ca-pub-7450064428034605\" data-ad-slot=\"5670045061\"><\/ins> <script>(adsbygoogle = window.adsbygoogle || []).push({});<\/script>\n\n<p>El&nbsp;<strong>Festival Flamenco Madrid&nbsp;<\/strong>se llevar\u00e1 a cabo del&nbsp;<strong>11 al 29 de mayo&nbsp;<\/strong>en distintos escenarios de la ciudad. El homenaje a Camar\u00f3n ser\u00e1 el <strong>29 de mayo&nbsp;<\/strong>en la Sala Guirau del Fern\u00e1n Gomez. Centro Cultural de la Villa con el montaje&nbsp;<em>30 a\u00f1os. Las mujeres cantan al mito.&nbsp;<\/em><\/p>\n<p>Puedes conocer el <a href=\"https:\/\/festivalflamencomadrid.com\/programa\/\">programa<\/a> completo y comprar tus entradas en la <a href=\"https:\/\/tienda.madrid-destino.com\/es\/?cycle=55\">p\u00e1gina web<\/a> del evento.&nbsp;<\/p>\n<figure id=\"attachment_41677\" aria-describedby=\"caption-attachment-41677\" style=\"width: 1170px\" class=\"wp-caption alignnone\"><a href=\"https:\/\/www.vidademadrid.com\/es\/wp-content\/uploads\/2022\/04\/Cartel_A3.png\"><img loading=\"lazy\" decoding=\"async\" class=\"size-full wp-image-41677\" src=\"https:\/\/www.vidademadrid.com\/es\/wp-content\/uploads\/2022\/04\/Cartel_A3.png\" alt=\"\" width=\"1170\" height=\"1654\"><\/a><figcaption id=\"caption-attachment-41677\" class=\"wp-caption-text\">Foto: Prensa<\/figcaption><\/figure>\n\n\n<p><\/p>\n","protected":false},"excerpt":{"rendered":"<p>Ya puedes comprar tus entradas.<\/p>\n","protected":false},"author":15,"featured_media":41676,"comment_status":"open","ping_status":"open","sticky":false,"template":"","format":"standard","meta":{"footnotes":""},"categories":[111],"tags":[],"class_list":{"0":"post-41675","1":"post","2":"type-post","3":"status-publish","4":"format-standard","5":"has-post-thumbnail","7":"category-exposiciones-madrid"},"_links":{"self":[{"href":"https:\/\/www.vidademadrid.com\/es\/wp-json\/wp\/v2\/posts\/41675","targetHints":{"allow":["GET"]}}],"collection":[{"href":"https:\/\/www.vidademadrid.com\/es\/wp-json\/wp\/v2\/posts"}],"about":[{"href":"https:\/\/www.vidademadrid.com\/es\/wp-json\/wp\/v2\/types\/post"}],"author":[{"embeddable":true,"href":"https:\/\/www.vidademadrid.com\/es\/wp-json\/wp\/v2\/users\/15"}],"replies":[{"embeddable":true,"href":"https:\/\/www.vidademadrid.com\/es\/wp-json\/wp\/v2\/comments?post=41675"}],"version-history":[{"count":1,"href":"https:\/\/www.vidademadrid.com\/es\/wp-json\/wp\/v2\/posts\/41675\/revisions"}],"predecessor-version":[{"id":41678,"href":"https:\/\/www.vidademadrid.com\/es\/wp-json\/wp\/v2\/posts\/41675\/revisions\/41678"}],"wp:featuredmedia":[{"embeddable":true,"href":"https:\/\/www.vidademadrid.com\/es\/wp-json\/wp\/v2\/media\/41676"}],"wp:attachment":[{"href":"https:\/\/www.vidademadrid.com\/es\/wp-json\/wp\/v2\/media?parent=41675"}],"wp:term":[{"taxonomy":"category","embeddable":true,"href":"https:\/\/www.vidademadrid.com\/es\/wp-json\/wp\/v2\/categories?post=41675"},{"taxonomy":"post_tag","embeddable":true,"href":"https:\/\/www.vidademadrid.com\/es\/wp-json\/wp\/v2\/tags?post=41675"}],"curies":[{"name":"wp","href":"https:\/\/api.w.org\/{rel}","templated":true}]}}