{"id":41670,"date":"2022-04-26T19:25:04","date_gmt":"2022-04-26T17:25:04","guid":{"rendered":"https:\/\/www.vidademadrid.com\/es\/?p=41670"},"modified":"2022-04-28T09:20:45","modified_gmt":"2022-04-28T07:20:45","slug":"feria-del-libro-antiguo-ocasion-madrid-fechas-horarios-2022","status":"publish","type":"post","link":"https:\/\/www.vidademadrid.com\/es\/41670\/feria-del-libro-antiguo-ocasion-madrid-fechas-horarios-2022\/","title":{"rendered":"Regresa la Feria del Libro Antiguo y de Ocasi\u00f3n a Madrid"},"content":{"rendered":"<p>La 44\u00ba\u00a0<strong>Feria de Primavera del Libro Antiguo y de Ocasi\u00f3n <\/strong>vuelve a Madrid. Es considerada como la mejor Feria en el pa\u00eds en su especialidad y este a\u00f1o, participar\u00e1n 37 librer\u00edas espa\u00f1olas. Sigue leyendo este art\u00edculo para conocer toda la informaci\u00f3n.\u00a0<\/p>\n<h2>Feria del Libro Antiguo y de Ocasi\u00f3n\u00a0<\/h2>\n<p><script async=\"\" src=\"https:\/\/pagead2.googlesyndication.com\/pagead\/js\/adsbygoogle.js\"><\/script> <ins class=\"adsbygoogle\" style=\"display: block;\" data-ad-format=\"fluid\" data-ad-layout-key=\"-7f+eo+1+2-5\" data-ad-client=\"ca-pub-7450064428034605\" data-ad-slot=\"7327027071\"><\/ins><script>(adsbygoogle = window.adsbygoogle || []).push({});<\/script><\/p>\n<p>La\u00a0<strong>Feria de Primavera del Libro Antiguo y de Ocasi\u00f3n\u00a0<\/strong>vuelve al\u00a0<strong>Paseo de los Recoletos en Madrid,\u00a0<\/strong>es considerada la mejor Feria que se celebra en Espa\u00f1a en su especialidad. Organizada desde 1977 por la\u00a0<strong>Asociaci\u00f3n de Libreros de Lance,\u00a0<\/strong>contar\u00e1 con 37 librer\u00edas espa\u00f1olas que ofrecer\u00e1n a los visitantes verdaderas joyas bibliogr\u00e1ficas.\u00a0<\/p>\n<p>Esta Feria tiene como objetivo, acercar al p\u00fablico las innumerables obras de arte en forma de\u00a0<strong>libros, grabados, peri\u00f3dicos y publicaciones antiguas,\u00a0<\/strong>fomentando el amor por el libro y la lectura.\u00a0<\/p>\n<p>Los libreros asistentes ponen a disposici\u00f3n las m\u00e1s variadas ofertas de ejemplares que van desde 1\u20ac a los m\u00e1s codiciados libros antiguos como primeras ediciones, incunables, manuscritos originales, libros de ocasi\u00f3n y m\u00e1s.\u00a0<\/p>\n<h2>Fechas y horarios de la Feria del Libro Antiguo<\/h2>\n<p><script async=\"\" src=\"https:\/\/pagead2.googlesyndication.com\/pagead\/js\/adsbygoogle.js\"><\/script> <ins class=\"adsbygoogle\" style=\"display: block; text-align: center;\" data-ad-layout=\"in-article\" data-ad-format=\"fluid\" data-ad-client=\"ca-pub-7450064428034605\" data-ad-slot=\"5670045061\"><\/ins> <script>(adsbygoogle = window.adsbygoogle || []).push({});<\/script><\/p>\n<p><strong>La Feria del Libro Antiguo y de Ocasi\u00f3n\u00a0<\/strong>ser\u00e1 del\u00a0<strong>29 de abril al 16 de mayo del 2022\u00a0<\/strong>en Paseo de Recoletos en Madrid. Su horario ser\u00e1 de las\u00a0<strong>11 a las 21 horas.\u00a0<\/strong><\/p>\n\n\n<figure class=\"wp-block-embed is-type-rich is-provider-twitter wp-block-embed-twitter\"><div class=\"wp-block-embed__wrapper\">\n<blockquote class=\"twitter-tweet\" data-width=\"550\" data-dnt=\"true\"><p lang=\"es\" dir=\"ltr\">44\u00aa <a href=\"https:\/\/twitter.com\/FLibroAntiguo?ref_src=twsrc%5Etfw\">@FLibroAntiguo<\/a> <br><br>Organiza: Asociaci\u00f3n de Libreros de Lance <br>Participantes: 37 librer\u00edas <br>Lugar: Paseo de Recoletos <br>Fechas: 29-A &#8211; 16-M<br>Horario: Lunes a domingo, de 11 a 21 h  <br>Preg\u00f3n: J. Marchamalo <br>Cartel: A. Garc\u00eda-Alix<br>Edici\u00f3n facs\u00edmil: El terror de 1824, de P\u00e9rez Gald\u00f3s <a href=\"https:\/\/t.co\/1sDgtAZAU4\">pic.twitter.com\/1sDgtAZAU4<\/a><\/p>&mdash; Feria del Libro Antiguo y de Ocasi\u00f3n de Madrid (@FLibroAntiguo) <a href=\"https:\/\/twitter.com\/FLibroAntiguo\/status\/1518629638825730048?ref_src=twsrc%5Etfw\">April 25, 2022<\/a><\/blockquote><script async src=\"https:\/\/platform.twitter.com\/widgets.js\" charset=\"utf-8\"><\/script>\n<\/div><\/figure>\n","protected":false},"excerpt":{"rendered":"<p>Ser\u00e1 la edici\u00f3n 44\u00ba de esta Feria <\/p>\n","protected":false},"author":15,"featured_media":41671,"comment_status":"open","ping_status":"open","sticky":false,"template":"","format":"standard","meta":{"footnotes":""},"categories":[111,115],"tags":[],"class_list":{"0":"post-41670","1":"post","2":"type-post","3":"status-publish","4":"format-standard","5":"has-post-thumbnail","7":"category-exposiciones-madrid","8":"category-planes-del-momento-madrid"},"_links":{"self":[{"href":"https:\/\/www.vidademadrid.com\/es\/wp-json\/wp\/v2\/posts\/41670","targetHints":{"allow":["GET"]}}],"collection":[{"href":"https:\/\/www.vidademadrid.com\/es\/wp-json\/wp\/v2\/posts"}],"about":[{"href":"https:\/\/www.vidademadrid.com\/es\/wp-json\/wp\/v2\/types\/post"}],"author":[{"embeddable":true,"href":"https:\/\/www.vidademadrid.com\/es\/wp-json\/wp\/v2\/users\/15"}],"replies":[{"embeddable":true,"href":"https:\/\/www.vidademadrid.com\/es\/wp-json\/wp\/v2\/comments?post=41670"}],"version-history":[{"count":2,"href":"https:\/\/www.vidademadrid.com\/es\/wp-json\/wp\/v2\/posts\/41670\/revisions"}],"predecessor-version":[{"id":41674,"href":"https:\/\/www.vidademadrid.com\/es\/wp-json\/wp\/v2\/posts\/41670\/revisions\/41674"}],"wp:featuredmedia":[{"embeddable":true,"href":"https:\/\/www.vidademadrid.com\/es\/wp-json\/wp\/v2\/media\/41671"}],"wp:attachment":[{"href":"https:\/\/www.vidademadrid.com\/es\/wp-json\/wp\/v2\/media?parent=41670"}],"wp:term":[{"taxonomy":"category","embeddable":true,"href":"https:\/\/www.vidademadrid.com\/es\/wp-json\/wp\/v2\/categories?post=41670"},{"taxonomy":"post_tag","embeddable":true,"href":"https:\/\/www.vidademadrid.com\/es\/wp-json\/wp\/v2\/tags?post=41670"}],"curies":[{"name":"wp","href":"https:\/\/api.w.org\/{rel}","templated":true}]}}