{"id":41666,"date":"2022-04-26T18:57:45","date_gmt":"2022-04-26T16:57:45","guid":{"rendered":"https:\/\/www.vidademadrid.com\/es\/?p=41666"},"modified":"2022-04-26T18:57:47","modified_gmt":"2022-04-26T16:57:47","slug":"huelga-metro-de-madrid-paro-parcial-horario-abril-2022","status":"publish","type":"post","link":"https:\/\/www.vidademadrid.com\/es\/41666\/huelga-metro-de-madrid-paro-parcial-horario-abril-2022\/","title":{"rendered":"Paros parciales por huelga en Metro de Madrid este mi\u00e9rcoles"},"content":{"rendered":"<p>Una nueva&nbsp;<strong>huelga&nbsp;<\/strong>en&nbsp;<strong>Metro de Madrid&nbsp;<\/strong>causar\u00e1 paros parciales en el servicio este&nbsp;<strong>mi\u00e9rcoles 27 de abril.&nbsp;<\/strong>Tambi\u00e9n habr\u00e1 una concentraci\u00f3n ante el Congreso de los Diputados para protestar por las v\u00edctimas del amianto. Conoce toda la informaci\u00f3n en este art\u00edculo.&nbsp;<\/p>\n<h2>Huelga 27 de abril&nbsp;<\/h2>\n\n<script async=\"\" src=\"https:\/\/pagead2.googlesyndication.com\/pagead\/js\/adsbygoogle.js\"><\/script> <ins class=\"adsbygoogle\" style=\"display:block\" data-ad-format=\"fluid\" data-ad-layout-key=\"-7f+eo+1+2-5\" data-ad-client=\"ca-pub-7450064428034605\" data-ad-slot=\"7327027071\"><\/ins><script>(adsbygoogle = window.adsbygoogle || []).push({});<\/script>\n\n\n<p>De acuerdo a&nbsp;<strong>Metro de Madrid,&nbsp;<\/strong>en la jornada del&nbsp;<strong>mi\u00e9rcoles 27 de abril&nbsp;<\/strong>se llevar\u00e1n a cabo distintos paros parciales. Se circular\u00e1 con alrededor de&nbsp;<strong>70% de los trenes de la red.&nbsp;<\/strong>Los horarios afectados este mi\u00e9rcoles son&nbsp;<strong>de las 11 a las 14:30 horas&nbsp;<\/strong>en el servicio de Metro de Madrid.&nbsp;<\/p>\n<p>Ese mismo d\u00eda, habr\u00e1 una&nbsp;<strong>concentraci\u00f3n de 11:30 a 13:30 horas&nbsp;<\/strong>frente al Congreso de los Diputados para exigir justicia por las v\u00edctimas del amianto.&nbsp;<\/p>\n<p>Este huelga ha sido convocada por las organizaciones sindicales Uni\u00f3n General de Trabajadores (UGT), Comisiones Obreras (CCOO), Sindicato Libre de Metro de Madrid (SLMM), Solidaridad Obrera, Sindicato del Colectivo Maquinistas del Metro (SCMM) y Sindicato de T\u00e9cnicos de Metro de Madrid (STMM).<\/p>\n<h2>V\u00edctimas de amianto&nbsp;<\/h2>\n\n<script async=\"\" src=\"https:\/\/pagead2.googlesyndication.com\/pagead\/js\/adsbygoogle.js\"><\/script> <ins class=\"adsbygoogle\" style=\"display:block; text-align:center;\" data-ad-layout=\"in-article\" data-ad-format=\"fluid\" data-ad-client=\"ca-pub-7450064428034605\" data-ad-slot=\"5670045061\"><\/ins> <script>(adsbygoogle = window.adsbygoogle || []).push({});<\/script>\n\n<p>En 2017 se reconoci\u00f3 el primer caso de esta enfermedad profesional y hasta ahora, son&nbsp;<strong>diez trabajadores&nbsp;<\/strong>los que han fallecido y&nbsp;<strong>nueve jubilados&nbsp;<\/strong>que est\u00e1n en proceso de tramitaci\u00f3n del reconocimiento de la enfermedad profesional.&nbsp;<\/p>\n<p>Los trabajadores protestan por los riesgos que la <strong>exposici\u00f3n al amianto<\/strong> y exigen que se erradique el amianto en sus puestos de trabajo. Tambi\u00e9n exigen un fondo para compensar a los trabajadores que han ca\u00eddo enfermos.&nbsp;<\/p>\n\n\n<p><\/p>\n","protected":false},"excerpt":{"rendered":"<p>Se llevar\u00e1n a cabo paros en distintas horas. <\/p>\n","protected":false},"author":15,"featured_media":41667,"comment_status":"open","ping_status":"open","sticky":false,"template":"","format":"standard","meta":{"footnotes":""},"categories":[23],"tags":[],"class_list":{"0":"post-41666","1":"post","2":"type-post","3":"status-publish","4":"format-standard","5":"has-post-thumbnail","7":"category-transportes-huelgas-madrid"},"_links":{"self":[{"href":"https:\/\/www.vidademadrid.com\/es\/wp-json\/wp\/v2\/posts\/41666","targetHints":{"allow":["GET"]}}],"collection":[{"href":"https:\/\/www.vidademadrid.com\/es\/wp-json\/wp\/v2\/posts"}],"about":[{"href":"https:\/\/www.vidademadrid.com\/es\/wp-json\/wp\/v2\/types\/post"}],"author":[{"embeddable":true,"href":"https:\/\/www.vidademadrid.com\/es\/wp-json\/wp\/v2\/users\/15"}],"replies":[{"embeddable":true,"href":"https:\/\/www.vidademadrid.com\/es\/wp-json\/wp\/v2\/comments?post=41666"}],"version-history":[{"count":2,"href":"https:\/\/www.vidademadrid.com\/es\/wp-json\/wp\/v2\/posts\/41666\/revisions"}],"predecessor-version":[{"id":41669,"href":"https:\/\/www.vidademadrid.com\/es\/wp-json\/wp\/v2\/posts\/41666\/revisions\/41669"}],"wp:featuredmedia":[{"embeddable":true,"href":"https:\/\/www.vidademadrid.com\/es\/wp-json\/wp\/v2\/media\/41667"}],"wp:attachment":[{"href":"https:\/\/www.vidademadrid.com\/es\/wp-json\/wp\/v2\/media?parent=41666"}],"wp:term":[{"taxonomy":"category","embeddable":true,"href":"https:\/\/www.vidademadrid.com\/es\/wp-json\/wp\/v2\/categories?post=41666"},{"taxonomy":"post_tag","embeddable":true,"href":"https:\/\/www.vidademadrid.com\/es\/wp-json\/wp\/v2\/tags?post=41666"}],"curies":[{"name":"wp","href":"https:\/\/api.w.org\/{rel}","templated":true}]}}