{"id":41646,"date":"2022-04-25T07:49:47","date_gmt":"2022-04-25T05:49:47","guid":{"rendered":"https:\/\/www.vidademadrid.com\/es\/?p=41646"},"modified":"2022-04-25T07:49:51","modified_gmt":"2022-04-25T05:49:51","slug":"feria-del-libro-madrid-fechas-expositores-2022","status":"publish","type":"post","link":"https:\/\/www.vidademadrid.com\/es\/41646\/feria-del-libro-madrid-fechas-expositores-2022\/","title":{"rendered":"La Feria del Libro Madrid 2022 ya tiene fecha"},"content":{"rendered":"<p>La <strong>Feria del Libro 2022<\/strong> ha presentado su cartel realizado por el historietista<strong> Isaac S\u00e1nchez<\/strong>. La <strong>81\u00ba edici\u00f3n de la Feria del Libro<\/strong> se celebrar\u00e1 en mayo y junio de este a\u00f1o en el Parque del Retiro. Sigue leyendo este art\u00edculo para conocer toda la informaci\u00f3n.<\/p>\n<h2>Feria del Libro 2022<\/h2>\n<p><script async=\"\" src=\"https:\/\/pagead2.googlesyndication.com\/pagead\/js\/adsbygoogle.js\"><\/script> <ins class=\"adsbygoogle\" style=\"display: block;\" data-ad-format=\"fluid\" data-ad-layout-key=\"-7f+eo+1+2-5\" data-ad-client=\"ca-pub-7450064428034605\" data-ad-slot=\"7327027071\"><\/ins><script>(adsbygoogle = window.adsbygoogle || []).push({});<\/script><\/p>\n<p class=\"p1\">La <b>Feria del Libro Madrid 2022, <\/b>un evento referente a nivel nacional e internacional,<b> <\/b>se celebrar\u00e1 del 27 de mayo a 12 de junio en el parque del Retiro. Durante 17 d\u00edas, los asistentes podr\u00e1n disfrutar del que es considerado el mayor evento cultural popular del pa\u00eds.<\/p>\n<p class=\"p1\">La 81\u00ba edici\u00f3n de la <b>Feria del Libro <\/b>tendr\u00e1 m\u00e1s casetas que nunca, de acuerdo con la directora de la Feria del Libro de Madrid, habr\u00e1 378 casetas de expositores.<\/p>\n<h2>Cartel de la Feria del Libro 2022<\/h2>\n<p><script async=\"\" src=\"https:\/\/pagead2.googlesyndication.com\/pagead\/js\/adsbygoogle.js\"><\/script> <ins class=\"adsbygoogle\" style=\"display: block; text-align: center;\" data-ad-layout=\"in-article\" data-ad-format=\"fluid\" data-ad-client=\"ca-pub-7450064428034605\" data-ad-slot=\"5670045061\"><\/ins> <script>(adsbygoogle = window.adsbygoogle || []).push({});<\/script><\/p>\n<p class=\"p1\">El cartel de la <strong>81\u00ba edici\u00f3n de la Feria del Libro<\/strong> ha sido realizado por el historietista <strong>Isaac Sanchez<\/strong> quien a querido homenajear al medio del <strong>c\u00f3mic<\/strong> y sus grandes talentos, presentes en la lectura habitual y la Feria.<\/p>\n<p class=\"p1\">En el cartel, podemos observar a una <strong>joven<\/strong> que transita por tierra, mar y aire mientras lee, acompa\u00f1ada de su gato, demostrando no solo la acci\u00f3n f\u00edsica de la lectura pero lo inmersiva que es esta actividad.<\/p>\n<p class=\"p1\"><strong>Isaac S\u00e1nchez<\/strong> es autor del c\u00f3mic <i>El regreso del hombre pez y de El don. <\/i>Obtuvo el Premio otogardo por el Gremio de Librer\u00edas de Madrid como ganador <strong>\u2018Libro del A\u00f1o\u2019 2021 en la categor\u00eda de c\u00f3mic.<\/strong><\/p>\n<figure id=\"attachment_41648\" aria-describedby=\"caption-attachment-41648\" style=\"width: 553px\" class=\"wp-caption alignnone\"><a href=\"https:\/\/www.vidademadrid.com\/es\/wp-content\/uploads\/2022\/04\/Screen-Shot-2022-04-24-at-7.26.57-PM.png\"><img loading=\"lazy\" decoding=\"async\" class=\"size-full wp-image-41648\" src=\"https:\/\/www.vidademadrid.com\/es\/wp-content\/uploads\/2022\/04\/Screen-Shot-2022-04-24-at-7.26.57-PM.png\" alt=\"\" width=\"553\" height=\"784\" srcset=\"https:\/\/www.vidademadrid.com\/es\/wp-content\/uploads\/2022\/04\/Screen-Shot-2022-04-24-at-7.26.57-PM.png 553w, https:\/\/www.vidademadrid.com\/es\/wp-content\/uploads\/2022\/04\/Screen-Shot-2022-04-24-at-7.26.57-PM-212x300.png 212w, https:\/\/www.vidademadrid.com\/es\/wp-content\/uploads\/2022\/04\/Screen-Shot-2022-04-24-at-7.26.57-PM-296x420.png 296w\" sizes=\"auto, (max-width: 553px) 100vw, 553px\" \/><\/a><figcaption id=\"caption-attachment-41648\" class=\"wp-caption-text\">Foto: Feria del Libro Madrid<\/figcaption><\/figure>\n","protected":false},"excerpt":{"rendered":"<p>Ser\u00e1 la edici\u00f3n con m\u00e1s casetas. <\/p>\n","protected":false},"author":15,"featured_media":41647,"comment_status":"open","ping_status":"open","sticky":false,"template":"","format":"standard","meta":{"footnotes":""},"categories":[111],"tags":[],"class_list":{"0":"post-41646","1":"post","2":"type-post","3":"status-publish","4":"format-standard","5":"has-post-thumbnail","7":"category-exposiciones-madrid"},"_links":{"self":[{"href":"https:\/\/www.vidademadrid.com\/es\/wp-json\/wp\/v2\/posts\/41646","targetHints":{"allow":["GET"]}}],"collection":[{"href":"https:\/\/www.vidademadrid.com\/es\/wp-json\/wp\/v2\/posts"}],"about":[{"href":"https:\/\/www.vidademadrid.com\/es\/wp-json\/wp\/v2\/types\/post"}],"author":[{"embeddable":true,"href":"https:\/\/www.vidademadrid.com\/es\/wp-json\/wp\/v2\/users\/15"}],"replies":[{"embeddable":true,"href":"https:\/\/www.vidademadrid.com\/es\/wp-json\/wp\/v2\/comments?post=41646"}],"version-history":[{"count":1,"href":"https:\/\/www.vidademadrid.com\/es\/wp-json\/wp\/v2\/posts\/41646\/revisions"}],"predecessor-version":[{"id":41649,"href":"https:\/\/www.vidademadrid.com\/es\/wp-json\/wp\/v2\/posts\/41646\/revisions\/41649"}],"wp:featuredmedia":[{"embeddable":true,"href":"https:\/\/www.vidademadrid.com\/es\/wp-json\/wp\/v2\/media\/41647"}],"wp:attachment":[{"href":"https:\/\/www.vidademadrid.com\/es\/wp-json\/wp\/v2\/media?parent=41646"}],"wp:term":[{"taxonomy":"category","embeddable":true,"href":"https:\/\/www.vidademadrid.com\/es\/wp-json\/wp\/v2\/categories?post=41646"},{"taxonomy":"post_tag","embeddable":true,"href":"https:\/\/www.vidademadrid.com\/es\/wp-json\/wp\/v2\/tags?post=41646"}],"curies":[{"name":"wp","href":"https:\/\/api.w.org\/{rel}","templated":true}]}}