{"id":41615,"date":"2022-06-01T14:04:00","date_gmt":"2022-06-01T12:04:00","guid":{"rendered":"https:\/\/www.vidademadrid.com\/es\/?p=41615"},"modified":"2022-06-09T09:09:08","modified_gmt":"2022-06-09T07:09:08","slug":"passione-italia-2022-madrid","status":"publish","type":"post","link":"https:\/\/www.vidademadrid.com\/es\/41615\/passione-italia-2022-madrid\/","title":{"rendered":"Passione Italia 2022 vuelve a Madrid el 3, 4 y 5 junio: programa completo"},"content":{"rendered":"<p class=\"p2\">Despu\u00e9s de su exitosa edici\u00f3n navide\u00f1a, vuelve a Madrid <strong>Passione Italia<\/strong> #PassioneItalia con su edici\u00f3n de verano 2022. Este evento, la principal cita con Italia en Espa\u00f1a, celebrar\u00e1 este junio su 12\u00ba aniversario. Sigue leyendo este art\u00edculo para conocer toda la informaci\u00f3n.<\/p>\n<p><script async=\"\" src=\"https:\/\/pagead2.googlesyndication.com\/pagead\/js\/adsbygoogle.js\"><\/script> <ins class=\"adsbygoogle\" style=\"display: block;\" data-ad-format=\"fluid\" data-ad-layout-key=\"-7f+eo+1+2-5\" data-ad-client=\"ca-pub-7450064428034605\" data-ad-slot=\"7327027071\"><\/ins><script>(adsbygoogle = window.adsbygoogle || []).push({});<\/script><\/p>\n<p><em>Actualizaci\u00f3n 24 de mayo: ya tenemos el programa oficial de Passione Italia 2022, que publicamos a continuaci\u00f3n.<\/em><\/p>\n<h2>Passione Italia 2022 Madrid<\/h2>\n<p class=\"p1\"><b>#PassioneItalia <\/b>es el evento m\u00e1s esperado para los amantes del Made in Italy con <strong>m\u00fasica en vivo<\/strong>, donde los artistas tocar\u00e1n canciones propias y versiones de grandes \u00e9xitos italianos; degustaci\u00f3n y venta de <strong>alimentos envasados<\/strong>, <strong>artesan\u00edas<\/strong> y zona de <strong>restauraci\u00f3n<\/strong>.<\/p>\n<p class=\"p1\">En este evento hay tambi\u00e9n <b>talleres y actividades para ni\u00f1os <\/b>en un \u00e1rea espec\u00edfica para que los m\u00e1s peque\u00f1os disfruten del evento. Adem\u00e1s, este a\u00f1o se dedicar\u00e1 un \u00e1rea a los comercios de Madrid que participar\u00e1n en #PassioneItalia.<\/p>\n<p class=\"p1\">Este evento es organizado por la C\u00e1mara de Comercio e Industria Italiana para Espa\u00f1a, en colaboraci\u00f3n con la Embajada de Italia en Espa\u00f1a y las principales instituciones italianas en el pa\u00eds. Puedes conocer el programa completo en su <a href=\"http:\/\/www.passioneitalia.es\">p\u00e1gina web<\/a>. Desde Vida de Madrid iremos informando de las novedades del programa y no faltaremos a esta gran cita con Italia en Madrid.<\/p>\n<p><script async=\"\" src=\"https:\/\/pagead2.googlesyndication.com\/pagead\/js\/adsbygoogle.js\"><\/script> <ins class=\"adsbygoogle\" style=\"display: block; text-align: center;\" data-ad-layout=\"in-article\" data-ad-format=\"fluid\" data-ad-client=\"ca-pub-7450064428034605\" data-ad-slot=\"5670045061\"><\/ins> <script>(adsbygoogle = window.adsbygoogle || []).push({});<\/script><\/p>\n<h2>Passione Italia 2022 Madrid: horario y programa completo<\/h2>\n<p>Passione Italia 2022 tendr\u00e1 lugar en la\u00a0Scuola Italiana Madrid<br \/>(Calle Agust\u00edn de Betancourt, 1) el <strong>viernes 31 de mayo<\/strong> de 16:30 a 24:00 h, el\u00a0<strong>s\u00e1bado 1 de junio<\/strong> de 10:00 a 24:00 h y el <strong>domingo 2 de junio<\/strong> de 10:00 a 17:00 h.<\/p>\n<div class=\"b b-text cf\">\n<div class=\"b-c b-text-c b-s b-s-t60 b-s-b60 b-cs cf\">\n<p>Todos los d\u00edas se podr\u00e1 disfrutar del \u00e1rea de restauraci\u00f3n y del mercadillo con venta de productos gastron\u00f3micos, adem\u00e1s de los eventos en programa:<\/p>\n<\/div>\n<\/div>\n<div class=\"b b-s b-hr-line line-auto\"><hr class=\"line-style line-color\" \/><\/div>\n<div class=\"b b-text cf\">\n<div class=\"b-c b-text-c b-s b-s-t60 b-s-b60 b-cs cf\">\n<p><b><span class=\"wsw-14\">Viernes 3 de junio<\/span><\/b><\/p>\n<\/div>\n<\/div>\n<div class=\"b b-text cf\">\n<div class=\"b-c b-text-c b-s b-s-t60 b-s-b60 b-cs cf\">\n<p><b>16.30 h<\/b>\u00a0<b>Inauguraci\u00f3n\u00a0<\/b>#PassioneItalia 2022<\/p>\n<p><b>16.30 &#8211; 18.00 h<\/b>\u00a0\u00ab<i>La macchina del tempo<\/i>\u00bb &#8211; Los mejores \u00e9xitos de la m\u00fasica italiana<\/p>\n<p><strong>16.30 &#8211; 21.00 h<\/strong>\u00a0Actividades para ni\u00f1os y j\u00f3venes<\/p>\n<p><strong>17.00 &#8211; 20.30 h<\/strong>\u00a0\u00ab<em><strong>Spritz time<\/strong><\/em>\u00bb Aperitivo italiano<\/p>\n<p><strong>19.00 &#8211; 19.45 h<\/strong>\u00a0<em>M\u00fasica live<\/em>\u00a0con\u00a0<strong>Randagiu Sardu<\/strong><\/p>\n<p><strong>2<\/strong><strong>0.00 &#8211; 21.00 h<\/strong>\u00a0<em>M\u00fasica live<\/em>\u00a0con\u00a0<strong>Jonathan Colombo<\/strong><\/p>\n<p><b>21.15 &#8211; 22.00 h<\/b>\u00a0<i>M\u00fasica live<\/i>\u00a0con\u00a0<b>Baciamolemani<\/b><\/p>\n<p><strong>22.15 &#8211; 00.00 h<\/strong>\u00a0<em>M\u00fasica live<\/em>\u00a0con\u00a0<strong>Allerija<\/strong><\/p>\n<\/div>\n<\/div>\n<div class=\"b b-s b-hr-line line-auto\"><hr class=\"line-style line-color\" \/><\/div>\n<div class=\"b b-text cf\">\n<div class=\"b-c b-text-c b-s b-s-t60 b-s-b60 b-cs cf\">\n<p><b><span class=\"wsw-14\">S\u00e1bado 4 de junio<\/span><\/b><\/p>\n<\/div>\n<\/div>\n<div class=\"b b-text cf\">\n<div class=\"b-c b-text-c b-s b-s-t60 b-s-b60 b-cs cf\">\n<p><strong>10.00 h<\/strong>\u00a0Apertura de puertas<\/p>\n<p><strong>10.00 &#8211; 12.15 h<\/strong>\u00a0\u00ab<em>La macchina del tempo<\/em>\u00bb &#8211; Los mejores \u00e9xitos de la m\u00fasica italiana<\/p>\n<p><strong>12.15 &#8211; 13.00 h<\/strong> M\u00fasica live con <strong>Straviata<\/strong><\/p>\n<p><strong>10.00 &#8211; 21.00 h<\/strong>\u00a0Actividades para ni\u00f1os y j\u00f3venes\u00a0<\/p>\n<p><strong>13.30 &#8211; 14.00 h<\/strong>\u00a0<em>M\u00fasica live<\/em>\u00a0con\u00a0<strong>ItaliAcustica Rock Duo<\/strong><\/p>\n<p><strong>14.15 &#8211; 15.00 h<\/strong>\u00a0<em>M\u00fasica live<\/em>\u00a0con\u00a0<strong>Dale Ca\u00f1a<\/strong><\/p>\n<p><strong>15.15 &#8211; 16:30 h<\/strong>\u00a0Karaoke con\u00a0<strong>Dario Bontempi<\/strong><\/p>\n<p><strong>16:30 &#8211; 17:00 h<\/strong>\u00a0\u00ab<em>La macchina del tempo<\/em>\u00bb &#8211; Los mejores \u00e9xitos de la m\u00fasica italiana<\/p>\n<p><strong>17.00 &#8211; 20.30 h<\/strong>\u00a0<strong>\u00abSpritz time\u00bb<\/strong>\u00a0Aperitivo italiano<\/p>\n<p><strong>17.00 &#8211; 17.45 h<\/strong>\u00a0<em>M\u00fasica live<\/em>\u00a0con\u00a0<strong>Randagiu Sardu<\/strong><\/p>\n<p><strong>18.00 &#8211; 18.15 h<\/strong>\u00a0<strong>Saludos institucionales<\/strong>\u00a0de las autoridades italianas en Espa\u00f1a\u00a0<\/p>\n<p><strong>18.15 &#8211; 19.15 h<\/strong>\u00a0<em>M\u00fasica live<\/em>\u00a0con\u00a0<strong>Coro Italiano<\/strong><\/p>\n<p><strong>19.15 &#8211; 20.00 h<\/strong>\u00a0\u00ab<em>La macchina del tempo<\/em>\u00bb &#8211; Los mejores \u00e9xitos de la m\u00fasica italiana<\/p>\n<p><strong>20.00 &#8211; 21.15 h<\/strong>\u00a0<em>M\u00fasica live<\/em>\u00a0con\u00a0<strong>Tot\u00f2 e Tot\u00f2<\/strong><\/p>\n<p><strong>21.45 &#8211; 23.30 h<\/strong>\u00a0<em>M\u00fasica live<\/em>\u00a0con\u00a0<strong>Baciamolemani<\/strong><\/p>\n<\/div>\n<\/div>\n<div class=\"b b-s b-hr-line line-auto\"><hr class=\"line-style line-color\" \/><\/div>\n<div class=\"b b-text cf\">\n<div class=\"b-c b-text-c b-s b-s-t60 b-s-b60 b-cs cf\">\n<p class=\"wnd-align-left\"><strong><span class=\"wsw-14\">Domingo 5 de junio<\/span><\/strong><\/p>\n<\/div>\n<\/div>\n<div class=\"b b-text cf\">\n<div class=\"b-c b-text-c b-s b-s-t60 b-s-b60 b-cs cf\">\n<p><strong>10.00 h\u00a0<\/strong>Apertura de puertas<\/p>\n<p><strong>10.00 &#8211; 11.00 h\u00a0<\/strong>\u00abLa macchina del tempo\u00bb &#8211; Los mejores \u00e9xitos de la m\u00fasica italiana<\/p>\n<p><strong>10.00 &#8211; 17.00 h<\/strong>\u00a0Actividades para ni\u00f1os y j\u00f3venes<\/p>\n<p><strong>11.00 &#8211; 11.45 h<\/strong>\u00a0<b>Sara Gatell <\/b>presenta <strong>Grupos de danza moderna viernes<\/strong><\/p>\n<p><strong>12:00 &#8211; 13:00 h<\/strong>\u00a0Karaoke con\u00a0<strong>Dario Bontempi<\/strong><\/p>\n<p><strong>13.15 &#8211; 15.15 h<\/strong>\u00a0<em>Dj Set<\/em>\u00a0con\u00a0<strong>Davide Mazzara<\/strong><\/p>\n<p><strong>15.30 &#8211; 16.30 h<\/strong>\u00a0<em>M\u00fasica live<\/em>\u00a0con\u00a0<strong>Jonathan Colombo<\/strong><\/p>\n<p>Aqu\u00ed el programa de las <strong>actividades infantiles<\/strong>:<\/p>\n<p><img loading=\"lazy\" decoding=\"async\" class=\"aligncenter size-full wp-image-42342\" src=\"https:\/\/www.vidademadrid.com\/es\/wp-content\/uploads\/2022\/05\/Programa-activiades-infatiles.jpg\" alt=\"\" width=\"1600\" height=\"1236\" srcset=\"https:\/\/www.vidademadrid.com\/es\/wp-content\/uploads\/2022\/05\/Programa-activiades-infatiles.jpg 1600w, https:\/\/www.vidademadrid.com\/es\/wp-content\/uploads\/2022\/05\/Programa-activiades-infatiles-300x232.jpg 300w, https:\/\/www.vidademadrid.com\/es\/wp-content\/uploads\/2022\/05\/Programa-activiades-infatiles-1024x791.jpg 1024w, https:\/\/www.vidademadrid.com\/es\/wp-content\/uploads\/2022\/05\/Programa-activiades-infatiles-768x593.jpg 768w, https:\/\/www.vidademadrid.com\/es\/wp-content\/uploads\/2022\/05\/Programa-activiades-infatiles-1536x1187.jpg 1536w, https:\/\/www.vidademadrid.com\/es\/wp-content\/uploads\/2022\/05\/Programa-activiades-infatiles-696x538.jpg 696w, https:\/\/www.vidademadrid.com\/es\/wp-content\/uploads\/2022\/05\/Programa-activiades-infatiles-1068x825.jpg 1068w, https:\/\/www.vidademadrid.com\/es\/wp-content\/uploads\/2022\/05\/Programa-activiades-infatiles-544x420.jpg 544w\" sizes=\"auto, (max-width: 1600px) 100vw, 1600px\" \/><\/p>\n<p>\u00a0<\/p>\n<\/div>\n<\/div>\n<h2>Entradas para Passione Italia 2022<\/h2>\n<p class=\"p1\">La edici\u00f3n de verano de #PassioneItalia tendr\u00e1 lugar el <b>3, 4 y 5 de junio <\/b>en el <b>patio de la Scuola Italiana Madrid <\/b>(Liceo Italiano &#8211; calle Agust\u00edn de Betancourt. Metro R\u00edos Rosas \/ Alonso Cano \/ Nuevos Ministerios).<\/p>\n<p class=\"p1\">La entrada para un d\u00eda cuesta <b>3 euros <\/b>y para los 3 d\u00edas <b>5 euros. <\/b>Los menores de 14 a\u00f1os entran gratis. Las entradas se compran directamente en taquilla.<\/p>\n<p><script async=\"\" src=\"https:\/\/pagead2.googlesyndication.com\/pagead\/js\/adsbygoogle.js\"><\/script><\/p>\n<p><!-- Vertical2020 --><\/p>\n<p><ins class=\"adsbygoogle\" style=\"display: block;\" data-ad-client=\"ca-pub-7450064428034605\" data-ad-slot=\"4377430105\" data-ad-format=\"auto\" data-full-width-responsive=\"true\"><\/ins><script>(adsbygoogle = window.adsbygoogle || []).push({});<\/script><\/p>\n\n\n<figure class=\"wp-block-embed is-type-rich is-provider-twitter wp-block-embed-twitter\"><div class=\"wp-block-embed__wrapper\">\n<blockquote class=\"twitter-tweet\" data-width=\"550\" data-dnt=\"true\"><p lang=\"es\" dir=\"ltr\">\u26a0\ufe0f \u00a1\u00a1\u00a1Vuelve <a href=\"https:\/\/twitter.com\/hashtag\/PassioneItalia?src=hash&amp;ref_src=twsrc%5Etfw\">#PassioneItalia<\/a>!!!<br>? 3-5 de junio<br>? Scuola Italiana Madrid (c\/ Agust\u00edn de Betancourt, 1 &#8211; 28003 Madrid)<br>? Restauraci\u00f3n, venta de productos agroalimentarios, artesan\u00eda, cultura, actividades para ni\u00f1os, m\u00fasica y\u2026\u00a1mucho m\u00e1s!<br>? \u00a1Te esperamos! <a href=\"https:\/\/t.co\/lQTee8l4CG\">pic.twitter.com\/lQTee8l4CG<\/a><\/p>&mdash; CCIS Madrid (@CCISMadrid) <a href=\"https:\/\/twitter.com\/CCISMadrid\/status\/1517111529757417477?ref_src=twsrc%5Etfw\">April 21, 2022<\/a><\/blockquote><script async src=\"https:\/\/platform.twitter.com\/widgets.js\" charset=\"utf-8\"><\/script>\n<\/div><\/figure>\n\n\n\n<p><\/p>\n","protected":false},"excerpt":{"rendered":"<p>Habr\u00e1 m\u00fasica en vivo, venta de productos y degustaci\u00f3n de comida. <\/p>\n","protected":false},"author":15,"featured_media":41616,"comment_status":"open","ping_status":"open","sticky":false,"template":"","format":"standard","meta":{"footnotes":""},"categories":[11],"tags":[],"class_list":{"0":"post-41615","1":"post","2":"type-post","3":"status-publish","4":"format-standard","5":"has-post-thumbnail","7":"category-eventos-madrid"},"_links":{"self":[{"href":"https:\/\/www.vidademadrid.com\/es\/wp-json\/wp\/v2\/posts\/41615","targetHints":{"allow":["GET"]}}],"collection":[{"href":"https:\/\/www.vidademadrid.com\/es\/wp-json\/wp\/v2\/posts"}],"about":[{"href":"https:\/\/www.vidademadrid.com\/es\/wp-json\/wp\/v2\/types\/post"}],"author":[{"embeddable":true,"href":"https:\/\/www.vidademadrid.com\/es\/wp-json\/wp\/v2\/users\/15"}],"replies":[{"embeddable":true,"href":"https:\/\/www.vidademadrid.com\/es\/wp-json\/wp\/v2\/comments?post=41615"}],"version-history":[{"count":5,"href":"https:\/\/www.vidademadrid.com\/es\/wp-json\/wp\/v2\/posts\/41615\/revisions"}],"predecessor-version":[{"id":42343,"href":"https:\/\/www.vidademadrid.com\/es\/wp-json\/wp\/v2\/posts\/41615\/revisions\/42343"}],"wp:featuredmedia":[{"embeddable":true,"href":"https:\/\/www.vidademadrid.com\/es\/wp-json\/wp\/v2\/media\/41616"}],"wp:attachment":[{"href":"https:\/\/www.vidademadrid.com\/es\/wp-json\/wp\/v2\/media?parent=41615"}],"wp:term":[{"taxonomy":"category","embeddable":true,"href":"https:\/\/www.vidademadrid.com\/es\/wp-json\/wp\/v2\/categories?post=41615"},{"taxonomy":"post_tag","embeddable":true,"href":"https:\/\/www.vidademadrid.com\/es\/wp-json\/wp\/v2\/tags?post=41615"}],"curies":[{"name":"wp","href":"https:\/\/api.w.org\/{rel}","templated":true}]}}