{"id":41588,"date":"2022-04-21T04:15:30","date_gmt":"2022-04-21T02:15:30","guid":{"rendered":"https:\/\/www.vidademadrid.com\/es\/?p=41588"},"modified":"2022-04-21T04:20:35","modified_gmt":"2022-04-21T02:20:35","slug":"archivos-lambda-exposicion-centrocentro-cibeles-2022","status":"publish","type":"post","link":"https:\/\/www.vidademadrid.com\/es\/41588\/archivos-lambda-exposicion-centrocentro-cibeles-2022\/","title":{"rendered":"Visita \u00abArchivos Lambda\u00bb, la exposici\u00f3n gratuita sobre el Museo Munch de Oslo"},"content":{"rendered":"<p>La nueva exposici\u00f3n de&nbsp;<strong>CentroCentro,&nbsp;<em>\u00abArchivos Lambda. El proyecto del Museo Munch de Oslo\u00bb,<\/em><\/strong>&nbsp;presenta los documentos de los doce a\u00f1os de trabajo que se han dedicado al proyecto y la construcci\u00f3n del Museo Munch de Oslo. Sigue leyendo este art\u00edculo para conocer toda la informaci\u00f3n.&nbsp;<\/p>\n<h2>\u00abArchivos Lambda. El proyecto del Museo Munch de Oslo\u00bb<\/h2>\n<p><script async=\"\" src=\"https:\/\/pagead2.googlesyndication.com\/pagead\/js\/adsbygoogle.js\"><\/script> <ins class=\"adsbygoogle\" style=\"display: block;\" data-ad-format=\"fluid\" data-ad-layout-key=\"-7f+eo+1+2-5\" data-ad-client=\"ca-pub-7450064428034605\" data-ad-slot=\"7327027071\"><\/ins><script>(adsbygoogle = window.adsbygoogle || []).push({});<\/script><\/p>\n<p>Una nueva exposici\u00f3n llega al&nbsp;<strong>CentroCentro,&nbsp;<em>\u00abArchivos Lambda. El proyecto del Museo Munch de Oslo\u00bb,&nbsp;<\/em><\/strong>para mostrar la documentaci\u00f3n de los doce a\u00f1os de trabajo que&nbsp;<strong>estudioHerreros&nbsp;<\/strong>ha dedicado al proyecto y la construcci\u00f3n del <strong>Museo Munch de Oslo.&nbsp;<\/strong><\/p>\n<p>El nombre de la exposici\u00f3n, utiliza el lema bajo el que se ampar\u00f3 el anonimato de la propuesta de&nbsp;<strong>estudiosHerreros&nbsp;<\/strong>en el concurso internacional fallado en 2009 que fue usado por los medios hasta el comienzo de la construcci\u00f3n del edificio.&nbsp;<\/p>\n<p>Esta exposici\u00f3n, comisariada por Valent\u00edn Roma, busca acercarse al caso de un museo que se construye desde cero, y c\u00f3mo una ciudad muta su fisionom\u00eda con la aparici\u00f3n de un nuevo elemento arquitect\u00f3nico.&nbsp;<\/p>\n<p>El archivo documenta la historia interna del proyecto y que no suelen ver la luz habitualmente, as\u00ed<strong>&nbsp;<em>\u00abArchivos Lambda. El proyecto del Museo Munch de Oslo\u00bb&nbsp;<\/em><\/strong>ense\u00f1a las nueva formas de hacer arquitectura. Entre los documentos que se muestran, est\u00e1n las im\u00e1genes in\u00e9ditas que el fot\u00f3grafo Iwan Baan ha realizado del edificio y su entorno.&nbsp;<\/p>\n<h2>Visita la exposici\u00f3n&nbsp;<\/h2>\n<p><script async=\"\" src=\"https:\/\/pagead2.googlesyndication.com\/pagead\/js\/adsbygoogle.js\"><\/script> <ins class=\"adsbygoogle\" style=\"display: block; text-align: center;\" data-ad-layout=\"in-article\" data-ad-format=\"fluid\" data-ad-client=\"ca-pub-7450064428034605\" data-ad-slot=\"5670045061\"><\/ins> <script>(adsbygoogle = window.adsbygoogle || []).push({});<\/script><\/p>\n<p>La exposici\u00f3n <strong><em>\u00abArchivos Lambda. El proyecto del Museo Munch de Oslo\u00bb&nbsp;<\/em><\/strong>se podr\u00e1 visitar de&nbsp;<strong>martes a domingo&nbsp;<\/strong>de&nbsp;<strong>10 a 20 horas.&nbsp;<\/strong>Estar\u00e1 en el&nbsp;<strong>CentroCentro <\/strong>(Metro Banco de Espa\u00f1a) del&nbsp;<strong>22 de abril al 28 de agosto del 2022.&nbsp;<\/strong>La entrada es&nbsp;<strong>gratuita.&nbsp;<\/strong><\/p>\n\n\n<p><\/p>\n","protected":false},"excerpt":{"rendered":"<p>Con im\u00e1genes in\u00e9ditas que ha hecho Iwan Bann al entorno. <\/p>\n","protected":false},"author":15,"featured_media":41591,"comment_status":"open","ping_status":"open","sticky":false,"template":"","format":"standard","meta":{"footnotes":""},"categories":[111],"tags":[],"class_list":{"0":"post-41588","1":"post","2":"type-post","3":"status-publish","4":"format-standard","5":"has-post-thumbnail","7":"category-exposiciones-madrid"},"_links":{"self":[{"href":"https:\/\/www.vidademadrid.com\/es\/wp-json\/wp\/v2\/posts\/41588","targetHints":{"allow":["GET"]}}],"collection":[{"href":"https:\/\/www.vidademadrid.com\/es\/wp-json\/wp\/v2\/posts"}],"about":[{"href":"https:\/\/www.vidademadrid.com\/es\/wp-json\/wp\/v2\/types\/post"}],"author":[{"embeddable":true,"href":"https:\/\/www.vidademadrid.com\/es\/wp-json\/wp\/v2\/users\/15"}],"replies":[{"embeddable":true,"href":"https:\/\/www.vidademadrid.com\/es\/wp-json\/wp\/v2\/comments?post=41588"}],"version-history":[{"count":3,"href":"https:\/\/www.vidademadrid.com\/es\/wp-json\/wp\/v2\/posts\/41588\/revisions"}],"predecessor-version":[{"id":41595,"href":"https:\/\/www.vidademadrid.com\/es\/wp-json\/wp\/v2\/posts\/41588\/revisions\/41595"}],"wp:featuredmedia":[{"embeddable":true,"href":"https:\/\/www.vidademadrid.com\/es\/wp-json\/wp\/v2\/media\/41591"}],"wp:attachment":[{"href":"https:\/\/www.vidademadrid.com\/es\/wp-json\/wp\/v2\/media?parent=41588"}],"wp:term":[{"taxonomy":"category","embeddable":true,"href":"https:\/\/www.vidademadrid.com\/es\/wp-json\/wp\/v2\/categories?post=41588"},{"taxonomy":"post_tag","embeddable":true,"href":"https:\/\/www.vidademadrid.com\/es\/wp-json\/wp\/v2\/tags?post=41588"}],"curies":[{"name":"wp","href":"https:\/\/api.w.org\/{rel}","templated":true}]}}