{"id":41520,"date":"2022-04-18T11:36:38","date_gmt":"2022-04-18T09:36:38","guid":{"rendered":"https:\/\/www.vidademadrid.com\/es\/?p=41520"},"modified":"2022-04-18T11:36:41","modified_gmt":"2022-04-18T09:36:41","slug":"momentos-alhambra-aperitivos-thyssen-primavera-programa-museo-thyssen","status":"publish","type":"post","link":"https:\/\/www.vidademadrid.com\/es\/41520\/momentos-alhambra-aperitivos-thyssen-primavera-programa-museo-thyssen\/","title":{"rendered":"Vuelve Momentos Alhambra | #AperitivosThyssen esta primavera"},"content":{"rendered":"<p>Esta primavera vuelve&nbsp;<strong>Momentos Alhambra | #AperitivosThyssen&nbsp;<\/strong>con una propuesta especial. Adem\u00e1s, de su cita habitual de verano, a lo largo de abril y mayo se celebrar\u00e1n conciertos en el sal\u00f3n de actos del Museo Thyssen-Bornemisza. Conoce toda la informaci\u00f3n en este art\u00edculo.<\/p>\n<h2>Momentos Alhambra | #AperitivosThyssen<\/h2>\n<p><script async=\"\" src=\"https:\/\/pagead2.googlesyndication.com\/pagead\/js\/adsbygoogle.js\"><\/script> <ins class=\"adsbygoogle\" style=\"display:block\" data-ad-format=\"fluid\" data-ad-layout-key=\"-7f+eo+1+2-5\" data-ad-client=\"ca-pub-7450064428034605\" data-ad-slot=\"7327027071\"><\/ins><script>(adsbygoogle = window.adsbygoogle || []).push({});<\/script>Bajo el t\u00edtulo&nbsp;<em><strong>Fantas\u00eda<\/strong>,<\/em> este ciclo une m\u00fasica y pintura tomando como inspiraci\u00f3n conceptos como lo on\u00edrico, ex\u00f3tico, lo fant\u00e1stico o lo milagroso, de la manos de <strong>m\u00fasicos invitados<\/strong> como Marina Herlop, Ferran Palau, Sandra Monfort y Juan Aguire.&nbsp;<\/p>\n<p>Durante cuatro s\u00e1bados de <strong>abril y mayo<\/strong>, estos artistas revelaci\u00f3n de la escena nacional e internacional se realizar\u00e1n en el&nbsp;<strong>sal\u00f3n de actos del museo.&nbsp;<\/strong>Los conciertos tendr\u00e1n lugar a las&nbsp;<strong>12:30 horas,&nbsp;<\/strong>con la apertura de puertas a las 12 horas, y la entrada es libre hasta completar aforo.&nbsp;<\/p>\n<h2>Programa Momentos Alhambra | #AperitivosThyssen&nbsp;<\/h2>\n<p><script async=\"\" src=\"https:\/\/pagead2.googlesyndication.com\/pagead\/js\/adsbygoogle.js\"><\/script> <ins class=\"adsbygoogle\" style=\"display:block; text-align:center;\" data-ad-layout=\"in-article\" data-ad-format=\"fluid\" data-ad-client=\"ca-pub-7450064428034605\" data-ad-slot=\"5670045061\"><\/ins> <script>(adsbygoogle = window.adsbygoogle || []).push({});<\/script>Los cuatro conciertos que se podr\u00e1n disfrutar en el sal\u00f3n de actos del Museo Thyssen-Bornemisza son:<\/p>\n<ul>\n<li><strong>23 de abril: <\/strong>Marina Herlop actualiza su m\u00fasica cl\u00e1sica recurriendo a las \u00faltimas tendencias de la m\u00fasica electr\u00f3nica.&nbsp;<\/li>\n<li><strong>30 de abril:&nbsp;<\/strong>Ferran Palau crea un ambiente sincero y honesto a trav\u00e9s de la intimidad de la voz y guitarra del soft-pop que caracteriza su m\u00fasica.&nbsp;<\/li>\n<li><strong>7 de mayo:&nbsp;<\/strong>Sandra Monfort, una compositora, guitarrista y cantante, une en su m\u00fasica la m\u00fasica cl\u00e1sico con la tradicional. Sus canciones hablan de la condici\u00f3n humana, de la vulnerabilidad del alma, de sus fortalezas y fragilidades.&nbsp;<\/li>\n<li><strong>14 de mayo:&nbsp;<\/strong>Juana Aguirre, una de las promesas de la escena musical argentina y latinoamericana llega con sus emocionantes canciones que se funden con texturas electr\u00f3nicas.&nbsp;<\/li>\n<\/ul>\n","protected":false},"excerpt":{"rendered":"<p>Ser\u00e1n cuatro conciertos. <\/p>\n","protected":false},"author":15,"featured_media":41521,"comment_status":"open","ping_status":"open","sticky":false,"template":"","format":"standard","meta":{"footnotes":""},"categories":[111],"tags":[],"class_list":{"0":"post-41520","1":"post","2":"type-post","3":"status-publish","4":"format-standard","5":"has-post-thumbnail","7":"category-exposiciones-madrid"},"_links":{"self":[{"href":"https:\/\/www.vidademadrid.com\/es\/wp-json\/wp\/v2\/posts\/41520","targetHints":{"allow":["GET"]}}],"collection":[{"href":"https:\/\/www.vidademadrid.com\/es\/wp-json\/wp\/v2\/posts"}],"about":[{"href":"https:\/\/www.vidademadrid.com\/es\/wp-json\/wp\/v2\/types\/post"}],"author":[{"embeddable":true,"href":"https:\/\/www.vidademadrid.com\/es\/wp-json\/wp\/v2\/users\/15"}],"replies":[{"embeddable":true,"href":"https:\/\/www.vidademadrid.com\/es\/wp-json\/wp\/v2\/comments?post=41520"}],"version-history":[{"count":1,"href":"https:\/\/www.vidademadrid.com\/es\/wp-json\/wp\/v2\/posts\/41520\/revisions"}],"predecessor-version":[{"id":41522,"href":"https:\/\/www.vidademadrid.com\/es\/wp-json\/wp\/v2\/posts\/41520\/revisions\/41522"}],"wp:featuredmedia":[{"embeddable":true,"href":"https:\/\/www.vidademadrid.com\/es\/wp-json\/wp\/v2\/media\/41521"}],"wp:attachment":[{"href":"https:\/\/www.vidademadrid.com\/es\/wp-json\/wp\/v2\/media?parent=41520"}],"wp:term":[{"taxonomy":"category","embeddable":true,"href":"https:\/\/www.vidademadrid.com\/es\/wp-json\/wp\/v2\/categories?post=41520"},{"taxonomy":"post_tag","embeddable":true,"href":"https:\/\/www.vidademadrid.com\/es\/wp-json\/wp\/v2\/tags?post=41520"}],"curies":[{"name":"wp","href":"https:\/\/api.w.org\/{rel}","templated":true}]}}