{"id":41508,"date":"2022-04-18T10:31:40","date_gmt":"2022-04-18T08:31:40","guid":{"rendered":"https:\/\/www.vidademadrid.com\/es\/?p=41508"},"modified":"2022-04-18T13:02:35","modified_gmt":"2022-04-18T11:02:35","slug":"emt-madrid-viajes-gratis-19-abril-20-abril-2022","status":"publish","type":"post","link":"https:\/\/www.vidademadrid.com\/es\/41508\/emt-madrid-viajes-gratis-19-abril-20-abril-2022\/","title":{"rendered":"Podr\u00e1s viajar gratis en los autobuses de la EMT este martes y mi\u00e9rcoles"},"content":{"rendered":"<p>Los autobuses de la EMT ser\u00e1n gratuitos durante <strong>48 horas<\/strong> de esta semana. Coincidiendo con el regreso a la vida laboral y lectiva, los viajes en autob\u00fas durante el <strong>martes 19 y mi\u00e9rcoles 20<\/strong> ser\u00e1s gratuitos. Conoce toda la informaci\u00f3n en este art\u00edculo.<\/p>\n<h2>Viajar gratis en autob\u00fas<\/h2>\n<p><script async=\"\" src=\"https:\/\/pagead2.googlesyndication.com\/pagead\/js\/adsbygoogle.js\"><\/script> <ins class=\"adsbygoogle\" style=\"display: block;\" data-ad-format=\"fluid\" data-ad-layout-key=\"-7f+eo+1+2-5\" data-ad-client=\"ca-pub-7450064428034605\" data-ad-slot=\"7327027071\"><\/ins><script>(adsbygoogle = window.adsbygoogle || []).push({});<\/script>El Ayuntamiento de Madrid ha anunciado que los d\u00edas\u00a0<strong>19 y 20\u00a0<\/strong>de abril, los viajes en los\u00a0<strong>autobuses de la EMT ser\u00e1n gratis.\u00a0<\/strong>Esto con el objetivo de fomentar el uso de transporte p\u00fablico y la movilidad sostenible.<\/p>\n<p>Desde las\u00a0<strong>0:00 del martes hasta las 23:59 del mi\u00e9rcoles,\u00a0<\/strong>se podr\u00e1 viajar en cualquiera de los autobuses municipales sin costo <strong>(excepto en la Expr\u00e9s Aeropuerto)<\/strong>. Como en ocasiones anteriores, los usuarios tendr\u00e1n que validar su<strong> bono de transporte<\/strong> al subir al autob\u00fas; si no dispone de uno, el chofer le facilitar\u00e1 uno sin costo.<\/p>\n<h2>Fomento de la movilidad sostenible<\/h2>\n<p><script async=\"\" src=\"https:\/\/pagead2.googlesyndication.com\/pagead\/js\/adsbygoogle.js\"><\/script> <ins class=\"adsbygoogle\" style=\"display: block; text-align: center;\" data-ad-layout=\"in-article\" data-ad-format=\"fluid\" data-ad-client=\"ca-pub-7450064428034605\" data-ad-slot=\"5670045061\"><\/ins> <script>(adsbygoogle = window.adsbygoogle || []).push({});<\/script>Esta es la quinta vez que Madrid activa la gratuidad de los autobuses de la EMT, buscando promocionar el\u00a0<strong>transporte p\u00fablico y su uso.\u00a0<\/strong>Esta medida coincide\u00a0 con la vuelta a la\u00a0<strong>vida laboral y lectiva\u00a0<\/strong>tras el par\u00f3n de las vacaciones.<\/p>\n<p>La medida de los viajes gratis en autob\u00fas, se pone en marcha en las jornadas identificadas con un alto nivel de tr\u00e1fico, o episodio de alta contaminaci\u00f3n.<\/p>\n","protected":false},"excerpt":{"rendered":"<p>Excepto la l\u00ednea expr\u00e9s al aeropuerto. <\/p>\n","protected":false},"author":15,"featured_media":41509,"comment_status":"open","ping_status":"open","sticky":false,"template":"","format":"standard","meta":{"footnotes":""},"categories":[119,23],"tags":[],"class_list":{"0":"post-41508","1":"post","2":"type-post","3":"status-publish","4":"format-standard","5":"has-post-thumbnail","7":"category-portada","8":"category-transportes-huelgas-madrid"},"_links":{"self":[{"href":"https:\/\/www.vidademadrid.com\/es\/wp-json\/wp\/v2\/posts\/41508","targetHints":{"allow":["GET"]}}],"collection":[{"href":"https:\/\/www.vidademadrid.com\/es\/wp-json\/wp\/v2\/posts"}],"about":[{"href":"https:\/\/www.vidademadrid.com\/es\/wp-json\/wp\/v2\/types\/post"}],"author":[{"embeddable":true,"href":"https:\/\/www.vidademadrid.com\/es\/wp-json\/wp\/v2\/users\/15"}],"replies":[{"embeddable":true,"href":"https:\/\/www.vidademadrid.com\/es\/wp-json\/wp\/v2\/comments?post=41508"}],"version-history":[{"count":2,"href":"https:\/\/www.vidademadrid.com\/es\/wp-json\/wp\/v2\/posts\/41508\/revisions"}],"predecessor-version":[{"id":41515,"href":"https:\/\/www.vidademadrid.com\/es\/wp-json\/wp\/v2\/posts\/41508\/revisions\/41515"}],"wp:featuredmedia":[{"embeddable":true,"href":"https:\/\/www.vidademadrid.com\/es\/wp-json\/wp\/v2\/media\/41509"}],"wp:attachment":[{"href":"https:\/\/www.vidademadrid.com\/es\/wp-json\/wp\/v2\/media?parent=41508"}],"wp:term":[{"taxonomy":"category","embeddable":true,"href":"https:\/\/www.vidademadrid.com\/es\/wp-json\/wp\/v2\/categories?post=41508"},{"taxonomy":"post_tag","embeddable":true,"href":"https:\/\/www.vidademadrid.com\/es\/wp-json\/wp\/v2\/tags?post=41508"}],"curies":[{"name":"wp","href":"https:\/\/api.w.org\/{rel}","templated":true}]}}