{"id":41493,"date":"2022-04-14T11:24:43","date_gmt":"2022-04-14T09:24:43","guid":{"rendered":"https:\/\/www.vidademadrid.com\/es\/?p=41493"},"modified":"2022-05-02T11:39:58","modified_gmt":"2022-05-02T09:39:58","slug":"mercado-matadero-matadero-madrid-fechas-2022","status":"publish","type":"post","link":"https:\/\/www.vidademadrid.com\/es\/41493\/mercado-matadero-matadero-madrid-fechas-2022\/","title":{"rendered":"Llega el Mercado de Matadero, un espacio dedicado a la gastronom\u00eda"},"content":{"rendered":"<p>La\u00a0<strong>Plaza de Matadero Madrid\u00a0<\/strong>inaugura un espacio dedicado a la gastronom\u00eda y el producto de proximidad. Este evento se realizar\u00e1 una <strong>cita mensual<\/strong> en la que se podr\u00e1 comprar de forma directa de <strong>productores locales<\/strong>. Sigue leyendo este art\u00edculo para conocer toda la informaci\u00f3n.\u00a0<\/p>\n<h2>Mercado de Matadero\u00a0<\/h2>\n<p><script async=\"\" src=\"https:\/\/pagead2.googlesyndication.com\/pagead\/js\/adsbygoogle.js\"><\/script> <ins class=\"adsbygoogle\" style=\"display: block;\" data-ad-format=\"fluid\" data-ad-layout-key=\"-7f+eo+1+2-5\" data-ad-client=\"ca-pub-7450064428034605\" data-ad-slot=\"7327027071\"><\/ins><script>(adsbygoogle = window.adsbygoogle || []).push({});<\/script><\/p>\n<p>El nuevo\u00a0<strong>Mercado de Matadero\u00a0<\/strong>contar\u00e1 con\u00a0<strong>70 expositores\u00a0<\/strong>para degustar los productos que se adquieran. As\u00ed, la <strong>Plaza de Matadero Madrid\u00a0<\/strong>tendr\u00e1 un espacio dedicado a la gastronom\u00eda y el producto de proximidad.\u00a0<\/p>\n<p>Entre los productos que podr\u00e1s adquirir en el\u00a0<strong>Mercado de Matadero <\/strong>hay frutas, carnes de la\u00a0Sierra de Guadarrama, verduras, aceite, mermeladas, quesos, pan de masa madre, chocolate, cervezas, boller\u00eda, conservas, miel, empanadas y muchos m\u00e1s. \u00a0<\/p>\n<p>Este evento presenta una oportunidad \u00fanica para comprar directamente a los peque\u00f1os productores y apoyar el desarrollo de las zonas rurales y el sostenimiento ecol\u00f3gico as\u00ed como compartir la gastronom\u00eda entre las \u00e1reas urbanas y rurales.\u00a0<\/p>\n<h2>Visita el Mercado de Matadero\u00a0<\/h2>\n<p><script async=\"\" src=\"https:\/\/pagead2.googlesyndication.com\/pagead\/js\/adsbygoogle.js\"><\/script> <ins class=\"adsbygoogle\" style=\"display: block; text-align: center;\" data-ad-layout=\"in-article\" data-ad-format=\"fluid\" data-ad-client=\"ca-pub-7450064428034605\" data-ad-slot=\"5670045061\"><\/ins> <script>(adsbygoogle = window.adsbygoogle || []).push({});<\/script><\/p>\n<p>El\u00a0<strong>Mercado de Matadero\u00a0<\/strong>estar\u00e1 en la Plaza de Matadero en Matadero Madrid (Metro Legazpi). El horario ser\u00e1 los s\u00e1bados de\u00a0<strong>10 a 18 horas\u00a0<\/strong>y los domingos de\u00a0<strong>11 a 17 horas.\u00a0<\/strong>La entrada ser\u00e1\u00a0<strong>gratuita\u00a0<\/strong>hasta completar el aforo.\u00a0<\/p>\n<p>Las fechas en las que se llevar\u00e1 a cabo este 2022 ser\u00e1n:\u00a0<\/p>\n<ul>\n<li><em>23 y 24 de abril &#8211; SUSPENDIDO por inclemencias meteorol\u00f3gicas<\/em><\/li>\n<li>28 y 29 de mayo<\/li>\n<li>25 y 26 de junio<\/li>\n<li>17 y 18 de septiembre<\/li>\n<li>22 y 23 de octubre<\/li>\n<li>19 y 20 de noviembre\u00a0<\/li>\n<\/ul>\n<p>Los meses de julio y agosto no habr\u00e1\u00a0<strong>Mercado de Matadero.\u00a0<\/strong><\/p>\n\n\n<p><\/p>\n","protected":false},"excerpt":{"rendered":"<p>Contar\u00e1 con 70 expositores. <\/p>\n","protected":false},"author":15,"featured_media":41494,"comment_status":"open","ping_status":"open","sticky":false,"template":"","format":"standard","meta":{"footnotes":""},"categories":[101,119],"tags":[],"class_list":{"0":"post-41493","1":"post","2":"type-post","3":"status-publish","4":"format-standard","5":"has-post-thumbnail","7":"category-ferias-fiestas-mercados-madrid","8":"category-portada"},"_links":{"self":[{"href":"https:\/\/www.vidademadrid.com\/es\/wp-json\/wp\/v2\/posts\/41493","targetHints":{"allow":["GET"]}}],"collection":[{"href":"https:\/\/www.vidademadrid.com\/es\/wp-json\/wp\/v2\/posts"}],"about":[{"href":"https:\/\/www.vidademadrid.com\/es\/wp-json\/wp\/v2\/types\/post"}],"author":[{"embeddable":true,"href":"https:\/\/www.vidademadrid.com\/es\/wp-json\/wp\/v2\/users\/15"}],"replies":[{"embeddable":true,"href":"https:\/\/www.vidademadrid.com\/es\/wp-json\/wp\/v2\/comments?post=41493"}],"version-history":[{"count":2,"href":"https:\/\/www.vidademadrid.com\/es\/wp-json\/wp\/v2\/posts\/41493\/revisions"}],"predecessor-version":[{"id":41583,"href":"https:\/\/www.vidademadrid.com\/es\/wp-json\/wp\/v2\/posts\/41493\/revisions\/41583"}],"wp:featuredmedia":[{"embeddable":true,"href":"https:\/\/www.vidademadrid.com\/es\/wp-json\/wp\/v2\/media\/41494"}],"wp:attachment":[{"href":"https:\/\/www.vidademadrid.com\/es\/wp-json\/wp\/v2\/media?parent=41493"}],"wp:term":[{"taxonomy":"category","embeddable":true,"href":"https:\/\/www.vidademadrid.com\/es\/wp-json\/wp\/v2\/categories?post=41493"},{"taxonomy":"post_tag","embeddable":true,"href":"https:\/\/www.vidademadrid.com\/es\/wp-json\/wp\/v2\/tags?post=41493"}],"curies":[{"name":"wp","href":"https:\/\/api.w.org\/{rel}","templated":true}]}}