{"id":41481,"date":"2022-04-13T13:44:11","date_gmt":"2022-04-13T11:44:11","guid":{"rendered":"https:\/\/www.vidademadrid.com\/es\/?p=41481"},"modified":"2022-04-13T15:43:27","modified_gmt":"2022-04-13T13:43:27","slug":"espectaculo-la-granja-fuentes-palacio-real-segovia-2022","status":"publish","type":"post","link":"https:\/\/www.vidademadrid.com\/es\/41481\/espectaculo-la-granja-fuentes-palacio-real-segovia-2022\/","title":{"rendered":"Vuelve el espect\u00e1culo de las fuentes en La Granja en Segovia"},"content":{"rendered":"<p>El espect\u00e1culo de las fuentes de <strong>La Granja de San Ildelfonso&nbsp;<\/strong>en&nbsp;<strong>Segovia&nbsp;<\/strong>volver\u00e1 con cuatro jornadas durante Semana Santa. Este fascinante espect\u00e1culo encender\u00e1 las fuentes de El Canastillo, Las Ranas, los Ba\u00f1os de Diana y La Fama. Sigue leyendo este art\u00edculo para conocer toda la informaci\u00f3n.&nbsp;<\/p>\n<h2>Espect\u00e1culo en La Granja&nbsp;<\/h2>\n<p><script async=\"\" src=\"https:\/\/pagead2.googlesyndication.com\/pagead\/js\/adsbygoogle.js\"><\/script> <ins class=\"adsbygoogle\" style=\"display:block\" data-ad-format=\"fluid\" data-ad-layout-key=\"-7f+eo+1+2-5\" data-ad-client=\"ca-pub-7450064428034605\" data-ad-slot=\"7327027071\"><\/ins><script>(adsbygoogle = window.adsbygoogle || []).push({});<\/script><\/p>\n<p>Los Jardines del Palacio Real de La Granja de San Ildelfonso se volver\u00e1n a encender esta Semana Santa con&nbsp;<strong>cuatro jornadas de espect\u00e1culos de agua&nbsp;<\/strong>para los visitantes del&nbsp;<strong>Palacio Real segoviano.&nbsp;<\/strong>Estas fuentes cuyo funcionamiento original del siglo XVIII es considerado uno de los mejores conservados en los jardines hist\u00f3ricos de Europa.&nbsp;<\/p>\n<p>De Jueves Santo al Domingo de Resurrecci\u00f3n, las fuentes de El Canastillo, Las Ranas, Los ba\u00f1os de Diana y La Fama. El acceso se podr\u00e1 realizar dos horas antes y habr\u00e1 u aforo m\u00e1ximo de&nbsp;<strong>5 mil personas.&nbsp;<\/strong><\/p>\n<h2>Ver el espect\u00e1culo de las Fuentes en La Granja&nbsp;<\/h2>\n<p><script async=\"\" src=\"https:\/\/pagead2.googlesyndication.com\/pagead\/js\/adsbygoogle.js\"><\/script> <ins class=\"adsbygoogle\" style=\"display:block; text-align:center;\" data-ad-layout=\"in-article\" data-ad-format=\"fluid\" data-ad-client=\"ca-pub-7450064428034605\" data-ad-slot=\"5670045061\"><\/ins> <script>(adsbygoogle = window.adsbygoogle || []).push({});<\/script><\/p>\n<p>Los espect\u00e1culos de&nbsp;<strong>Las Fuentes en La Granja&nbsp;<\/strong>ser\u00e1n a las&nbsp;<strong>17.30 h el jueves, viernes y s\u00e1bado y a las 13 h, el domingo.&nbsp;<\/strong>El acceso ser\u00e1 gratuito para las personas que adquieran su entrada al Palacio Real de La Granja, para el resto de visitantes el costo ser\u00e1 de <strong>4 euros.&nbsp;<\/strong><\/p>\n\n\n<figure class=\"wp-block-embed is-type-rich is-provider-twitter wp-block-embed-twitter\"><div class=\"wp-block-embed__wrapper\">\n<blockquote class=\"twitter-tweet\" data-width=\"550\" data-dnt=\"true\"><p lang=\"es\" dir=\"ltr\">\u26f2 \u00a1Vuelve el impresionante espect\u00e1culo de las fuentes en La Granja en <a href=\"https:\/\/twitter.com\/hashtag\/Segovia?src=hash&amp;ref_src=twsrc%5Etfw\">#Segovia<\/a>! <a href=\"https:\/\/twitter.com\/PatrimNacional?ref_src=twsrc%5Etfw\">@PatrimNacional<\/a> inaugura ma\u00f1ana la temporada por todo lo alto, con cuatro espect\u00e1culos esta semana y accesos <a href=\"https:\/\/twitter.com\/hashtag\/gratis?src=hash&amp;ref_src=twsrc%5Etfw\">#gratis<\/a> con la entrada ordinaria al Palacio.<br><br>\u2139\ufe0f  <a href=\"https:\/\/t.co\/tvmYNmx70R\">https:\/\/t.co\/tvmYNmx70R<\/a> <a href=\"https:\/\/t.co\/Mwl8sCBPsV\">pic.twitter.com\/Mwl8sCBPsV<\/a><\/p>&mdash; Patrimonio Nacional (@PatrimNacional) <a href=\"https:\/\/twitter.com\/PatrimNacional\/status\/1514183361698304000?ref_src=twsrc%5Etfw\">April 13, 2022<\/a><\/blockquote><script async src=\"https:\/\/platform.twitter.com\/widgets.js\" charset=\"utf-8\"><\/script>\n<\/div><\/figure>\n","protected":false},"excerpt":{"rendered":"<p>Los encendidos ser\u00e1n gratuitos para los que compren entrada para el Palacio de la Granja. <\/p>\n","protected":false},"author":15,"featured_media":41482,"comment_status":"open","ping_status":"open","sticky":false,"template":"","format":"standard","meta":{"footnotes":""},"categories":[25,101],"tags":[],"class_list":{"0":"post-41481","1":"post","2":"type-post","3":"status-publish","4":"format-standard","5":"has-post-thumbnail","7":"category-escapadas-desde-madrid","8":"category-ferias-fiestas-mercados-madrid"},"_links":{"self":[{"href":"https:\/\/www.vidademadrid.com\/es\/wp-json\/wp\/v2\/posts\/41481","targetHints":{"allow":["GET"]}}],"collection":[{"href":"https:\/\/www.vidademadrid.com\/es\/wp-json\/wp\/v2\/posts"}],"about":[{"href":"https:\/\/www.vidademadrid.com\/es\/wp-json\/wp\/v2\/types\/post"}],"author":[{"embeddable":true,"href":"https:\/\/www.vidademadrid.com\/es\/wp-json\/wp\/v2\/users\/15"}],"replies":[{"embeddable":true,"href":"https:\/\/www.vidademadrid.com\/es\/wp-json\/wp\/v2\/comments?post=41481"}],"version-history":[{"count":3,"href":"https:\/\/www.vidademadrid.com\/es\/wp-json\/wp\/v2\/posts\/41481\/revisions"}],"predecessor-version":[{"id":41491,"href":"https:\/\/www.vidademadrid.com\/es\/wp-json\/wp\/v2\/posts\/41481\/revisions\/41491"}],"wp:featuredmedia":[{"embeddable":true,"href":"https:\/\/www.vidademadrid.com\/es\/wp-json\/wp\/v2\/media\/41482"}],"wp:attachment":[{"href":"https:\/\/www.vidademadrid.com\/es\/wp-json\/wp\/v2\/media?parent=41481"}],"wp:term":[{"taxonomy":"category","embeddable":true,"href":"https:\/\/www.vidademadrid.com\/es\/wp-json\/wp\/v2\/categories?post=41481"},{"taxonomy":"post_tag","embeddable":true,"href":"https:\/\/www.vidademadrid.com\/es\/wp-json\/wp\/v2\/tags?post=41481"}],"curies":[{"name":"wp","href":"https:\/\/api.w.org\/{rel}","templated":true}]}}