{"id":41431,"date":"2022-04-12T11:21:34","date_gmt":"2022-04-12T09:21:34","guid":{"rendered":"https:\/\/www.vidademadrid.com\/es\/?p=41431"},"modified":"2022-04-12T13:36:49","modified_gmt":"2022-04-12T11:36:49","slug":"palacio-capricho-obras-museo-duques-de-osuna-2022","status":"publish","type":"post","link":"https:\/\/www.vidademadrid.com\/es\/41431\/palacio-capricho-obras-museo-duques-de-osuna-2022\/","title":{"rendered":"El Palacio del Capricho volver\u00e1 a abrir sus puertas como museo"},"content":{"rendered":"<p>El\u00a0<strong>Ayuntamiento de Madrid <\/strong>iniciar\u00e1 las obras de rehabilitaci\u00f3n del\u00a0<strong>Palacio del Capricho\u00a0<\/strong>en las pr\u00f3ximas semanas. Este palacio, que lleva varios a\u00f1os cerrado, volver\u00e1 a abrir sus puertas como<a href=\"https:\/\/www.vidademadrid.com\/es\/34908\/palacio-de-los-duques-de-osuna-apertura\/\"> museo<\/a>. Sigue leyendo este art\u00edculo para conocer toda la informaci\u00f3n.\u00a0<\/p>\n<h2>Obras de rehabilitaci\u00f3n del Palacio del Capricho\u00a0<\/h2>\n<p><script async=\"\" src=\"https:\/\/pagead2.googlesyndication.com\/pagead\/js\/adsbygoogle.js\"><\/script> <ins class=\"adsbygoogle\" style=\"display: block;\" data-ad-format=\"fluid\" data-ad-layout-key=\"-7f+eo+1+2-5\" data-ad-client=\"ca-pub-7450064428034605\" data-ad-slot=\"7327027071\"><\/ins><script>(adsbygoogle = window.adsbygoogle || []).push({});<\/script><\/p>\n<p>El proyecto actual tiene como objetivo finalizar la rehabilitaci\u00f3n estructural y de las cubiertas y fachadas del\u00a0<strong>Palacio del Capricho,\u00a0<\/strong>que permitir\u00e1 la rehabilitaci\u00f3n interior para convertirlo en museo.\u00a0Este museo girar\u00e1 en torno a la figura de\u00a0<strong>la duquesa de Osuna,\u00a0<\/strong>el jard\u00edn del palacio y su tiempo.\u00a0<\/p>\n<p>Las obras se realizar\u00e1n en\u00a0<strong>dos fases.\u00a0<\/strong>La primera asume la parte constructiva, estructural y de cerramiento del edificio as\u00ed como todas las intervenciones necesarias en el <strong>exterior\u00a0<\/strong>del edificio. Se prev\u00e9 que esta primera parte dur\u00e9 12 meses.\u00a0<\/p>\n<p>La\u00a0<strong>segunda fase\u00a0<\/strong>asumir\u00e1 los acabados interiores y la adaptaci\u00f3n del edificio como museo. Se ha calculado que el decalaje entre ambas fases sea de seis meses.<strong>\u00a0<\/strong><\/p>\n<h2>Palacio de los Duques de Osuna\u00a0<\/h2>\n<p><script async=\"\" src=\"https:\/\/pagead2.googlesyndication.com\/pagead\/js\/adsbygoogle.js\"><\/script> <ins class=\"adsbygoogle\" style=\"display: block; text-align: center;\" data-ad-layout=\"in-article\" data-ad-format=\"fluid\" data-ad-client=\"ca-pub-7450064428034605\" data-ad-slot=\"5670045061\"><\/ins> <script>(adsbygoogle = window.adsbygoogle || []).push({});<\/script><\/p>\n<p>El\u00a0<strong>Palacio de los Duques de Osuna, o Palacio del Capricho,\u00a0<\/strong>est\u00e1 ubicado en el jard\u00edn del Capricho y abrir\u00e1 como un museo que gire en torno a la historia de Madrid desde el siglo XVIII.\u00a0<\/p>\n<p>El\u00a0<strong>Palacio del Capricho <\/strong>fue declarado <strong>Bien de Inter\u00e9s Cultural <\/strong>y ser\u00e1 pieza esencial del museo en el que se podr\u00e1 conocer sobre el ambiente cultural, social y econ\u00f3mico de Espa\u00f1a en esa \u00e9poca. \u00a0<\/p>\n\n\n<p><\/p>\n","protected":false},"excerpt":{"rendered":"<p>El Museo girar\u00e1 en torno a la figura de la Duquesa de Osuna. <\/p>\n","protected":false},"author":15,"featured_media":41432,"comment_status":"open","ping_status":"open","sticky":false,"template":"","format":"standard","meta":{"footnotes":""},"categories":[111],"tags":[],"class_list":{"0":"post-41431","1":"post","2":"type-post","3":"status-publish","4":"format-standard","5":"has-post-thumbnail","7":"category-exposiciones-madrid"},"_links":{"self":[{"href":"https:\/\/www.vidademadrid.com\/es\/wp-json\/wp\/v2\/posts\/41431","targetHints":{"allow":["GET"]}}],"collection":[{"href":"https:\/\/www.vidademadrid.com\/es\/wp-json\/wp\/v2\/posts"}],"about":[{"href":"https:\/\/www.vidademadrid.com\/es\/wp-json\/wp\/v2\/types\/post"}],"author":[{"embeddable":true,"href":"https:\/\/www.vidademadrid.com\/es\/wp-json\/wp\/v2\/users\/15"}],"replies":[{"embeddable":true,"href":"https:\/\/www.vidademadrid.com\/es\/wp-json\/wp\/v2\/comments?post=41431"}],"version-history":[{"count":4,"href":"https:\/\/www.vidademadrid.com\/es\/wp-json\/wp\/v2\/posts\/41431\/revisions"}],"predecessor-version":[{"id":41438,"href":"https:\/\/www.vidademadrid.com\/es\/wp-json\/wp\/v2\/posts\/41431\/revisions\/41438"}],"wp:featuredmedia":[{"embeddable":true,"href":"https:\/\/www.vidademadrid.com\/es\/wp-json\/wp\/v2\/media\/41432"}],"wp:attachment":[{"href":"https:\/\/www.vidademadrid.com\/es\/wp-json\/wp\/v2\/media?parent=41431"}],"wp:term":[{"taxonomy":"category","embeddable":true,"href":"https:\/\/www.vidademadrid.com\/es\/wp-json\/wp\/v2\/categories?post=41431"},{"taxonomy":"post_tag","embeddable":true,"href":"https:\/\/www.vidademadrid.com\/es\/wp-json\/wp\/v2\/tags?post=41431"}],"curies":[{"name":"wp","href":"https:\/\/api.w.org\/{rel}","templated":true}]}}