{"id":41427,"date":"2022-04-12T10:49:40","date_gmt":"2022-04-12T08:49:40","guid":{"rendered":"https:\/\/www.vidademadrid.com\/es\/?p=41427"},"modified":"2022-04-12T10:49:46","modified_gmt":"2022-04-12T08:49:46","slug":"exposicion-la-eclosion-vidrio-museo-cerralbo-2022","status":"publish","type":"post","link":"https:\/\/www.vidademadrid.com\/es\/41427\/exposicion-la-eclosion-vidrio-museo-cerralbo-2022\/","title":{"rendered":"La exposici\u00f3n \u00abLa eclosi\u00f3n del vidrio contempor\u00e1neo\u00bb, llega al Museo Cerralbo"},"content":{"rendered":"<p>Una nueva exposici\u00f3n llega al Museo Cerralbo, <em><strong>\u00abLa eclosi\u00f3n del vidrio contempor\u00e1neo. Recordando Vicointer &#8217;83\u00bb.&nbsp;<\/strong><\/em>Esta exposici\u00f3n es un homenaje a la figura del escultor del vidrio&nbsp;<strong>Torres Esteban&nbsp;<\/strong>y la exposici\u00f3n Vicointer &#8217;83. Conoce en este art\u00edculo toda la informaci\u00f3n.&nbsp;<\/p>\n<h2 class=\"p1\">\u00abLa eclosi\u00f3n del vidrio contempor\u00e1neo. Recordando Vicointer &#8217;83\u00bb<\/h2>\n<p><script async=\"\" src=\"https:\/\/pagead2.googlesyndication.com\/pagead\/js\/adsbygoogle.js\"><\/script> <ins class=\"adsbygoogle\" style=\"display:block\" data-ad-format=\"fluid\" data-ad-layout-key=\"-7f+eo+1+2-5\" data-ad-client=\"ca-pub-7450064428034605\" data-ad-slot=\"7327027071\"><\/ins><script>(adsbygoogle = window.adsbygoogle || []).push({});<\/script>El&nbsp;<strong>Museo Cerralbo <\/strong>acoger\u00e1 una nueva exposici\u00f3n temporal, <em><strong>\u00abLa eclosi\u00f3n del vidrio contempor\u00e1neo. Recordando Vicointer &#8217;83\u00bb.&nbsp;<\/strong><\/em>La muestra de esta exposici\u00f3n viaja a Madrid desde el Museo Nacional de Cer\u00e1mica y Artes Santuarias \u00abGonz\u00e1lez Mart\u00ed\u00bb de Valencia.&nbsp;<\/p>\n<p>As\u00ed mismo, esta exposici\u00f3n es un homenaje al escultor del vidrio <strong>Joaqu\u00edn <\/strong><strong>Torres Esteban&nbsp;<\/strong>que organiz\u00f3 la exposici\u00f3n Vicointer &#8217;83 reuniendo el trabajo de m\u00e1s de 130 participantes de 21 pa\u00edses diferentes. Vicointer &#8217;83 marc\u00f3 un antes y un despu\u00e9s en la historia del <strong>&#8216;Studio Glass&#8217;<\/strong> en Espa\u00f1a, un movimiento art\u00edstica que dej\u00f3 huella de la creaci\u00f3n art\u00edstica en los 80.&nbsp;<\/p>\n<p>Esta exposici\u00f3n llega al Museo Cerralbo para celebrar el&nbsp;<strong>A\u00f1o Internacional del Vidrio 2022&nbsp;<\/strong>y dar visibilidad su colecci\u00f3n.&nbsp;<\/p>\n<h2>Visita la exposici\u00f3n&nbsp;<\/h2>\n<p><script async=\"\" src=\"https:\/\/pagead2.googlesyndication.com\/pagead\/js\/adsbygoogle.js\"><\/script> <ins class=\"adsbygoogle\" style=\"display:block; text-align:center;\" data-ad-layout=\"in-article\" data-ad-format=\"fluid\" data-ad-client=\"ca-pub-7450064428034605\" data-ad-slot=\"5670045061\"><\/ins> <script>(adsbygoogle = window.adsbygoogle || []).push({});<\/script><em><strong>\u00abLa eclosi\u00f3n del vidrio contempor\u00e1neo. Recordando Vicointer &#8217;83\u00bb&nbsp;<\/strong><\/em>se podr\u00e1 visitar del&nbsp;<strong>12 de abril al 1 de julio&nbsp;<\/strong>en el&nbsp;<strong>Museo Cerralbo&nbsp;<\/strong>(calle Ventura Rodr\u00edguez, 17. Metro Ventura Rodr\u00edguez).&nbsp;<\/p>\n<p>El horario de visita los&nbsp;<strong>martes, mi\u00e9rcoles, jueves, viernes y s\u00e1bado&nbsp;<\/strong>de 9:30 a 15 horas. Los&nbsp;<strong>jueves&nbsp;<\/strong>hay una apertura extraordinaria por la tarde de 17 a 20 horas, con <strong>entrada gratuita<\/strong>. El horario de los&nbsp;<strong>domingos&nbsp;<\/strong>es de 10 a 15 horas y la&nbsp;<strong>entrada es gratuita&nbsp;<\/strong>para todo el p\u00fablico. Los lunes el museo esta cerrado.&nbsp;<\/p>\n","protected":false},"excerpt":{"rendered":"<p>Esta exposici\u00f3n se une al A\u00f1o Internacional del Vidrio 2022. <\/p>\n","protected":false},"author":15,"featured_media":41428,"comment_status":"open","ping_status":"open","sticky":false,"template":"","format":"standard","meta":{"footnotes":""},"categories":[111],"tags":[],"class_list":{"0":"post-41427","1":"post","2":"type-post","3":"status-publish","4":"format-standard","5":"has-post-thumbnail","7":"category-exposiciones-madrid"},"_links":{"self":[{"href":"https:\/\/www.vidademadrid.com\/es\/wp-json\/wp\/v2\/posts\/41427","targetHints":{"allow":["GET"]}}],"collection":[{"href":"https:\/\/www.vidademadrid.com\/es\/wp-json\/wp\/v2\/posts"}],"about":[{"href":"https:\/\/www.vidademadrid.com\/es\/wp-json\/wp\/v2\/types\/post"}],"author":[{"embeddable":true,"href":"https:\/\/www.vidademadrid.com\/es\/wp-json\/wp\/v2\/users\/15"}],"replies":[{"embeddable":true,"href":"https:\/\/www.vidademadrid.com\/es\/wp-json\/wp\/v2\/comments?post=41427"}],"version-history":[{"count":2,"href":"https:\/\/www.vidademadrid.com\/es\/wp-json\/wp\/v2\/posts\/41427\/revisions"}],"predecessor-version":[{"id":41430,"href":"https:\/\/www.vidademadrid.com\/es\/wp-json\/wp\/v2\/posts\/41427\/revisions\/41430"}],"wp:featuredmedia":[{"embeddable":true,"href":"https:\/\/www.vidademadrid.com\/es\/wp-json\/wp\/v2\/media\/41428"}],"wp:attachment":[{"href":"https:\/\/www.vidademadrid.com\/es\/wp-json\/wp\/v2\/media?parent=41427"}],"wp:term":[{"taxonomy":"category","embeddable":true,"href":"https:\/\/www.vidademadrid.com\/es\/wp-json\/wp\/v2\/categories?post=41427"},{"taxonomy":"post_tag","embeddable":true,"href":"https:\/\/www.vidademadrid.com\/es\/wp-json\/wp\/v2\/tags?post=41427"}],"curies":[{"name":"wp","href":"https:\/\/api.w.org\/{rel}","templated":true}]}}