{"id":41344,"date":"2022-04-08T12:26:24","date_gmt":"2022-04-08T10:26:24","guid":{"rendered":"https:\/\/www.vidademadrid.com\/es\/?p=41344"},"modified":"2022-04-11T12:40:03","modified_gmt":"2022-04-11T10:40:03","slug":"planes-8-9-10-abril-2022-madrid","status":"publish","type":"post","link":"https:\/\/www.vidademadrid.com\/es\/41344\/planes-8-9-10-abril-2022-madrid\/","title":{"rendered":"Planes de este fin de semana en Madrid: 8, 9 y 10 de abril 2022"},"content":{"rendered":"<p>Como no pod\u00eda ser de otra manera en este<strong> especial planes<\/strong> te contamos lo que ha preparado Madrid y otros planes que no te podr\u00e1s perder este finde. Descubre todo lo que se cuece en Madrid este <strong>8, 9, y 10 de abril de 2022<\/strong>. El domingo damos la bienvenida a la Semana Santa con alguna de las actividades y eventos que se han organizado con motivo de esta festividad.<\/p>\n<h2>Actividades y exposiciones<\/h2>\n<h3>Visita la nueva exposici\u00f3n del Palacio de Cristal<\/h3>\n<p><em><strong>\u00abCarlos Bunga. Contra la extravagancia del deseo\u00bb <\/strong><\/em>llega al Parque del Retiro y muestra una continuaci\u00f3n de las investigaciones del artista. Conoce toda la info <a href=\"https:\/\/www.vidademadrid.com\/es\/40648\/exposicion-palacio-de-cristal-parque-del-retiro-primavera-2022\/\">aqu\u00ed<\/a>.<\/p>\n<h3>No te pierdas la apertura de la megatienda de Zara en Plaza Espa\u00f1a<\/h3>\n<p>La que es la tienda de Zara m\u00e1s grande del mundo situada en la Plaza Espa\u00f1a <strong>ha abierto por fin sus puertas este viernes 8 de abril<\/strong>. As\u00ed que te adelantamos que probablemente haya mucha gente por la zona. Nosotros ya la hemos visitado y <strong><a href=\"https:\/\/www.vidademadrid.com\/es\/41349\/zara-plaza-espana-apertura-fotos-madrid-2022\/\">te contamos todo en nuestro reportaje<\/a>.<\/strong><\/p>\n<h3>Escalada en el nuevo roc\u00f3dromo de Madrid<\/h3>\n<p>Estos \u00faltimos a\u00f1os la escalada ha resultado ser un reclamo para muchos. Por eso te presentamos<strong> \u00abLa Reuni\u00f3n\u00bb, el nuevo roc\u00f3dromo en Rivas<\/strong> con algunas novedades y a muy buen precio. Un plan diferente apto para todas las edades y niveles. Te lo contamos todo <a href=\"https:\/\/www.vidademadrid.com\/es\/41221\/la-reunion-rocodromo-precios-horarios-madrid\/\">aqu\u00ed<\/a>. Y si no puedes aguantarte a ir, no te pierdas nuestra experiencia en <a href=\"https:\/\/www.instagram.com\/stories\/highlights\/17932259405121956\/\">IG stories de @vidademadrid<\/a>.<\/p>\n<figure id=\"attachment_41318\" aria-describedby=\"caption-attachment-41318\" style=\"width: 1200px\" class=\"wp-caption aligncenter\"><a href=\"https:\/\/www.vidademadrid.com\/es\/wp-content\/uploads\/2022\/04\/foto-la-reunion-007.jpg\"><img loading=\"lazy\" decoding=\"async\" class=\"size-full wp-image-41318\" src=\"https:\/\/www.vidademadrid.com\/es\/wp-content\/uploads\/2022\/04\/foto-la-reunion-007.jpg\" alt=\"\" width=\"1200\" height=\"900\" srcset=\"https:\/\/www.vidademadrid.com\/es\/wp-content\/uploads\/2022\/04\/foto-la-reunion-007.jpg 1200w, https:\/\/www.vidademadrid.com\/es\/wp-content\/uploads\/2022\/04\/foto-la-reunion-007-300x225.jpg 300w, https:\/\/www.vidademadrid.com\/es\/wp-content\/uploads\/2022\/04\/foto-la-reunion-007-1024x768.jpg 1024w, https:\/\/www.vidademadrid.com\/es\/wp-content\/uploads\/2022\/04\/foto-la-reunion-007-768x576.jpg 768w, https:\/\/www.vidademadrid.com\/es\/wp-content\/uploads\/2022\/04\/foto-la-reunion-007-696x522.jpg 696w, https:\/\/www.vidademadrid.com\/es\/wp-content\/uploads\/2022\/04\/foto-la-reunion-007-1068x801.jpg 1068w, https:\/\/www.vidademadrid.com\/es\/wp-content\/uploads\/2022\/04\/foto-la-reunion-007-560x420.jpg 560w, https:\/\/www.vidademadrid.com\/es\/wp-content\/uploads\/2022\/04\/foto-la-reunion-007-80x60.jpg 80w, https:\/\/www.vidademadrid.com\/es\/wp-content\/uploads\/2022\/04\/foto-la-reunion-007-265x198.jpg 265w\" sizes=\"auto, (max-width: 1200px) 100vw, 1200px\" \/><\/a><figcaption id=\"caption-attachment-41318\" class=\"wp-caption-text\">Foto: Vida de Madrid<\/figcaption><\/figure>\n<h3>Visita la nueva sede de Casa Decor 2022<\/h3>\n<p>Este a\u00f1o 2022 vuelve una nueva edici\u00f3n de <strong>Casa Decor. <\/strong>En esta ocasi\u00f3n el edificio\u00a0que reunir\u00e1 dise\u00f1adores, decoradores y arquitectos ser\u00e1 en de la <strong>calle Goya, 89<\/strong>, ubicado al lado de El Corte Ingl\u00e9s de Goya. Te contamos m\u00e1s sobre este edificio y c\u00f3mo reservar tus entradas <a href=\"https:\/\/www.vidademadrid.com\/es\/41121\/casa-decor-2022-goya-89-fechas-horario-entradas\/\">aqu\u00ed<\/a>.<\/p>\n<figure id=\"attachment_41124\" aria-describedby=\"caption-attachment-41124\" style=\"width: 1200px\" class=\"wp-caption aligncenter\"><a href=\"https:\/\/www.vidademadrid.com\/es\/wp-content\/uploads\/2022\/03\/Captura-de-pantalla-2022-03-30-a-las-9.29.17.jpg\"><img loading=\"lazy\" decoding=\"async\" class=\"size-full wp-image-41124\" src=\"https:\/\/www.vidademadrid.com\/es\/wp-content\/uploads\/2022\/03\/Captura-de-pantalla-2022-03-30-a-las-9.29.17.jpg\" alt=\"\" width=\"1200\" height=\"600\" srcset=\"https:\/\/www.vidademadrid.com\/es\/wp-content\/uploads\/2022\/03\/Captura-de-pantalla-2022-03-30-a-las-9.29.17.jpg 1200w, https:\/\/www.vidademadrid.com\/es\/wp-content\/uploads\/2022\/03\/Captura-de-pantalla-2022-03-30-a-las-9.29.17-300x150.jpg 300w, https:\/\/www.vidademadrid.com\/es\/wp-content\/uploads\/2022\/03\/Captura-de-pantalla-2022-03-30-a-las-9.29.17-1024x512.jpg 1024w, https:\/\/www.vidademadrid.com\/es\/wp-content\/uploads\/2022\/03\/Captura-de-pantalla-2022-03-30-a-las-9.29.17-768x384.jpg 768w, https:\/\/www.vidademadrid.com\/es\/wp-content\/uploads\/2022\/03\/Captura-de-pantalla-2022-03-30-a-las-9.29.17-696x348.jpg 696w, https:\/\/www.vidademadrid.com\/es\/wp-content\/uploads\/2022\/03\/Captura-de-pantalla-2022-03-30-a-las-9.29.17-1068x534.jpg 1068w, https:\/\/www.vidademadrid.com\/es\/wp-content\/uploads\/2022\/03\/Captura-de-pantalla-2022-03-30-a-las-9.29.17-840x420.jpg 840w\" sizes=\"auto, (max-width: 1200px) 100vw, 1200px\" \/><\/a><figcaption id=\"caption-attachment-41124\" class=\"wp-caption-text\">Foto: Casa Decor<\/figcaption><\/figure>\n<h3>Asiste a alguna de las procesiones del Domingo de Ramos<\/h3>\n<p>La <strong>Semana Santa<\/strong> est\u00e1 a la vuelta de la esquina y en Madrid ya se empieza a notar. Este domingo podr\u00e1s vivirlo con dos de sus procesiones tradicionales: la\u00a0<strong>Procesi\u00f3n de \u00abla borriquita\u00bb y la de \u00abLos Estudiantes\u00bb. <\/strong>Podr\u00e1s consultar la programaci\u00f3n de actividades <a href=\"https:\/\/www.vidademadrid.com\/es\/41248\/programa-de-semana-santa-2022-en-madrid-procesiones-actividades\/\">aqu\u00ed<\/a>.<\/p>\n<p><script async=\"\" src=\"https:\/\/pagead2.googlesyndication.com\/pagead\/js\/adsbygoogle.js\"><\/script> <ins class=\"adsbygoogle\" style=\"display: block;\" data-ad-format=\"fluid\" data-ad-layout-key=\"-7f+eo+1+2-5\" data-ad-client=\"ca-pub-7450064428034605\" data-ad-slot=\"7327027071\"><\/ins><script>(adsbygoogle = window.adsbygoogle || []).push({});<\/script><\/p>\n<h3>Viaja al siglo XX con la nueva exposici\u00f3n del Museo de Historia<\/h3>\n<p>El Museo de Historia acoge la <strong>exposici\u00f3n \u00abMadrid hace un siglo\u00bb<\/strong>, una muestra fotogr\u00e1fica con fotos de la ciudad (1900-1936) de la mano de Manu de <a href=\"https:\/\/www.instagram.com\/secretosdemadrid\/\">@secretosdemadrid<\/a>. Un viaje por el Madrid del siglo pasado que te permitir\u00e1 descubrir la vida de entonces. Te lo contamos todo <a href=\"https:\/\/www.vidademadrid.com\/es\/41305\/exposicion-fotografia-museo-historia-madrid-secretos-madrid\/\">aqu\u00ed<\/a>.<\/p>\n<h3>Expo olfativa en el Prado<\/h3>\n<p>El Museo del Prado ha inaugurado esta semana <a href=\"https:\/\/www.vidademadrid.com\/es\/41217\/la-esencia-del-cuadro-exposicion-olfativa-museo-prado-2022\/\"><strong>\u00abLa esencia de un cuadro. Una exposici\u00f3n olfativa\u00bb<\/strong><\/a>, donde podr\u00e1s oler un cuadro.<\/p>\n<h3>Visita el Museo de Bomberos que acaba de reabrir tras mucho tiempo cerrado<\/h3>\n<p>Ha reabierto el Museo de Bomberos de Madrid, <a href=\"https:\/\/www.vidademadrid.com\/es\/41346\/museo-bomberos-madrid-reapertura-horarios-2022\/\">consulta sus horarios especiales para visitarlo este viernes<\/a>.<\/p>\n<h3>Disfruta de las vistas de la ciudad desde el Telef\u00e9rico<\/h3>\n<p>Lleva 1 semana abierto desde que <a href=\"https:\/\/www.vidademadrid.com\/es\/41213\/teleferico-madrid-reapertura-precios-recorrido-2022\/\">reabri\u00f3 el pasado viernes 1 de abril<\/a>. Subir al telef\u00e9rico es otro de los planes de la temporada que adem\u00e1s ahora tiene descuentos. Desc\u00fabrelos <a href=\"https:\/\/www.vidademadrid.com\/es\/41337\/acuerdo-teleferico-museo-thyssen-descuentos-2022\/\">aqu\u00ed<\/a>.<\/p>\n<h3>Pasea por el\u00a0Mercado de Motores<\/h3>\n<p>El <strong>Mercado de los Motores<\/strong> vuelve este fin de semana 9 y 10 la edici\u00f3n de abril\u00a0para sorprender con nuevos productos a todo aquel que se acerca. Toda la info <a href=\"https:\/\/www.vidademadrid.com\/es\/39790\/vuelve-mercado-de-motores-12-y-13-febrero\/\">aqu\u00ed<\/a>.<\/p>\n<p><script async=\"\" src=\"https:\/\/pagead2.googlesyndication.com\/pagead\/js\/adsbygoogle.js\"><\/script><\/p>\n<p><!-- Vertical2020 --><ins class=\"adsbygoogle\" style=\"display: block;\" data-ad-client=\"ca-pub-7450064428034605\" data-ad-slot=\"4377430105\" data-ad-format=\"auto\" data-full-width-responsive=\"true\"><\/ins><script>(adsbygoogle = window.adsbygoogle || []).push({});<\/script><\/p>\n<h2>Escapadas sin salir de Madrid<\/h2>\n<p>Si lo que quieres es desconectar de la ciudad, te proponemos alguna <strong>escapada sin salir de la Comunidad de Madrid<\/strong>:<\/p>\n<h3>La villa medieval de Buitrago del Lozoya<\/h3>\n<p>Un perfecto ejemplo de ciudad medieval ubicado <strong>a menos de una hora\u00a0de Madrid <\/strong>. Te contamos m\u00e1s sobre lo que podr\u00e1s ver y hacer durante tu visita <a href=\"https:\/\/www.vidademadrid.com\/es\/41032\/escapadas-madrid-buitrago-del-lozoya-que-visitar\/\">aqu\u00ed<\/a>.<\/p>\n<p>Sino como ya te hemos contado en otra ocasi\u00f3n puedes aprovechar y visitar el <a href=\"https:\/\/www.vidademadrid.com\/es\/40891\/escapada-primavera-castillo-coracera-san-martin-de-valdeiglesias\/\">Castillo de la Coracena en San Mart\u00edn de Valdeiglesias<\/a> o el de <a href=\"https:\/\/www.vidademadrid.com\/es\/40605\/castillo-manzanares-el-real-entradas-visitas-horarios\/\">Manzanares El Real<\/a>.<\/p>\n<h2>Restaurantes para este fin de semana<\/h2>\n<h3>Falafeler\u00eda<\/h3>\n<p>Si est\u00e1s este fin de semana por el <strong>barrio de Chamber\u00ed<\/strong> y tienes ganas de una gastronom\u00eda diferente. No te pierdas los <strong>sabores callejeros de Oriente Medio<\/strong> en este nuevo restaurante que abre sus puertas este viernes 8 de abril. Nosotros hemos tenido la oportunidad de probar sus platos, desc\u00fabrelo en <a href=\"https:\/\/www.instagram.com\/stories\/highlights\/17941824391941234\/\">IG stories de @vidademadrid<\/a>.<\/p>\n<h3>BAAN<\/h3>\n<p>El elegante restaurante con sabores tailandeses en calle Villanueva propone nuevos fuera de carta en su servicio de mediod\u00eda, descubre qu\u00e9 tal hemos comido <a href=\"https:\/\/www.instagram.com\/stories\/highlights\/17899016975562530\/\">en nuestras Stories<\/a>.<\/p>\n<h3>Prueba las croquetas de torrija de Pepe&amp;Cro<\/h3>\n<p>Si lo que te apetece es descansar en casa despu\u00e9s de una semana intensa de trabajo o estudio, te proponemos empezar bien la Semana Santa con las <strong><a href=\"https:\/\/www.pepeandcro.com\/b2c\/producto\/CRO333\/1\/croquetas-de-torrijas-caja-12-uds-\">croquetas de torrija de Pepe&amp;Cro<\/a><\/strong> a domicilio. Esta y otras novedades en nuestro <a href=\"https:\/\/www.vidademadrid.com\/es\/41243\/noticias-foodie-abril-2022-madrid\/\">especial foodie de abril<\/a>.<\/p>\n<p><script async=\"\" src=\"https:\/\/pagead2.googlesyndication.com\/pagead\/js\/adsbygoogle.js\"><\/script> <ins class=\"adsbygoogle\" style=\"display: block;\" data-ad-format=\"fluid\" data-ad-layout-key=\"-7f+eo+1+2-5\" data-ad-client=\"ca-pub-7450064428034605\" data-ad-slot=\"7327027071\"><\/ins><script>(adsbygoogle = window.adsbygoogle || []).push({});<\/script><\/p>\n<h2>M\u00e1s planes para el finde<\/h2>\n<p>Recuerda que en <a href=\"https:\/\/www.vidademadrid.com\/es\/41193\/agenda-abril-2022-madrid\/\"><strong>nuestra agenda de abril<\/strong> <\/a>y en el <strong><a href=\"http:\/\/vidademadrid.com\/planes\">especial Planes<\/a><\/strong> puedes consultar mucho m\u00e1s planes para estos d\u00edas. Adem\u00e1s puedes seguir <a href=\"https:\/\/www.instagram.com\/VidaDeMadrid\/\">nuestros reportajes diarios en IG Stories @vidademadrid<\/a>&#8230; \u00a1durante el finde vamos a descubrir m\u00e1s novedades! S\u00edguenos tambi\u00e9n en <a href=\"https:\/\/www.tiktok.com\/@vida_demadrid\">TikTok<\/a>, <a href=\"https:\/\/www.facebook.com\/vidademadrid\">Facebook<\/a> o <a href=\"https:\/\/twitter.com\/VidaDeMadrid\">Twitter<\/a> para no perderte nada.<\/p>\n","protected":false},"excerpt":{"rendered":"<p>Nuestro especial para no perderte nada este finde: exposiciones, actividades y nuevas ideas de restaurantes.<\/p>\n","protected":false},"author":13,"featured_media":41384,"comment_status":"open","ping_status":"open","sticky":false,"template":"","format":"standard","meta":{"footnotes":""},"categories":[1],"tags":[],"class_list":{"0":"post-41344","1":"post","2":"type-post","3":"status-publish","4":"format-standard","5":"has-post-thumbnail","7":"category-varios"},"_links":{"self":[{"href":"https:\/\/www.vidademadrid.com\/es\/wp-json\/wp\/v2\/posts\/41344","targetHints":{"allow":["GET"]}}],"collection":[{"href":"https:\/\/www.vidademadrid.com\/es\/wp-json\/wp\/v2\/posts"}],"about":[{"href":"https:\/\/www.vidademadrid.com\/es\/wp-json\/wp\/v2\/types\/post"}],"author":[{"embeddable":true,"href":"https:\/\/www.vidademadrid.com\/es\/wp-json\/wp\/v2\/users\/13"}],"replies":[{"embeddable":true,"href":"https:\/\/www.vidademadrid.com\/es\/wp-json\/wp\/v2\/comments?post=41344"}],"version-history":[{"count":3,"href":"https:\/\/www.vidademadrid.com\/es\/wp-json\/wp\/v2\/posts\/41344\/revisions"}],"predecessor-version":[{"id":41442,"href":"https:\/\/www.vidademadrid.com\/es\/wp-json\/wp\/v2\/posts\/41344\/revisions\/41442"}],"wp:featuredmedia":[{"embeddable":true,"href":"https:\/\/www.vidademadrid.com\/es\/wp-json\/wp\/v2\/media\/41384"}],"wp:attachment":[{"href":"https:\/\/www.vidademadrid.com\/es\/wp-json\/wp\/v2\/media?parent=41344"}],"wp:term":[{"taxonomy":"category","embeddable":true,"href":"https:\/\/www.vidademadrid.com\/es\/wp-json\/wp\/v2\/categories?post=41344"},{"taxonomy":"post_tag","embeddable":true,"href":"https:\/\/www.vidademadrid.com\/es\/wp-json\/wp\/v2\/tags?post=41344"}],"curies":[{"name":"wp","href":"https:\/\/api.w.org\/{rel}","templated":true}]}}