{"id":41238,"date":"2022-04-04T12:20:33","date_gmt":"2022-04-04T10:20:33","guid":{"rendered":"https:\/\/www.vidademadrid.com\/es\/?p=41238"},"modified":"2022-04-04T12:20:43","modified_gmt":"2022-04-04T10:20:43","slug":"subida-precios-alimentos-supermercados-espana","status":"publish","type":"post","link":"https:\/\/www.vidademadrid.com\/es\/41238\/subida-precios-alimentos-supermercados-espana\/","title":{"rendered":"Estas cadenas de supermercados lideran la subida de precios"},"content":{"rendered":"<p>Las\u00a0<strong>tres cadenas de supermercados\u00a0<\/strong>que lideran la subida de los precios en Espa\u00f1a, con una subida de m\u00e1s del 5 por ciento, son\u00a0<strong>Dia, Eroski y Alcampo,\u00a0<\/strong>de acuerdo con datos de Kantar al cierre de febrero. Sigue leyendo este art\u00edculo para conocer toda la informaci\u00f3n.<\/p>\n<h2>Alza de precios en los supermercados<\/h2>\n<p><script async=\"\" src=\"https:\/\/pagead2.googlesyndication.com\/pagead\/js\/adsbygoogle.js\"><\/script> <ins class=\"adsbygoogle\" style=\"display: block;\" data-ad-format=\"fluid\" data-ad-layout-key=\"-7f+eo+1+2-5\" data-ad-client=\"ca-pub-7450064428034605\" data-ad-slot=\"7327027071\"><\/ins><script>(adsbygoogle = window.adsbygoogle || []).push({});<\/script><\/p>\n<p>De acuerdo con el informe realizado por\u00a0<strong>Kantar,\u00a0<\/strong>la gesti\u00f3n de los precios ser\u00e1 uno de los elementos m\u00e1s importantes del a\u00f1o. Los supermercados que han subido los precios en m\u00e1s de un\u00a0<strong>5,5 por ciento\u00a0<\/strong>son\u00a0<strong>Dia, Eroski y Alcampo\u00a0<\/strong>mientras que\u00a0<strong>Mercadona y Lidl\u00a0<\/strong>han sido m\u00e1s cautelosos con incrementos de 4 por ciento y 3,5 por ciento, respectivamente.<\/p>\n<p>Los incrementos de Mercadona y Lidl se sit\u00faan por debajo de la media del sector en el pa\u00eds. As\u00ed mismo, el informe de Kantar, da a conocer que los compradores han aumentado su preferencia por <strong>alimentos y bebidas no perecederos o envasados\u00a0<\/strong>y han pasado a representar el 48,4% de la cesta de compra.<\/p>\n<h2>Compra en grandes cadenas<\/h2>\n<p><script async=\"\" src=\"https:\/\/pagead2.googlesyndication.com\/pagead\/js\/adsbygoogle.js\"><\/script> <ins class=\"adsbygoogle\" style=\"display: block; text-align: center;\" data-ad-layout=\"in-article\" data-ad-format=\"fluid\" data-ad-client=\"ca-pub-7450064428034605\" data-ad-slot=\"5670045061\"><\/ins> <script>(adsbygoogle = window.adsbygoogle || []).push({});<\/script><\/p>\n<p>El estudio tambi\u00e9n refleja una\u00a0<strong>mayor compra en grandes cadenas\u00a0<\/strong>de supermercados en lugar de los comercios tradicionales a pesar del alta de precios que suponen.<\/p>\n","protected":false},"excerpt":{"rendered":"<p>Hay cuatro alimentos que lideran la subida de precios. <\/p>\n","protected":false},"author":15,"featured_media":41239,"comment_status":"open","ping_status":"open","sticky":false,"template":"","format":"standard","meta":{"footnotes":""},"categories":[12],"tags":[],"class_list":{"0":"post-41238","1":"post","2":"type-post","3":"status-publish","4":"format-standard","5":"has-post-thumbnail","7":"category-actualidad-noticias-madrid"},"_links":{"self":[{"href":"https:\/\/www.vidademadrid.com\/es\/wp-json\/wp\/v2\/posts\/41238","targetHints":{"allow":["GET"]}}],"collection":[{"href":"https:\/\/www.vidademadrid.com\/es\/wp-json\/wp\/v2\/posts"}],"about":[{"href":"https:\/\/www.vidademadrid.com\/es\/wp-json\/wp\/v2\/types\/post"}],"author":[{"embeddable":true,"href":"https:\/\/www.vidademadrid.com\/es\/wp-json\/wp\/v2\/users\/15"}],"replies":[{"embeddable":true,"href":"https:\/\/www.vidademadrid.com\/es\/wp-json\/wp\/v2\/comments?post=41238"}],"version-history":[{"count":1,"href":"https:\/\/www.vidademadrid.com\/es\/wp-json\/wp\/v2\/posts\/41238\/revisions"}],"predecessor-version":[{"id":41240,"href":"https:\/\/www.vidademadrid.com\/es\/wp-json\/wp\/v2\/posts\/41238\/revisions\/41240"}],"wp:featuredmedia":[{"embeddable":true,"href":"https:\/\/www.vidademadrid.com\/es\/wp-json\/wp\/v2\/media\/41239"}],"wp:attachment":[{"href":"https:\/\/www.vidademadrid.com\/es\/wp-json\/wp\/v2\/media?parent=41238"}],"wp:term":[{"taxonomy":"category","embeddable":true,"href":"https:\/\/www.vidademadrid.com\/es\/wp-json\/wp\/v2\/categories?post=41238"},{"taxonomy":"post_tag","embeddable":true,"href":"https:\/\/www.vidademadrid.com\/es\/wp-json\/wp\/v2\/tags?post=41238"}],"curies":[{"name":"wp","href":"https:\/\/api.w.org\/{rel}","templated":true}]}}