{"id":41233,"date":"2022-04-04T11:48:47","date_gmt":"2022-04-04T09:48:47","guid":{"rendered":"https:\/\/www.vidademadrid.com\/es\/?p=41233"},"modified":"2022-04-04T14:20:31","modified_gmt":"2022-04-04T12:20:31","slug":"cubo-gym-madrid-gimnasio-aire-libre-plaza-pedro-zerolo-chueca","status":"publish","type":"post","link":"https:\/\/www.vidademadrid.com\/es\/41233\/cubo-gym-madrid-gimnasio-aire-libre-plaza-pedro-zerolo-chueca\/","title":{"rendered":"Llega a Chueca Cubo Gym Madrid, un gimnasio al aire libre"},"content":{"rendered":"<p>Una nueva iniciativa para ponerte en forma llega al Distrito Centro de Madrid:&nbsp;<strong>Cubo Gym Madrid,&nbsp;<\/strong>un gimnasio al aire libre en el que podr\u00e1s reservar tu espacio con anticipaci\u00f3n. Sigue leyendo este art\u00edculo para conocer toda la informaci\u00f3n.&nbsp;<\/p>\n<h2>Cubo Gym Madrid&nbsp;<\/h2>\n<p><script async=\"\" src=\"https:\/\/pagead2.googlesyndication.com\/pagead\/js\/adsbygoogle.js\"><\/script> <ins class=\"adsbygoogle\" style=\"display:block\" data-ad-format=\"fluid\" data-ad-layout-key=\"-7f+eo+1+2-5\" data-ad-client=\"ca-pub-7450064428034605\" data-ad-slot=\"7327027071\"><\/ins><script>(adsbygoogle = window.adsbygoogle || []).push({});<\/script><\/p>\n<p>El gimnasio al aire libre, <strong>Cubo Gym Madrid<\/strong>, llega a la&nbsp;<strong>Plaza de Pedro Zerolo&nbsp;<\/strong>(Metro Gran V\u00eda \/ Chueca) para que te pongas en forma en Chueca. Esta iniciativa estar\u00e1 desde el&nbsp;<strong>2 de abril al 21 de junio <\/strong><\/p>\n<h2>Reserva en el App o la web&nbsp;<\/h2>\n<p><script async=\"\" src=\"https:\/\/pagead2.googlesyndication.com\/pagead\/js\/adsbygoogle.js\"><\/script> <ins class=\"adsbygoogle\" style=\"display:block; text-align:center;\" data-ad-layout=\"in-article\" data-ad-format=\"fluid\" data-ad-client=\"ca-pub-7450064428034605\" data-ad-slot=\"5670045061\"><\/ins> <script>(adsbygoogle = window.adsbygoogle || []).push({});<\/script><\/p>\n<p>Para reservar tu espacio en el&nbsp;<strong>Cubo Gym Madrid&nbsp;<\/strong>lo puedes hacer desde el App de &#8216;<strong>Madrid M\u00f3vil&#8217;&nbsp;<\/strong>o desde la <a href=\"https:\/\/deportesweb.madrid.es\/DeportesWeb\/Login\">p\u00e1gina web.<\/a>&nbsp;<\/p>\n\n\n<figure class=\"wp-block-embed is-type-rich is-provider-twitter wp-block-embed-twitter\"><div class=\"wp-block-embed__wrapper\">\n<blockquote class=\"twitter-tweet\" data-width=\"550\" data-dnt=\"true\"><p lang=\"es\" dir=\"ltr\">Desde ma\u00f1ana, <a href=\"https:\/\/twitter.com\/hashtag\/CuboGymMadrid?src=hash&amp;ref_src=twsrc%5Etfw\">#CuboGymMadrid<\/a> llega a la Plaza de Pedro Zerolo de <a href=\"https:\/\/twitter.com\/hashtag\/DistritoCentro?src=hash&amp;ref_src=twsrc%5Etfw\">#DistritoCentro<\/a>.<br><br>\u00a1Ven a ponerte en forma al aire libre! ?<br><br>? Del 2 de abril al 21 de junio<br><br>? Reserva tus clases en la App &#39;Madrid M\u00f3vil&#39; o la web <a href=\"https:\/\/t.co\/jiJU7i1eaf\">https:\/\/t.co\/jiJU7i1eaf<\/a> <a href=\"https:\/\/t.co\/hm6U40DF9P\">pic.twitter.com\/hm6U40DF9P<\/a><\/p>&mdash; Distrito Centro (@JMDCentro) <a href=\"https:\/\/twitter.com\/JMDCentro\/status\/1509898376866902049?ref_src=twsrc%5Etfw\">April 1, 2022<\/a><\/blockquote><script async src=\"https:\/\/platform.twitter.com\/widgets.js\" charset=\"utf-8\"><\/script>\n<\/div><\/figure>\n","protected":false},"excerpt":{"rendered":"<p>Estar\u00e1 hasta junio. <\/p>\n","protected":false},"author":15,"featured_media":41234,"comment_status":"open","ping_status":"open","sticky":false,"template":"","format":"standard","meta":{"footnotes":""},"categories":[101],"tags":[],"class_list":{"0":"post-41233","1":"post","2":"type-post","3":"status-publish","4":"format-standard","5":"has-post-thumbnail","7":"category-ferias-fiestas-mercados-madrid"},"_links":{"self":[{"href":"https:\/\/www.vidademadrid.com\/es\/wp-json\/wp\/v2\/posts\/41233","targetHints":{"allow":["GET"]}}],"collection":[{"href":"https:\/\/www.vidademadrid.com\/es\/wp-json\/wp\/v2\/posts"}],"about":[{"href":"https:\/\/www.vidademadrid.com\/es\/wp-json\/wp\/v2\/types\/post"}],"author":[{"embeddable":true,"href":"https:\/\/www.vidademadrid.com\/es\/wp-json\/wp\/v2\/users\/15"}],"replies":[{"embeddable":true,"href":"https:\/\/www.vidademadrid.com\/es\/wp-json\/wp\/v2\/comments?post=41233"}],"version-history":[{"count":3,"href":"https:\/\/www.vidademadrid.com\/es\/wp-json\/wp\/v2\/posts\/41233\/revisions"}],"predecessor-version":[{"id":41242,"href":"https:\/\/www.vidademadrid.com\/es\/wp-json\/wp\/v2\/posts\/41233\/revisions\/41242"}],"wp:featuredmedia":[{"embeddable":true,"href":"https:\/\/www.vidademadrid.com\/es\/wp-json\/wp\/v2\/media\/41234"}],"wp:attachment":[{"href":"https:\/\/www.vidademadrid.com\/es\/wp-json\/wp\/v2\/media?parent=41233"}],"wp:term":[{"taxonomy":"category","embeddable":true,"href":"https:\/\/www.vidademadrid.com\/es\/wp-json\/wp\/v2\/categories?post=41233"},{"taxonomy":"post_tag","embeddable":true,"href":"https:\/\/www.vidademadrid.com\/es\/wp-json\/wp\/v2\/tags?post=41233"}],"curies":[{"name":"wp","href":"https:\/\/api.w.org\/{rel}","templated":true}]}}