{"id":41229,"date":"2022-04-04T11:23:30","date_gmt":"2022-04-04T09:23:30","guid":{"rendered":"https:\/\/www.vidademadrid.com\/es\/?p=41229"},"modified":"2022-04-04T11:24:20","modified_gmt":"2022-04-04T09:24:20","slug":"estanque-campanillas-estatua-juana-castilla-parque-del-retiro","status":"publish","type":"post","link":"https:\/\/www.vidademadrid.com\/es\/41229\/estanque-campanillas-estatua-juana-castilla-parque-del-retiro\/","title":{"rendered":"El Parque del Retiro recupera el hist\u00f3rico Estanque de las Campanillas"},"content":{"rendered":"<p>El&nbsp;<strong>parque del Retiro&nbsp;<\/strong>ha recuperado el&nbsp;<strong>Estanque de las Campanillas&nbsp;<\/strong>con su fuente hist\u00f3rica, construida en el siglo XVII, y que ha sido restaurada en marzo. Este estanque, tambi\u00e9n conocido como el&nbsp;<strong>Estanque Ochavado,&nbsp;<\/strong>fue construida a principios de 1630 en el jard\u00edn Ochavado. Adem\u00e1s, el retiro cuenta con una nueva estatua en el Paseo de Argentina. Sigue leyendo este art\u00edculo para conocer toda la informaci\u00f3n.&nbsp;<\/p>\n<h2>Estanque de las Campanillas&nbsp;<\/h2>\n<p><script async=\"\" src=\"https:\/\/pagead2.googlesyndication.com\/pagead\/js\/adsbygoogle.js\"><\/script> <ins class=\"adsbygoogle\" style=\"display:block\" data-ad-format=\"fluid\" data-ad-layout-key=\"-7f+eo+1+2-5\" data-ad-client=\"ca-pub-7450064428034605\" data-ad-slot=\"7327027071\"><\/ins><script>(adsbygoogle = window.adsbygoogle || []).push({});<\/script><\/p>\n<p>El&nbsp;<strong>Estanque de las Campanillas&nbsp;<\/strong>fue construido durante la d\u00e9cada de 1630 en el jard\u00edn Ochavado, desde entonces ha sufrido distintas reformas y el estanque, tal y como lo conocemos, se debe a una reforma que se realiz\u00f3 en el siglo XX en la que se incorpor\u00f3 la gruta de rocalla actual.&nbsp;<\/p>\n<p>En marzo se han comenzado las obras para restaurar el hist\u00f3rico <strong>Estanque de las Campanillas,&nbsp;<\/strong>construido durante el siglo XVII, y para corregir las deficiencias estructurales que el tiempo y la borrasca Filomena. Estas obras durar\u00e1n aproximadamente tres meses.<\/p>\n<p>Adem\u00e1s, las obras sustituir\u00e1n los equipos de bombeo y se coser\u00e1n las grietas del vaso y se reinstalar\u00e1 la rocalla retirada, siguiendo el modelo original. Este estanque se encuentra al noroeste del Parterre, frente al Cas\u00f3n del Buen Retiro.&nbsp;<\/p>\n<h2>Estatua de Juana I de Castilla&nbsp;<\/h2>\n<p><script async=\"\" src=\"https:\/\/pagead2.googlesyndication.com\/pagead\/js\/adsbygoogle.js\"><\/script> <ins class=\"adsbygoogle\" style=\"display:block; text-align:center;\" data-ad-layout=\"in-article\" data-ad-format=\"fluid\" data-ad-client=\"ca-pub-7450064428034605\" data-ad-slot=\"5670045061\"><\/ins> <script>(adsbygoogle = window.adsbygoogle || []).push({});<\/script><\/p>\n<p>La estatua de&nbsp;<strong>Juana I de Castilla, <\/strong>se ha instalado en el \u00fanico pedestal vac\u00edo que hab\u00eda en el Paseo de Argentina, tambi\u00e9n conocido como&nbsp;<strong>Paseo de las Estatuas o de Reyes,<\/strong> del Parque del Retiro. La elecci\u00f3n de poner a esta reina de Castilla es&nbsp;<strong>para honrar la figura de esta soberana y el papel que jug\u00f3 en la Revoluci\u00f3n de las Comunidades de Castilla,&nbsp;<\/strong>de acuerdo con informaci\u00f3n de El Mundo.&nbsp;<\/p>\n<p>La escultura, de la artista Iria Groba Mart\u00edn, ha sido tallada en piedra caliza y tiene<strong> 2,75 metros<\/strong> de altura, solo hay otras dos estatuas de mujeres con esta altura en el Parque del Retiro. Se ha decidido dejar fuera el apelativo &#8216;la Loca&#8217; para destacar la importancia de esta reina para Espa\u00f1a.&nbsp;<\/p>\n<p>Las estatuas del Paseo de las Estatuas o de Argentina, fueron instaladas en el&nbsp;<strong>siglo XIX&nbsp;<\/strong>dedicadas a 13 monarcas espa\u00f1oles de diversas \u00e9pocas y un pedestal vac\u00edo, que ahora ocupa <strong>Juana I de Castilla<\/strong>.&nbsp; &nbsp;<\/p>\n\n\n<p><\/p>\n","protected":false},"excerpt":{"rendered":"<p>Tambi\u00e9n se instal\u00f3 una nueva estatua en el Retiro. <\/p>\n","protected":false},"author":15,"featured_media":41230,"comment_status":"open","ping_status":"open","sticky":false,"template":"","format":"standard","meta":{"footnotes":""},"categories":[101],"tags":[],"class_list":{"0":"post-41229","1":"post","2":"type-post","3":"status-publish","4":"format-standard","5":"has-post-thumbnail","7":"category-ferias-fiestas-mercados-madrid"},"_links":{"self":[{"href":"https:\/\/www.vidademadrid.com\/es\/wp-json\/wp\/v2\/posts\/41229","targetHints":{"allow":["GET"]}}],"collection":[{"href":"https:\/\/www.vidademadrid.com\/es\/wp-json\/wp\/v2\/posts"}],"about":[{"href":"https:\/\/www.vidademadrid.com\/es\/wp-json\/wp\/v2\/types\/post"}],"author":[{"embeddable":true,"href":"https:\/\/www.vidademadrid.com\/es\/wp-json\/wp\/v2\/users\/15"}],"replies":[{"embeddable":true,"href":"https:\/\/www.vidademadrid.com\/es\/wp-json\/wp\/v2\/comments?post=41229"}],"version-history":[{"count":2,"href":"https:\/\/www.vidademadrid.com\/es\/wp-json\/wp\/v2\/posts\/41229\/revisions"}],"predecessor-version":[{"id":41232,"href":"https:\/\/www.vidademadrid.com\/es\/wp-json\/wp\/v2\/posts\/41229\/revisions\/41232"}],"wp:featuredmedia":[{"embeddable":true,"href":"https:\/\/www.vidademadrid.com\/es\/wp-json\/wp\/v2\/media\/41230"}],"wp:attachment":[{"href":"https:\/\/www.vidademadrid.com\/es\/wp-json\/wp\/v2\/media?parent=41229"}],"wp:term":[{"taxonomy":"category","embeddable":true,"href":"https:\/\/www.vidademadrid.com\/es\/wp-json\/wp\/v2\/categories?post=41229"},{"taxonomy":"post_tag","embeddable":true,"href":"https:\/\/www.vidademadrid.com\/es\/wp-json\/wp\/v2\/tags?post=41229"}],"curies":[{"name":"wp","href":"https:\/\/api.w.org\/{rel}","templated":true}]}}