{"id":41221,"date":"2022-04-06T19:15:06","date_gmt":"2022-04-06T17:15:06","guid":{"rendered":"https:\/\/www.vidademadrid.com\/es\/?p=41221"},"modified":"2023-04-25T18:09:45","modified_gmt":"2023-04-25T16:09:45","slug":"la-reunion-rocodromo-precios-horarios-madrid","status":"publish","type":"post","link":"https:\/\/www.vidademadrid.com\/es\/41221\/la-reunion-rocodromo-precios-horarios-madrid\/","title":{"rendered":"Conoce \u00abLa Reuni\u00f3n\u00bb, el nuevo roc\u00f3dromo de Madrid"},"content":{"rendered":"<p>Conoce el centro de escalada <strong>La Reuni\u00f3n,\u00a0<\/strong>ubicado en Rivas Vaciamadrid. En un espacio de\u00a0<strong>560 metros cuadrados,\u00a0<\/strong>los escaladores (tambi\u00e9n en su primera experiencia) tendr\u00e1n espacio de sobra para disfrutar de este apasionante deporte. Sigue leyendo este art\u00edculo para conocer toda la informaci\u00f3n.<\/p>\n<h2>La Reuni\u00f3n<\/h2>\n<p>Ubicado en Rivas Vaciamadrid,\u00a0<strong>La Reuni\u00f3n <\/strong>es una espacio de <strong>560 metros cuadrados<\/strong> con una\u00a0<strong>altura m\u00e1xima de 14 metros<\/strong> para practicar el deporte de la escalada. Destaca su precioso <strong>monolito de madera<\/strong>, \u00fanico en la regi\u00f3n.<\/p>\n<p>Este centro tiene <strong>60 v\u00edas,\u00a0<\/strong>de las cuales 45 son con autoasegurador y una zona de Boulder de 15 bloques.<\/p>\n<p><strong>La Reuni\u00f3n\u00a0<\/strong>apuesta por la seguridad de sus clientes y en brindarles un servicio de calidad as\u00ed como buen ambiente. Puede ir todo tipo de p\u00fablico, independientemente de su edad o nivel, para disfrutar de las rutas de este centro de escalada y las distintas v\u00edas que tienen.<\/p>\n<p>Nosotros de <em>Vida de Madrid<\/em> hemos ido a conocer sus instalaciones y, sin tener experiencia previa en la escalada, hemos podido aprender y disfrutar de las instalaciones de <strong>La Reuni\u00f3n.\u00a0<\/strong><\/p>\n<p>Adem\u00e1s, cuentan con una tienda en donde podr\u00e1s\u00a0<strong>comprar o alquilar\u00a0<\/strong>tu equipo de escalada, as\u00ed como recibir asesor\u00eda sobre el mismo. Tambi\u00e9n, hay un <strong>caf\u00e9\/bar,\u00a0<\/strong>La Reuni\u00f3n Caf\u00e9, para almorzar o tomar algo.<\/p>\n<h2>Visita La Reuni\u00f3n: precios y horarios<\/h2>\n<p>Puedes visitar\u00a0<strong>La Reuni\u00f3n\u00a0<\/strong>con un\u00a0<strong>pase diario\u00a0<\/strong>que tiene un costo de\u00a0<strong>10 euros\u00a0<\/strong>(7,5 euros para ni\u00f1os de 7 a 15 a\u00f1os). Tambi\u00e9n, tienen el <strong>bono de 10 pases,\u00a0<\/strong>que tiene un costo de <strong>90 euros\u00a0<\/strong>o el <strong>abono mensual\u00a0<\/strong>que cuesta\u00a0<strong>55 euros\u00a0<\/strong>(45 si es domiciliado) o puedes adquirir un\u00a0<strong>pase anual <\/strong>por un costo de\u00a0<strong>450 euros.\u00a0<\/strong><\/p>\n<p>El equipo se puede alquilar directamente en <strong>La Reuni\u00f3n<\/strong>, por <strong>4 euros\u00a0<\/strong>se pueden alquilar los\u00a0<em>pies de gato,\u00a0<\/em>calzado especial para escalar, el\u00a0arn\u00e9s por\u00a0<strong>3 euros\u00a0<\/strong>y el casco se puede alquilar por el mismo precio.<\/p>\n<p><strong>La Reuni\u00f3n\u00a0<\/strong>est\u00e1 ubicado en la calle Juana Franc\u00e9s 2, nave 15 en Rivas Vaciamadrid (Metro Rivas Futura). Su horario es de <strong>lunes a domingo de 10 a las 22 horas.\u00a0<\/strong><\/p>\n<p>M\u00e1s informaci\u00f3n en su web <a href=\"https:\/\/lareunionescala.com\/\" data-wplink-edit=\"true\">lareunionescala.com<\/a>.<\/p>\n<h2>Reportaje &#8211; Vida de Madrid en La Reuni\u00f3n<\/h2>\n<p>Para vivir nuestra experiencia, <a href=\"https:\/\/www.instagram.com\/stories\/highlights\/17932259405121956\/\"><strong>entra a ver nuestro reportaje en Instagram Stories<\/strong><\/a>. Y aqu\u00ed a continuaci\u00f3n tienes algunas fotos del espacio.<\/p>\n\n\n<figure class=\"wp-block-gallery has-nested-images columns-2 is-cropped wp-block-gallery-1 is-layout-flex wp-block-gallery-is-layout-flex\">\n<figure class=\"wp-block-image size-large td-caption-align-https:\/\/www.vidademadrid.com\/es\/wp-content\/uploads\/2022\/04\/foto-la-reunion-001.jpg\"><a href=\"https:\/\/www.vidademadrid.com\/es\/wp-content\/uploads\/2022\/04\/foto-la-reunion-001.jpg\"><img loading=\"lazy\" decoding=\"async\" width=\"768\" height=\"1024\" data-id=\"41312\" src=\"https:\/\/www.vidademadrid.com\/es\/wp-content\/uploads\/2022\/04\/foto-la-reunion-001-768x1024.jpg\" alt=\"\" class=\"wp-image-41312\" srcset=\"https:\/\/www.vidademadrid.com\/es\/wp-content\/uploads\/2022\/04\/foto-la-reunion-001-768x1024.jpg 768w, https:\/\/www.vidademadrid.com\/es\/wp-content\/uploads\/2022\/04\/foto-la-reunion-001-225x300.jpg 225w, https:\/\/www.vidademadrid.com\/es\/wp-content\/uploads\/2022\/04\/foto-la-reunion-001-696x928.jpg 696w, https:\/\/www.vidademadrid.com\/es\/wp-content\/uploads\/2022\/04\/foto-la-reunion-001-315x420.jpg 315w, https:\/\/www.vidademadrid.com\/es\/wp-content\/uploads\/2022\/04\/foto-la-reunion-001.jpg 900w\" sizes=\"auto, (max-width: 768px) 100vw, 768px\" \/><\/a><\/figure>\n\n\n\n<figure class=\"wp-block-image size-large td-caption-align-https:\/\/www.vidademadrid.com\/es\/wp-content\/uploads\/2022\/04\/foto-la-reunion-003.jpg\"><a href=\"https:\/\/www.vidademadrid.com\/es\/wp-content\/uploads\/2022\/04\/foto-la-reunion-003.jpg\"><img loading=\"lazy\" decoding=\"async\" width=\"768\" height=\"1024\" data-id=\"41314\" src=\"https:\/\/www.vidademadrid.com\/es\/wp-content\/uploads\/2022\/04\/foto-la-reunion-003-768x1024.jpg\" alt=\"\" class=\"wp-image-41314\" srcset=\"https:\/\/www.vidademadrid.com\/es\/wp-content\/uploads\/2022\/04\/foto-la-reunion-003-768x1024.jpg 768w, https:\/\/www.vidademadrid.com\/es\/wp-content\/uploads\/2022\/04\/foto-la-reunion-003-225x300.jpg 225w, https:\/\/www.vidademadrid.com\/es\/wp-content\/uploads\/2022\/04\/foto-la-reunion-003-696x928.jpg 696w, https:\/\/www.vidademadrid.com\/es\/wp-content\/uploads\/2022\/04\/foto-la-reunion-003-315x420.jpg 315w, https:\/\/www.vidademadrid.com\/es\/wp-content\/uploads\/2022\/04\/foto-la-reunion-003.jpg 900w\" sizes=\"auto, (max-width: 768px) 100vw, 768px\" \/><\/a><\/figure>\n\n\n\n<figure class=\"wp-block-image size-large td-caption-align-https:\/\/www.vidademadrid.com\/es\/wp-content\/uploads\/2022\/04\/foto-la-reunion-005.jpg\"><a href=\"https:\/\/www.vidademadrid.com\/es\/wp-content\/uploads\/2022\/04\/foto-la-reunion-005.jpg\"><img loading=\"lazy\" decoding=\"async\" width=\"768\" height=\"1024\" data-id=\"41316\" src=\"https:\/\/www.vidademadrid.com\/es\/wp-content\/uploads\/2022\/04\/foto-la-reunion-005-768x1024.jpg\" alt=\"\" class=\"wp-image-41316\" srcset=\"https:\/\/www.vidademadrid.com\/es\/wp-content\/uploads\/2022\/04\/foto-la-reunion-005-768x1024.jpg 768w, https:\/\/www.vidademadrid.com\/es\/wp-content\/uploads\/2022\/04\/foto-la-reunion-005-225x300.jpg 225w, https:\/\/www.vidademadrid.com\/es\/wp-content\/uploads\/2022\/04\/foto-la-reunion-005-696x928.jpg 696w, https:\/\/www.vidademadrid.com\/es\/wp-content\/uploads\/2022\/04\/foto-la-reunion-005-315x420.jpg 315w, https:\/\/www.vidademadrid.com\/es\/wp-content\/uploads\/2022\/04\/foto-la-reunion-005.jpg 900w\" sizes=\"auto, (max-width: 768px) 100vw, 768px\" \/><\/a><\/figure>\n\n\n\n<figure class=\"wp-block-image size-large td-caption-align-https:\/\/www.vidademadrid.com\/es\/wp-content\/uploads\/2022\/04\/foto-la-reunion-006.jpg\"><a href=\"https:\/\/www.vidademadrid.com\/es\/wp-content\/uploads\/2022\/04\/foto-la-reunion-006.jpg\"><img loading=\"lazy\" decoding=\"async\" width=\"768\" height=\"1024\" data-id=\"41317\" src=\"https:\/\/www.vidademadrid.com\/es\/wp-content\/uploads\/2022\/04\/foto-la-reunion-006-768x1024.jpg\" alt=\"\" class=\"wp-image-41317\" srcset=\"https:\/\/www.vidademadrid.com\/es\/wp-content\/uploads\/2022\/04\/foto-la-reunion-006-768x1024.jpg 768w, https:\/\/www.vidademadrid.com\/es\/wp-content\/uploads\/2022\/04\/foto-la-reunion-006-225x300.jpg 225w, https:\/\/www.vidademadrid.com\/es\/wp-content\/uploads\/2022\/04\/foto-la-reunion-006-696x928.jpg 696w, https:\/\/www.vidademadrid.com\/es\/wp-content\/uploads\/2022\/04\/foto-la-reunion-006-315x420.jpg 315w, https:\/\/www.vidademadrid.com\/es\/wp-content\/uploads\/2022\/04\/foto-la-reunion-006.jpg 900w\" sizes=\"auto, (max-width: 768px) 100vw, 768px\" \/><\/a><\/figure>\n\n\n\n<figure class=\"wp-block-image size-large td-caption-align-https:\/\/www.vidademadrid.com\/es\/wp-content\/uploads\/2022\/04\/foto-la-reunion-004.jpg\"><a href=\"https:\/\/www.vidademadrid.com\/es\/wp-content\/uploads\/2022\/04\/foto-la-reunion-004.jpg\"><img loading=\"lazy\" decoding=\"async\" width=\"1024\" height=\"768\" data-id=\"41315\" src=\"https:\/\/www.vidademadrid.com\/es\/wp-content\/uploads\/2022\/04\/foto-la-reunion-004-1024x768.jpg\" alt=\"\" class=\"wp-image-41315\" srcset=\"https:\/\/www.vidademadrid.com\/es\/wp-content\/uploads\/2022\/04\/foto-la-reunion-004-1024x768.jpg 1024w, https:\/\/www.vidademadrid.com\/es\/wp-content\/uploads\/2022\/04\/foto-la-reunion-004-300x225.jpg 300w, https:\/\/www.vidademadrid.com\/es\/wp-content\/uploads\/2022\/04\/foto-la-reunion-004-768x576.jpg 768w, https:\/\/www.vidademadrid.com\/es\/wp-content\/uploads\/2022\/04\/foto-la-reunion-004-696x522.jpg 696w, https:\/\/www.vidademadrid.com\/es\/wp-content\/uploads\/2022\/04\/foto-la-reunion-004-1068x801.jpg 1068w, https:\/\/www.vidademadrid.com\/es\/wp-content\/uploads\/2022\/04\/foto-la-reunion-004-560x420.jpg 560w, https:\/\/www.vidademadrid.com\/es\/wp-content\/uploads\/2022\/04\/foto-la-reunion-004-80x60.jpg 80w, https:\/\/www.vidademadrid.com\/es\/wp-content\/uploads\/2022\/04\/foto-la-reunion-004-265x198.jpg 265w, https:\/\/www.vidademadrid.com\/es\/wp-content\/uploads\/2022\/04\/foto-la-reunion-004.jpg 1200w\" sizes=\"auto, (max-width: 1024px) 100vw, 1024px\" \/><\/a><\/figure>\n\n\n\n<figure class=\"wp-block-image size-large td-caption-align-https:\/\/www.vidademadrid.com\/es\/wp-content\/uploads\/2022\/04\/foto-la-reunion-007.jpg\"><a href=\"https:\/\/www.vidademadrid.com\/es\/wp-content\/uploads\/2022\/04\/foto-la-reunion-007.jpg\"><img loading=\"lazy\" decoding=\"async\" width=\"1024\" height=\"768\" data-id=\"41318\" src=\"https:\/\/www.vidademadrid.com\/es\/wp-content\/uploads\/2022\/04\/foto-la-reunion-007-1024x768.jpg\" alt=\"\" class=\"wp-image-41318\" srcset=\"https:\/\/www.vidademadrid.com\/es\/wp-content\/uploads\/2022\/04\/foto-la-reunion-007-1024x768.jpg 1024w, https:\/\/www.vidademadrid.com\/es\/wp-content\/uploads\/2022\/04\/foto-la-reunion-007-300x225.jpg 300w, https:\/\/www.vidademadrid.com\/es\/wp-content\/uploads\/2022\/04\/foto-la-reunion-007-768x576.jpg 768w, https:\/\/www.vidademadrid.com\/es\/wp-content\/uploads\/2022\/04\/foto-la-reunion-007-696x522.jpg 696w, https:\/\/www.vidademadrid.com\/es\/wp-content\/uploads\/2022\/04\/foto-la-reunion-007-1068x801.jpg 1068w, https:\/\/www.vidademadrid.com\/es\/wp-content\/uploads\/2022\/04\/foto-la-reunion-007-560x420.jpg 560w, https:\/\/www.vidademadrid.com\/es\/wp-content\/uploads\/2022\/04\/foto-la-reunion-007-80x60.jpg 80w, https:\/\/www.vidademadrid.com\/es\/wp-content\/uploads\/2022\/04\/foto-la-reunion-007-265x198.jpg 265w, https:\/\/www.vidademadrid.com\/es\/wp-content\/uploads\/2022\/04\/foto-la-reunion-007.jpg 1200w\" sizes=\"auto, (max-width: 1024px) 100vw, 1024px\" \/><\/a><\/figure>\n\n\n\n<figure class=\"wp-block-image size-large td-caption-align-https:\/\/www.vidademadrid.com\/es\/wp-content\/uploads\/2022\/04\/foto-la-reunion-008.jpg\"><a href=\"https:\/\/www.vidademadrid.com\/es\/wp-content\/uploads\/2022\/04\/foto-la-reunion-008.jpg\"><img loading=\"lazy\" decoding=\"async\" width=\"768\" height=\"1024\" data-id=\"41319\" src=\"https:\/\/www.vidademadrid.com\/es\/wp-content\/uploads\/2022\/04\/foto-la-reunion-008-768x1024.jpg\" alt=\"\" class=\"wp-image-41319\" srcset=\"https:\/\/www.vidademadrid.com\/es\/wp-content\/uploads\/2022\/04\/foto-la-reunion-008-768x1024.jpg 768w, https:\/\/www.vidademadrid.com\/es\/wp-content\/uploads\/2022\/04\/foto-la-reunion-008-225x300.jpg 225w, https:\/\/www.vidademadrid.com\/es\/wp-content\/uploads\/2022\/04\/foto-la-reunion-008-696x928.jpg 696w, https:\/\/www.vidademadrid.com\/es\/wp-content\/uploads\/2022\/04\/foto-la-reunion-008-315x420.jpg 315w, https:\/\/www.vidademadrid.com\/es\/wp-content\/uploads\/2022\/04\/foto-la-reunion-008.jpg 900w\" sizes=\"auto, (max-width: 768px) 100vw, 768px\" \/><\/a><\/figure>\n\n\n\n<figure class=\"wp-block-image size-large td-caption-align-https:\/\/www.vidademadrid.com\/es\/wp-content\/uploads\/2022\/04\/foto-la-reunion-002.jpg\"><a href=\"https:\/\/www.vidademadrid.com\/es\/wp-content\/uploads\/2022\/04\/foto-la-reunion-002.jpg\"><img loading=\"lazy\" decoding=\"async\" width=\"768\" height=\"1024\" data-id=\"41313\" src=\"https:\/\/www.vidademadrid.com\/es\/wp-content\/uploads\/2022\/04\/foto-la-reunion-002-768x1024.jpg\" alt=\"\" class=\"wp-image-41313\" srcset=\"https:\/\/www.vidademadrid.com\/es\/wp-content\/uploads\/2022\/04\/foto-la-reunion-002-768x1024.jpg 768w, https:\/\/www.vidademadrid.com\/es\/wp-content\/uploads\/2022\/04\/foto-la-reunion-002-225x300.jpg 225w, https:\/\/www.vidademadrid.com\/es\/wp-content\/uploads\/2022\/04\/foto-la-reunion-002-696x928.jpg 696w, https:\/\/www.vidademadrid.com\/es\/wp-content\/uploads\/2022\/04\/foto-la-reunion-002-315x420.jpg 315w, https:\/\/www.vidademadrid.com\/es\/wp-content\/uploads\/2022\/04\/foto-la-reunion-002.jpg 900w\" sizes=\"auto, (max-width: 768px) 100vw, 768px\" \/><\/a><\/figure>\n<\/figure>\n","protected":false},"excerpt":{"rendered":"<p>Nuestra experiencia disfrutando el apasionante deporte de la escalada<\/p>\n","protected":false},"author":15,"featured_media":41309,"comment_status":"open","ping_status":"open","sticky":false,"template":"","format":"standard","meta":{"footnotes":""},"categories":[186,115,36],"tags":[],"class_list":{"0":"post-41221","1":"post","2":"type-post","3":"status-publish","4":"format-standard","5":"has-post-thumbnail","7":"category-experiencias-originales-y-juegos","8":"category-planes-del-momento-madrid","9":"category-reportajes"},"_links":{"self":[{"href":"https:\/\/www.vidademadrid.com\/es\/wp-json\/wp\/v2\/posts\/41221","targetHints":{"allow":["GET"]}}],"collection":[{"href":"https:\/\/www.vidademadrid.com\/es\/wp-json\/wp\/v2\/posts"}],"about":[{"href":"https:\/\/www.vidademadrid.com\/es\/wp-json\/wp\/v2\/types\/post"}],"author":[{"embeddable":true,"href":"https:\/\/www.vidademadrid.com\/es\/wp-json\/wp\/v2\/users\/15"}],"replies":[{"embeddable":true,"href":"https:\/\/www.vidademadrid.com\/es\/wp-json\/wp\/v2\/comments?post=41221"}],"version-history":[{"count":6,"href":"https:\/\/www.vidademadrid.com\/es\/wp-json\/wp\/v2\/posts\/41221\/revisions"}],"predecessor-version":[{"id":49854,"href":"https:\/\/www.vidademadrid.com\/es\/wp-json\/wp\/v2\/posts\/41221\/revisions\/49854"}],"wp:featuredmedia":[{"embeddable":true,"href":"https:\/\/www.vidademadrid.com\/es\/wp-json\/wp\/v2\/media\/41309"}],"wp:attachment":[{"href":"https:\/\/www.vidademadrid.com\/es\/wp-json\/wp\/v2\/media?parent=41221"}],"wp:term":[{"taxonomy":"category","embeddable":true,"href":"https:\/\/www.vidademadrid.com\/es\/wp-json\/wp\/v2\/categories?post=41221"},{"taxonomy":"post_tag","embeddable":true,"href":"https:\/\/www.vidademadrid.com\/es\/wp-json\/wp\/v2\/tags?post=41221"}],"curies":[{"name":"wp","href":"https:\/\/api.w.org\/{rel}","templated":true}]}}