{"id":41193,"date":"2022-04-01T00:00:24","date_gmt":"2022-03-31T22:00:24","guid":{"rendered":"https:\/\/www.vidademadrid.com\/es\/?p=41193"},"modified":"2022-04-29T11:32:54","modified_gmt":"2022-04-29T09:32:54","slug":"agenda-abril-2022-madrid","status":"publish","type":"post","link":"https:\/\/www.vidademadrid.com\/es\/41193\/agenda-abril-2022-madrid\/","title":{"rendered":"Agenda de abril 2022 en Madrid"},"content":{"rendered":"<p>Bienvenidos una vez m\u00e1s a nuestro especial siempre actualizado con todos los planes y eventos destacados del mes: en la <strong>agenda de abril 2022 de Vida de Madrid<\/strong> encontrar\u00e1s todas las actividades que no tienes que perderte a lo largo del mes.<\/p>\n<p>Consulta a continuaci\u00f3n <strong>nuestra agenda con los planes por d\u00eda<\/strong> y los <strong>planes activos durante todo el mes en Madrid<\/strong>. Y recuerda volver siempre aqu\u00ed (<em>www.vidademadrid.com\/agenda<\/em> o pinchando Agenda desde nuestro men\u00fa) porque vamos a actualizar la agenda para que no falte ning\u00fan nuevo plan.<\/p>\n<p><em>[Escr\u00edbenos a info@vidademadrid.com para proponeros un plan que falta o a publicidad@vidademadrid.com si quieres dar visibilidad a tu evento.]<\/em><\/p>\n<p><script async=\"\" src=\"https:\/\/pagead2.googlesyndication.com\/pagead\/js\/adsbygoogle.js\"><\/script> <ins class=\"adsbygoogle\" style=\"display: block;\" data-ad-format=\"fluid\" data-ad-layout-key=\"-7f+eo+1+2-5\" data-ad-client=\"ca-pub-7450064428034605\" data-ad-slot=\"7327027071\"><\/ins><script>(adsbygoogle = window.adsbygoogle || []).push({});<\/script><\/p>\n<h2>Agenda por d\u00eda de abril 2022 en Madrid<\/h2>\n<ul>\n<li><strong>Del 1 <\/strong>de abril: <a href=\"https:\/\/www.vidademadrid.com\/es\/41213\/teleferico-madrid-reapertura-precios-recorrido-2022\/\">reabre el Telef\u00e9rico de Madrid<\/a><\/li>\n<li><strong>Del 1 al 3 <\/strong>de abril: <strong><a href=\"https:\/\/www.vidademadrid.com\/es\/41099\/dias-europeos-artesania-programa-madrid-202\/\">D\u00edas Europeos de la Artesan\u00eda<\/a><\/strong><\/li>\n<li><strong>Del 1 al 3<\/strong> de abril: <a href=\"https:\/\/www.vidademadrid.com\/es\/41079\/artesana-week-lavapies-feria-cerveza-artesana-lavapies-2022\/\">\u00abArtesana Week Lavapi\u00e9s\u00bb, feria de la cerveza artesana<\/a><\/li>\n<li><strong>Del 1 al 3 <\/strong>de abril: <a href=\"https:\/\/www.vidademadrid.com\/es\/40623\/feria-moto-madrid-2022-entradas-invitaciones-vive-la-moto-ifema\/\">feria \u00abVive la moto\u00bb en IFEMA<\/a><\/li>\n<li><strong>Del 1 al 3 <\/strong>de abril: <a href=\"https:\/\/www.vidademadrid.com\/es\/41113\/monstera-pop-up-tienda-plantas-interior-madrid\/\">pop-up Monstera que regalar\u00e1 300 plantas a los primeros clientes<\/a><\/li>\n<li><strong>Del 1 al 10<\/strong> de abril: <a href=\"https:\/\/www.vidademadrid.com\/es\/40544\/exposicion-libros-miniatura-la-bliblioteca-liliput-moda-shopping\/\">\u201cLa biblioteca de Liliput\u201d, exposici\u00f3n de mil libros en miniatura<\/a><\/li>\n<li><strong>Del 1 al 17<\/strong> de abril: <a href=\"https:\/\/www.vidademadrid.com\/es\/38487\/tatuajes-exposicion-caixaforum-2021-2022-madrid\/\">\u00abTattoo. El arte bajo la piel\u00bb en CaixaForum<\/a><\/li>\n<li><strong>Del 1 al 17<\/strong> de abril:\u00a0<a href=\"https:\/\/www.vidademadrid.com\/es\/39404\/exposicion-superman-fuenlabrada-madrid-entrada-horarios\/\">Exposici\u00f3n gratuita\u00a0\u00abSuperman,\u00a0lo nunca visto del superh\u00e9roe\u00bb en Fuenlabrada<\/a><\/li>\n<li><strong>Del 1 al 24 <\/strong>de abril:\u00a0<a href=\"https:\/\/www.vidademadrid.com\/es\/39775\/vari-carames-algo-nada-siempre-exposicion-fotografica-2022\/\">\u00abVari Caram\u00e9s. Algo, nada, siempre\u00bb, exposici\u00f3n gratuita de fotograf\u00eda en la Sala Canal<\/a><\/li>\n<li><strong>Del 1 al 25<\/strong> de abril: <strong><a href=\"https:\/\/www.vidademadrid.com\/es\/41050\/feed-feed-ana-jaren-exposicion-galeria-modus-operandi\/\">\u00abFeed the Feed\u00bb, la exposici\u00f3n de la ilustradora Ana Jar\u00e9n<\/a><\/strong><\/li>\n<li><strong>2<\/strong> de abril: <a href=\"https:\/\/www.vidademadrid.com\/es\/41136\/fiesta-literatura-infantil-juvenil-cuesta-moyano-20\/\">Fiesta de la Literatura Infantil y Juvenil 2022 en la Cuesta de Moyano<\/a><\/li>\n<li><strong>Del 2<\/strong> de abril: <a href=\"https:\/\/www.vidademadrid.com\/es\/41233\/cubo-gym-madrid-gimnasio-aire-libre-plaza-pedro-zerolo-chueca\/\"><strong>Cubo Gym Madrid, gym al aire libre en Chueca<\/strong><\/a> (hasta el 21 de junio)<\/li>\n<li><strong>Del 2 al 28<\/strong> de abril: <a href=\"https:\/\/www.vidademadrid.com\/es\/41178\/desfile-star-wars-galaxy-day-exposicion-la-latina-madrid\/\"><strong>Exposici\u00f3n de Star Wars \u00abGalaxy Day\u00bb del artista Juan Villa<\/strong><\/a><\/li>\n<li><strong>3<\/strong> de abril: <a href=\"https:\/\/www.vidademadrid.com\/es\/40655\/desfile-star-wars-legion-501-aluche-madrid-2022\/\"><strong>Desfile de Star Wars &#8211; Galaxy Day en el Distrito Latina<\/strong><\/a><\/li>\n<li><strong>3<\/strong> de abril: <a href=\"https:\/\/www.vidademadrid.com\/es\/39865\/mercado-planetario-madrid-fechas-horarios-2022-productores\/\">Mercado de productores Planetario<\/a><\/li>\n<li><strong>Del 4<\/strong> de abril: <a href=\"https:\/\/www.vidademadrid.com\/es\/41217\/la-esencia-del-cuadro-exposicion-olfativa-museo-prado-2022\/\"><strong>\u00abLa esencia de un cuadro. Una exposici\u00f3n olfativa\u00bb en el Museo del Prado<\/strong><\/a> (hasta el 3 de julio)<\/li>\n<li><strong>Del 5<\/strong> de abril: <strong><a href=\"https:\/\/www.vidademadrid.com\/es\/41305\/exposicion-fotografia-museo-historia-madrid-secretos-madrid\/\">En el Museo de Historia, \u00abMadrid hace un siglo\u00bb<\/a><\/strong>, con fotos seleccionadas del Archivo ABC por Manuel Garc\u00eda del Moral, \u00abSecretos de Madrid\u00bb\u00a0(hasta el 18 de septiembre)<\/li>\n<li><strong>6<\/strong> de abril: <strong><a href=\"https:\/\/www.vidademadrid.com\/es\/41102\/relevo-guardia-real-cambio-guardia-palacio-real-madrid-2022\/\">Relevo Solemne de la Guardia en el Palacio Real\u00a0<\/a><\/strong><\/li>\n<li><strong>6<\/strong> de abril: <a href=\"https:\/\/www.vidademadrid.com\/es\/41261\/mercampus-feria-de-productores-ciudad-universitaria-2022\/\"><strong>\u00abMerCAMPUS\u00bb, la 1\u00ba feria de productores en Ciudad Universitaria<\/strong><\/a><\/li>\n<li><strong>Del 7<\/strong> de abril: <a href=\"https:\/\/www.vidademadrid.com\/es\/41121\/casa-decor-2022-goya-89-fechas-horario-entradas\/\"><strong>Casa Decor 2022<\/strong><\/a> (hasta el 22 de mayo)<\/li>\n<li><strong>8<\/strong> de abril: <a href=\"https:\/\/www.vidademadrid.com\/es\/41349\/zara-plaza-espana-apertura-fotos-madrid-2022\/\">abre la tienda Zara de Plaza Espa\u00f1a<\/a> &#8211; <strong><a href=\"https:\/\/www.vidademadrid.com\/es\/41349\/zara-plaza-espana-apertura-fotos-madrid-2022\/\">Nuestro reportaje<\/a><\/strong><\/li>\n<li><strong>8<\/strong> de abril: <a href=\"https:\/\/www.vidademadrid.com\/es\/41346\/museo-bomberos-madrid-reapertura-horarios-2022\/\">reabre el Museo de Bomberos de Madrid<\/a><\/li>\n<li><strong>Del 8<\/strong> de abril: <a href=\"https:\/\/www.vidademadrid.com\/es\/40648\/exposicion-palacio-de-cristal-parque-del-retiro-primavera-2022\/\">en el Palacio de Cristal del Retiro \u00abCarlos Bunga. Contra la extravagancia del deseo\u00bb<\/a> (hasta el al 4 de septiembre)<\/li>\n<li><strong>9 y 10<\/strong> de abril: <a href=\"https:\/\/www.vidademadrid.com\/es\/39790\/vuelve-mercado-de-motores-12-y-13-febrero\/\">Mercado de Motores<\/a><\/li>\n<li><strong>Del 10<\/strong> <strong>al 17<\/strong> de abril: <a href=\"https:\/\/www.vidademadrid.com\/es\/41248\/programa-de-semana-santa-2022-en-madrid-procesiones-actividades\/\"><strong>Semana Santa &#8211; especial con procesiones, conciertos y otras actividades<\/strong><\/a> &#8211; <a href=\"https:\/\/www.vidademadrid.com\/es\/41414\/semana-santa-2022-procesiones-y-prevision-de-tiempo\/\">Recorridos procesiones<\/a><\/li>\n<li><strong>Del 11<\/strong> de abril: <a href=\"https:\/\/www.vidademadrid.com\/es\/41266\/maqueta-ferroviaria-museo-ferrocarril-entradas-precios\/\"><strong>la mayor maqueta ferroviaria de Espa\u00f1a en el Museo del Ferrocarril<\/strong><\/a><\/li>\n<li><strong>Del 14<\/strong> de abril: <a href=\"https:\/\/www.vidademadrid.com\/es\/41481\/espectaculo-la-granja-fuentes-palacio-real-segovia-2022\/\">Vuelve el espect\u00e1culo de las fuentes en La Granja en Segovia<\/a><\/li>\n<li><strong>16 y 17<\/strong> de abril: <a href=\"https:\/\/www.vidademadrid.com\/es\/41416\/actividades-gratuitas-wanda-metropolitano-dia-nino\/\">D\u00eda del Ni\u00f1o con actividades gratuitas en el Wanda Metropolitano<\/a><\/li>\n<li><strong>17<\/strong> de abril: <a href=\"https:\/\/www.vidademadrid.com\/es\/39865\/mercado-planetario-madrid-fechas-horarios-2022-productores\/\">Mercado de productores Planetario<\/a><\/li>\n<li><strong>Del 21<\/strong> de abril: <a href=\"https:\/\/www.vidademadrid.com\/es\/41516\/incunabula-exposicion-biblioteca-nacional-espana-2022\/\">el primer libro impreso en Espa\u00f1a y m\u00e1s en Incunabula, nueva exposici\u00f3n de la Biblioteca Nacional<\/a> (hasta el 23 de julio)<\/li>\n<li><strong>Del 21 al 23<\/strong> de abril: <a href=\"https:\/\/www.vidademadrid.com\/es\/41585\/lectura-continuada-quijote-circulo-bellas-artes-dia-del-libro-2022\/\">XXVI <strong>Lectura Continuada del Quijote<\/strong>, en el\u00a0C\u00edrculo de Bellas Artes<\/a><\/li>\n<li><strong>22<\/strong> de abril: <a href=\"https:\/\/www.vidademadrid.com\/es\/41406\/la-noche-libros-2022-programacion-madrid\/\"><strong>La Noche de los Libros de la Comunidad de Madrid<\/strong><\/a><\/li>\n<li><strong>22<\/strong> de abril: <a href=\"https:\/\/www.vidademadrid.com\/es\/41566\/celebra-el-dia-del-libro-disfrazado-de-tu-escritor-o-personaje-favorito\/\">Fiesta de disfraces para celebrar el D\u00eda del Libro<\/a><\/li>\n<li><strong>Del 22<\/strong> de abril: <a href=\"https:\/\/www.vidademadrid.com\/es\/41588\/archivos-lambda-exposicion-centrocentro-cibeles-2022\/\">\u00abArchivos Lambda\u00bb, la exposici\u00f3n gratuita sobre el Museo Munch de Oslo en CentroCentro<\/a> (hasta el 28 de agosto)<\/li>\n<li><strong>23<\/strong> de abril: <a href=\"https:\/\/www.vidademadrid.com\/es\/41472\/madblue-2022-madrid-entradas-concierto-carrera\/\">MadBlue 2022 &#8211; Limpia R\u00edos Salva Oc\u00e9anos en el R\u00edo Jarama<\/a><\/li>\n<li><strong>23<\/strong> de abril: <a href=\"https:\/\/www.vidademadrid.com\/es\/41520\/momentos-alhambra-aperitivos-thyssen-primavera-programa-museo-thyssen\/\">vuelve Momentos Alhambra #AperitivosThyssen, cita con conciertos gratuitos en el Thyssen<\/a><\/li>\n<li><strong>23 y 24<\/strong> de abril: <a href=\"https:\/\/www.vidademadrid.com\/es\/40293\/iberoexperia-festival-iberoamericano-ifema-madrid-entradas-2022\/\"><strong>Festival Iberoexperia<\/strong><\/a> &#8211; <a href=\"https:\/\/www.awin1.com\/cread.php?awinmid=24761&amp;awinaffid=329379&amp;ued=https%3A%2F%2Fwww.entradas.com%2Fartist%2Fiberoexperia%2F%3F%3Faffiliate%3DAWI%26utm_source%3Dawin%26utm_medium%3Daffiliate%26utm_campaign%3Dawin\">Entradas<\/a><\/li>\n<li><strong>23 y 24<\/strong> de abril: <em>suspendido por inclemencias meteorol\u00f3gica<\/em>s <del>Primera edici\u00f3n de <a href=\"https:\/\/www.vidademadrid.com\/es\/41493\/mercado-matadero-matadero-madrid-fechas-2022\/\"><strong>Mercado de Matadero<\/strong><\/a>, cita mensual en la que se podr\u00e1 comprar de forma directa de 70 productores locales<\/del><\/li>\n<li><strong>Del 24<\/strong> de abril: <a href=\"https:\/\/www.vidademadrid.com\/es\/40536\/tren-fresa-madrid-aranjuez-recorrido-2022-entradas\/\"><strong>Tren de la Fresa 2022<\/strong><\/a><\/li>\n<li><strong>26<\/strong> de abril: <a href=\"https:\/\/www.vidademadrid.com\/es\/41660\/sarao-moderno-sala-el-sol-28-abril-2022\/\"><strong>En la sala El Sol llegan los Saraos Modernos, las fiestas con la mejor m\u00fasica indie<\/strong><\/a><\/li>\n<li><strong>Del 27<\/strong> de abril: <a href=\"https:\/\/www.vidademadrid.com\/es\/41653\/kinky-boots-musical-teatro-calderon-madrid-entradas-2022\/\"><strong>\u00abKinky Boots, el musical\u00bb en al Teatro Calder\u00f3n de Madrid<\/strong><\/a> (hasta el 22 de mayo)<\/li>\n<li><strong>Del 28<\/strong> de abril: <a href=\"https:\/\/www.vidademadrid.com\/es\/41686\/un-puente-donde-quedarse-guillermo-mora-alcala-31-exposicion-2022\/\">\u00abGuillermo Mora. Un puente donde quedarse\u00bb, la nueva exposici\u00f3n gratuita de la Sala Alcal\u00e1 31<\/a> (hasta el 24 de julio)<\/li>\n<li><strong>Del 29<\/strong> de abril: <a href=\"https:\/\/www.vidademadrid.com\/es\/41332\/feria-medieval-madrid-el-alamo-mercadillo-medieval-2022\/\"><strong>XXV Gran Feria Medieval de El \u00c1lamo<\/strong><\/a> &#8211; <a href=\"https:\/\/www.vidademadrid.com\/es\/41689\/feria-medieval-el-alamo-programa-madrid-2022\/\">consulta el programa completo<\/a> (hasta el 2 de mayo)<\/li>\n<li><strong>Del 29<\/strong> de abril: <a href=\"https:\/\/www.vidademadrid.com\/es\/41563\/complutum-renacida-romano-alcala-de-henares-2022\/\"><strong>Complutum Renacida 2022, el Mercado Romano en Alcal\u00e1 de Henares<\/strong><\/a> (hasta el 2 de mayo)<\/li>\n<li><strong>Del 29<\/strong> de abril: <a href=\"https:\/\/www.vidademadrid.com\/es\/41670\/feria-del-libro-antiguo-ocasion-madrid-fechas-horarios-2022\/\"><strong>Feria del Libro Antiguo y de Ocasi\u00f3n en Paseo de Recoletos<\/strong><\/a> (hasta el 16 de mayo)<\/li>\n<\/ul>\n<p><script async=\"\" src=\"https:\/\/pagead2.googlesyndication.com\/pagead\/js\/adsbygoogle.js\"><\/script> <ins class=\"adsbygoogle\" style=\"display: block; text-align: center;\" data-ad-layout=\"in-article\" data-ad-format=\"fluid\" data-ad-client=\"ca-pub-7450064428034605\" data-ad-slot=\"5670045061\"><\/ins> <script>(adsbygoogle = window.adsbygoogle || []).push({});<\/script><\/p>\n<h2>Agenda de los planes disponibles todos los d\u00edas de abril 2022 en Madrid<\/h2>\n<ul>\n<li><a href=\"https:\/\/www.vidademadrid.com\/es\/39647\/hiperreal-trampantojo-exposicion-temporal-museo-thyssen-2022\/\"><strong>\u00abHiperreal. El arte del trampantojo\u00bb en el Thyssen<\/strong><\/a> (hasta el 22 de mayo)<\/li>\n<li><a href=\"https:\/\/www.vidademadrid.com\/es\/41221\/la-reunion-rocodromo-precios-horarios-madrid\/\"><strong>Disfruta del deporte de la escalada en La Reuni\u00f3n, el nuevo roc\u00f3dromo de Madrid con su gran monolito de madera, \u00fanico en la regi\u00f3n<\/strong><\/a><\/li>\n<li><a href=\"https:\/\/www.vidademadrid.com\/es\/41147\/charlie-en-la-fabrica-de-chocolate-musical-espacio-ibercaja-entradas\/\"><strong>\u00abAl descubierto\u00bb, la exposici\u00f3n fotogr\u00e1fica gratuita de los grandes maestros del s. XX<\/strong><\/a> (hasta el 24 de julio)<\/li>\n<li><a href=\"https:\/\/www.vidademadrid.com\/es\/40882\/planes-originales-madrid-art-and-wine-eventos-reservas\/\"><strong>Art and Wine<\/strong><\/a>, taller con un artista profesional que te ense\u00f1ar\u00e1 a pintar un cuadro mientras disfrutas de vino ilimitado<\/li>\n<li><a href=\"https:\/\/www.vidademadrid.com\/es\/41452\/concierotos-jardin-botanico-actividades-entradas\/\">M\u00fasica entre tulipanes y otras actividades en el Jard\u00edn Bot\u00e1nico<\/a><\/li>\n<li><strong><a href=\"https:\/\/www.vidademadrid.com\/es\/38277\/exposicion-de-klimt-realidad-virtual-matadero-madrid-fechas\/\">\u00abKlimt, la experiencia inmersiva\u00bb en MAD &#8211; Madrid Artes Digitales, Matadero<\/a><\/strong><\/li>\n<li><a href=\"https:\/\/www.vidademadrid.com\/es\/40662\/en-madrid-una-historia-de-la-moda-exposicion-sala-el-aguila-2022\/\"><em><strong>\u00abEn Madrid. Una historia de la moda, 1940-1970\u00bb, <\/strong><\/em>en Sala El Aguila<\/a> (hasta el 22 de mayo)<\/li>\n<li><a href=\"https:\/\/www.vidademadrid.com\/es\/40585\/real-jardin-botanico-madrid-exposicion-codices-2022\/\">En el Real Jard\u00edn Bot\u00e1nico una exposici\u00f3n con importantes c\u00f3dices ilustrados<\/a> (hasta el 22 de mayo)<\/li>\n<li><a href=\"https:\/\/www.vidademadrid.com\/es\/39720\/andy-warhol-super-pop-exposicion-palacio-santa-barbara-entradas\/\"><strong>Exposici\u00f3n Andy Warhol Super Pop<\/strong>\u00a0en el Palacio de Santa B\u00e1rbara<\/a>\u00a0(hasta el 5 de junio)<\/li>\n<li><a href=\"https:\/\/www.vidademadrid.com\/es\/38162\/picasso-rostros-y-figuras-exposicion-real-academia-de-bellas-artes\/\"><strong>\u00abPicasso: rostros y figuras\u00bb<\/strong>\u00a0en la Real Academia de Bellas Artes de San Fernando<\/a>\u00a0(hasta el 15 de mayo)<\/li>\n<li><strong>\u00a0<\/strong><a href=\"https:\/\/www.vidademadrid.com\/es\/39861\/cine-moda-jean-paul-gaultier-exposicion-caixaforum-2022\/\"><strong>\u00abCine y Moda. Por Jean Paul Gaultier\u00bb<\/strong>, nueva exposici\u00f3n en CaixaForum<\/a>\u00a0(hasta el 5 de junio)<\/li>\n<li><a href=\"https:\/\/www.vidademadrid.com\/es\/39245\/la-edad-dichosa-infancia-nueva-exposicion-2022-museo-sorolla\/\">Exposici\u00f3n del <strong>Museo Sorolla<\/strong>, \u00abLa edad dichosa. La infancia en la pintura de Sorolla\u00bb <\/a>(hasta el 19 de junio)<\/li>\n<li><a href=\"https:\/\/www.vidademadrid.com\/es\/38974\/exposicion-auschwitz-madrid-2022-seeing-auschwitz-entradas\/\">\u00abSeeing Auschwitz\u00bb, recorrido visual por el campo de concentraci\u00f3n de Auschwitz<\/a>\u00a0(hasta el 15 de julio)<\/li>\n<li>\u00abTracce\/Huellas\u00bb, exposici\u00f3n gratuita que recorre cinco d\u00e9cadas de arte contempor\u00e1neo italiano. En el Istituto Italiano di Cultura (hasta el 4 de junio)<\/li>\n<li><a href=\"https:\/\/www.vidademadrid.com\/es\/38331\/exposicion-stanley-kubrick-circulo-bellas-artes-madrid\/\">\u00abStanley Kubrick. The Exhibition\u00bb en el C\u00edrculo de Bellas Artes<\/a>\u00a0(hasta el 8 de mayo)<\/li>\n<li><a href=\"https:\/\/www.vidademadrid.com\/es\/37354\/frida-kahlo-exposicion-madrid-entradas-y-fechas\/\">\u2018Frida Kahlo. La experiencia: Ojos que no ven, coraz\u00f3n que no siente\u2018<\/a>\u00a0(hasta mayo)<\/li>\n<li><a href=\"https:\/\/www.vidademadrid.com\/es\/39896\/magallanes-el-cano-experiencia-inmersiva-entradas-horarios\/\">\u00abMagallanes y Elcano: Sin L\u00edmites\u00bb, la experiencia inmersiva en el Espacio Ibercaja Delicias<\/a> (hasta el 31 de mayo)<\/li>\n<li><a href=\"https:\/\/www.vidademadrid.com\/es\/39611\/rainmakers-instalacion-artistica-miler-lagos-condeduque-madrid\/\">\u00abRainmakers\u00bb: la instalaci\u00f3n art\u00edstica que genera lluvia en Condeduque<\/a> (hasta el 1 de mayo)<\/li>\n<li><a href=\"https:\/\/www.vidademadrid.com\/es\/restaurantes-bares-madrid\/\"><strong>Conoce todo lo \u00faltimo de los restaurantes de Madrid en nuestra secci\u00f3n foodie<\/strong><\/a><\/li>\n<li><a href=\"https:\/\/www.vidademadrid.com\/es\/planes\/\"><strong>M\u00e1s planes organizados por tipolog\u00eda en nuestro especial planes (vidademadrid.com\/planes)<\/strong><\/a><\/li>\n<\/ul>\n<p><strong>Y en mayo, junio y julio 2022&#8230;<\/strong><\/p>\n<ul>\n<li>1 de mayo: <a href=\"https:\/\/www.vidademadrid.com\/es\/41472\/madblue-2022-madrid-entradas-concierto-carrera\/\">MadBlue, el festival de innovaci\u00f3n, ciencia y cultura hacia el desarrollo sostenible, con concierto y carrera popular en el Parque Galv\u00e1n<\/a><\/li>\n<li>2 de mayo: <a href=\"https:\/\/www.vidademadrid.com\/es\/41637\/2-de-mayo-dia-de-la-comunidad-de-madrid-programa-2022\/\"><strong>Celebraci\u00f3n del 2 de Mayo en Malasa\u00f1a y distintas localidades de la Comunidad de Madrid<\/strong><\/a><\/li>\n<li>2 de mayo: <a href=\"https:\/\/www.vidademadrid.com\/es\/41641\/dia-paella-loeches-2-de-mayo-conciertos-2022\/\">D\u00eda de la Paella de Loeches<\/a><\/li>\n<li>3, 4 y 5 de mayo: <a href=\"https:\/\/www.vidademadrid.com\/es\/41328\/fiesta-del-cine-entradas-madrid-2022\/\"><strong>Fiesta del Cine con entradas a 3,50 \u20ac<\/strong><\/a><\/li>\n<li>Del 7 de mayo: <a href=\"https:\/\/www.vidademadrid.com\/es\/41682\/frida-kahlo-exposicion-casa-de-mexico-madrid-2022\/\">\u00abFrida Kahlo: alas para volar\u00bb, la nueva exposici\u00f3n de la Casa de M\u00e9xico en Espa\u00f1a<\/a> (hasta noviembre)<\/li>\n<li>Del 11 al 29 de mayo: <a href=\"https:\/\/www.vidademadrid.com\/es\/41675\/festival-flamenco-madrid-fechas-entradas-2022\/\"><strong>Festival Flamenco Madrid<\/strong><\/a><\/li>\n<li>14 de mayo: <strong><a href=\"https:\/\/www.vidademadrid.com\/es\/41713\/piscinas-verano-madrid-2022\/\">Inauguraci\u00f3n piscinas de verano 2022 de Madrid (municipales) con jornada de puertas abiertas<\/a><\/strong><\/li>\n<li>14 y 15 de mayo: <a href=\"https:\/\/www.vidademadrid.com\/es\/40876\/san-isidronic-festival-musica-electronica-entradas-san-isidro\/\">San Isidronic Festival<\/a>, festival de m\u00fasica electr\u00f3nica en La Riviera<\/li>\n<li>14 y 15 de mayo: <a href=\"https:\/\/www.vidademadrid.com\/es\/41275\/verbena-2022-san-isidro-programacion-entradas\/\">Mercado de Dise\u00f1o Verbena en el Parque del Oeste<\/a><\/li>\n<li>15 de mayo: <a href=\"https:\/\/www.vidademadrid.com\/es\/41273\/planes-san-isidro-2022-madrid-programacion\/\"><strong>Fiestas de San Isidro 2022<\/strong> (art\u00edculo especial con programaci\u00f3n y actividades)<\/a><\/li>\n<li>Del 16 al 29 de mayo: Gastrofestival 2022<\/li>\n<li>Del 21 al 29 de mayo: <a href=\"https:\/\/www.vidademadrid.com\/es\/40392\/exposicion-cuerpo-san-isidro-ano-santo-madrid-2022\/\">exposici\u00f3n del cuerpo de San Isidro\u00a0<\/a><\/li>\n<li>21 de mayo: \u00abSonidos del Este\u00bb, concierto solidario de la Orquesta Infantil y Juvenil EOS en el Auditorio Nacional. La recaudaci\u00f3n se destinar\u00e1 a la Fundaci\u00f3n Padre Arrupe, para ofrecer becas de educaci\u00f3n a ni\u00f1os en El Salvador. <a href=\"https:\/\/www.entradasinaem.es\/ficha-espectaculo\/5\/1845\/sonidos-del-este\">Entradas<\/a><\/li>\n<li>Del 27 de mayo al 5 de junio: <a href=\"https:\/\/www.vidademadrid.com\/es\/40906\/fiesta-primavera-2022-distrito-hortaleza-fechas\/\">Fiestas de la Primavera 2022 en el distrito Hortaleza<\/a><\/li>\n<li>Del 27 de mayo al 12 de junio: <a href=\"https:\/\/www.vidademadrid.com\/es\/41646\/feria-del-libro-madrid-fechas-expositores-2022\/\"><strong>Feria del Libro de Madrid 2022<\/strong><\/a><\/li>\n<li>28 y 29 de mayo; 25 y 26 de junio: <a href=\"https:\/\/www.vidademadrid.com\/es\/41493\/mercado-matadero-matadero-madrid-fechas-2022\/\"><strong>Mercado de Matadero<\/strong><\/a>, cita mensual para con 70 productores locales<\/li>\n<li>Del 3 al 5 de junio: <a href=\"https:\/\/www.vidademadrid.com\/es\/41615\/passione-italia-2022-madrid\/\"><strong>Passione Italia 2022<\/strong><\/a><\/li>\n<li>Del 1 al 10 de julio: <a href=\"https:\/\/www.vidademadrid.com\/es\/38169\/fiestas-del-orgullo-madrid-2022-fechas-y-actividades\/\"><strong>Fiestas del Orgullo LGBTI<\/strong><\/a><\/li>\n<li>Del 23 al 25 de septiembre: <a href=\"https:\/\/www.vidademadrid.com\/es\/41679\/open-house-2022-madrid-fechas\/\"><strong>Open House Madrid 2022<\/strong><\/a><\/li>\n<\/ul>\n<p>Si crees que falta algo, <a href=\"\/es\/contacto\">escr\u00edbenos<\/a>.<\/p>\n","protected":false},"excerpt":{"rendered":"<p>Descubre nuestra selecci\u00f3n siempre actualizada con los eventos y los planes del mes<\/p>\n","protected":false},"author":1,"featured_media":41195,"comment_status":"open","ping_status":"open","sticky":false,"template":"","format":"standard","meta":{"footnotes":""},"categories":[11],"tags":[],"class_list":{"0":"post-41193","1":"post","2":"type-post","3":"status-publish","4":"format-standard","5":"has-post-thumbnail","7":"category-eventos-madrid"},"_links":{"self":[{"href":"https:\/\/www.vidademadrid.com\/es\/wp-json\/wp\/v2\/posts\/41193","targetHints":{"allow":["GET"]}}],"collection":[{"href":"https:\/\/www.vidademadrid.com\/es\/wp-json\/wp\/v2\/posts"}],"about":[{"href":"https:\/\/www.vidademadrid.com\/es\/wp-json\/wp\/v2\/types\/post"}],"author":[{"embeddable":true,"href":"https:\/\/www.vidademadrid.com\/es\/wp-json\/wp\/v2\/users\/1"}],"replies":[{"embeddable":true,"href":"https:\/\/www.vidademadrid.com\/es\/wp-json\/wp\/v2\/comments?post=41193"}],"version-history":[{"count":26,"href":"https:\/\/www.vidademadrid.com\/es\/wp-json\/wp\/v2\/posts\/41193\/revisions"}],"predecessor-version":[{"id":41797,"href":"https:\/\/www.vidademadrid.com\/es\/wp-json\/wp\/v2\/posts\/41193\/revisions\/41797"}],"wp:featuredmedia":[{"embeddable":true,"href":"https:\/\/www.vidademadrid.com\/es\/wp-json\/wp\/v2\/media\/41195"}],"wp:attachment":[{"href":"https:\/\/www.vidademadrid.com\/es\/wp-json\/wp\/v2\/media?parent=41193"}],"wp:term":[{"taxonomy":"category","embeddable":true,"href":"https:\/\/www.vidademadrid.com\/es\/wp-json\/wp\/v2\/categories?post=41193"},{"taxonomy":"post_tag","embeddable":true,"href":"https:\/\/www.vidademadrid.com\/es\/wp-json\/wp\/v2\/tags?post=41193"}],"curies":[{"name":"wp","href":"https:\/\/api.w.org\/{rel}","templated":true}]}}