{"id":41173,"date":"2022-03-31T11:52:30","date_gmt":"2022-03-31T09:52:30","guid":{"rendered":"https:\/\/www.vidademadrid.com\/es\/?p=41173"},"modified":"2022-04-01T09:08:29","modified_gmt":"2022-04-01T07:08:29","slug":"edificio-mas-alto-espana-madrid-nuevo-norte-chamartin","status":"publish","type":"post","link":"https:\/\/www.vidademadrid.com\/es\/41173\/edificio-mas-alto-espana-madrid-nuevo-norte-chamartin\/","title":{"rendered":"El edificio m\u00e1s alto de Espa\u00f1a estar\u00e1 en Madrid Nuevo Norte"},"content":{"rendered":"<p><strong>Madrid Nuevo Norte,\u00a0<\/strong>el mayor proyecto de regeneraci\u00f3n urbana de Europa, tendr\u00e1 el <strong>edificio\u00a0<\/strong><strong>m\u00e1s alto de Espa\u00f1a.\u00a0<\/strong>Ubicado en el distrito de Chamart\u00edn, tiene como objetivo convertir a Madrid en una de las ciudades m\u00e1s sostenibles y vanguardistas de Europa. Conoce toda la informaci\u00f3n en este art\u00edculo.\u00a0<\/p>\n<h2>El nuevo edificio m\u00e1s alto de Espa\u00f1a\u00a0<\/h2>\n<p><script async=\"\" src=\"https:\/\/pagead2.googlesyndication.com\/pagead\/js\/adsbygoogle.js\"><\/script> <ins class=\"adsbygoogle\" style=\"display: block;\" data-ad-format=\"fluid\" data-ad-layout-key=\"-7f+eo+1+2-5\" data-ad-client=\"ca-pub-7450064428034605\" data-ad-slot=\"7327027071\"><\/ins><script>(adsbygoogle = window.adsbygoogle || []).push({});<\/script><\/p>\n<p><a href=\"https:\/\/www.vidademadrid.com\/es\/36105\/madrid-nuevo-norte-transformacion-de-chamartin\/\">El proyecto de\u00a0<\/a><strong>Madrid Nuevo Norte\u00a0<\/strong>ser\u00e1 la actuaci\u00f3n de transformaci\u00f3n urbana m\u00e1s importante que va a experimentar Madrid. Este nuevo modelo de ciudad tambi\u00e9n incluir\u00e1 la\u00a0<strong>torre m\u00e1s alta de Espa\u00f1a.<\/strong><\/p>\n<p>Este edificio, que podr\u00eda llevar el nombre de Torre Madrid Norte, tendr\u00e1 <strong>300 metros de altura,\u00a0<\/strong>que contar\u00e1 un centro de negocios con una accesibilidad \u00fanica a nivel mundial.<\/p>\n<h2>Madrid Nuevo Norte<\/h2>\n<p><script async=\"\" src=\"https:\/\/pagead2.googlesyndication.com\/pagead\/js\/adsbygoogle.js\"><\/script> <ins class=\"adsbygoogle\" style=\"display: block; text-align: center;\" data-ad-layout=\"in-article\" data-ad-format=\"fluid\" data-ad-client=\"ca-pub-7450064428034605\" data-ad-slot=\"5670045061\"><\/ins> <script>(adsbygoogle = window.adsbygoogle || []).push({});<\/script><\/p>\n<p>El proyecto de\u00a0<strong>Madrid Nuevo Norte\u00a0<\/strong>renovar\u00e1 el distrito de Chamart\u00edn. En este espacio habr\u00e1 viviendas, oficinas, locales comerciales, <a href=\"https:\/\/www.vidademadrid.com\/es\/40775\/colegios-instituto-madrid-nuevo-norte-chamartin\/\">dos colegios p\u00fablicos y un instituto<\/a>, equipamientos p\u00fablicos y zonas verdes, creando un modelo sostenible de movilidad y ciudad.\u00a0<\/p>\n<p><strong>Madrid Nuevo Norte <\/strong>abarcar\u00e1\u00a0en m\u00e1s de <strong>dos millones de metros cuadrados, <\/strong>con m\u00e1s de un mill\u00f3n de metros cuadrados <strong>residenciales<\/strong> y otro mill\u00f3n y medio para la <strong>actividad urbana.<\/strong>\u00a0Entre los objetivos de este\u00a0<strong>proyecto urban\u00edstico,\u00a0<\/strong>se recuperar\u00e1n zonas degradadas y habr\u00e1 400 mil metros cuadrados de\u00a0<strong>zonas verdes. <\/strong>Adem\u00e1s habr\u00e1 <strong><a href=\"https:\/\/www.vidademadrid.com\/es\/16675\/madrid-nuevo-norte-metro-nuevas-estaciones\/\">nuevas estaciones de Metro<\/a>.<\/strong><\/p>\n\n\n<p><\/p>\n","protected":false},"excerpt":{"rendered":"<p>Tendr\u00e1 m\u00e1s de 300 metros de altura. <\/p>\n","protected":false},"author":15,"featured_media":41174,"comment_status":"open","ping_status":"open","sticky":false,"template":"","format":"standard","meta":{"footnotes":""},"categories":[12],"tags":[],"class_list":{"0":"post-41173","1":"post","2":"type-post","3":"status-publish","4":"format-standard","5":"has-post-thumbnail","7":"category-actualidad-noticias-madrid"},"_links":{"self":[{"href":"https:\/\/www.vidademadrid.com\/es\/wp-json\/wp\/v2\/posts\/41173","targetHints":{"allow":["GET"]}}],"collection":[{"href":"https:\/\/www.vidademadrid.com\/es\/wp-json\/wp\/v2\/posts"}],"about":[{"href":"https:\/\/www.vidademadrid.com\/es\/wp-json\/wp\/v2\/types\/post"}],"author":[{"embeddable":true,"href":"https:\/\/www.vidademadrid.com\/es\/wp-json\/wp\/v2\/users\/15"}],"replies":[{"embeddable":true,"href":"https:\/\/www.vidademadrid.com\/es\/wp-json\/wp\/v2\/comments?post=41173"}],"version-history":[{"count":4,"href":"https:\/\/www.vidademadrid.com\/es\/wp-json\/wp\/v2\/posts\/41173\/revisions"}],"predecessor-version":[{"id":41211,"href":"https:\/\/www.vidademadrid.com\/es\/wp-json\/wp\/v2\/posts\/41173\/revisions\/41211"}],"wp:featuredmedia":[{"embeddable":true,"href":"https:\/\/www.vidademadrid.com\/es\/wp-json\/wp\/v2\/media\/41174"}],"wp:attachment":[{"href":"https:\/\/www.vidademadrid.com\/es\/wp-json\/wp\/v2\/media?parent=41173"}],"wp:term":[{"taxonomy":"category","embeddable":true,"href":"https:\/\/www.vidademadrid.com\/es\/wp-json\/wp\/v2\/categories?post=41173"},{"taxonomy":"post_tag","embeddable":true,"href":"https:\/\/www.vidademadrid.com\/es\/wp-json\/wp\/v2\/tags?post=41173"}],"curies":[{"name":"wp","href":"https:\/\/api.w.org\/{rel}","templated":true}]}}