{"id":41136,"date":"2022-03-30T12:34:32","date_gmt":"2022-03-30T10:34:32","guid":{"rendered":"https:\/\/www.vidademadrid.com\/es\/?p=41136"},"modified":"2022-03-30T12:34:37","modified_gmt":"2022-03-30T10:34:37","slug":"fiesta-literatura-infantil-juvenil-cuesta-moyano-20","status":"publish","type":"post","link":"https:\/\/www.vidademadrid.com\/es\/41136\/fiesta-literatura-infantil-juvenil-cuesta-moyano-20\/","title":{"rendered":"Disfruta de la \u00abFiesta de la Literatura Infantil y Juvenil 2022\u00bb en la Cuesta de Moyano"},"content":{"rendered":"<p>La Asociaci\u00f3n ciudadana&nbsp;<strong>Soy de la cuesta,&nbsp;<\/strong>junto a distinta editoriales, celebran la \u00ab<strong>Fiesta de la Literatura Infantil y Juvenil 2022\u00bb.&nbsp;<\/strong>Con invitados especiales y distintas actividades, como la lectura de abuelos a ni\u00f1os y viceversa, la Cuesta de Moyano se llenar\u00e1 de cuentos e ilustraciones.&nbsp;<\/p>\n<h2>Fiesta de la Literatura Infantil y Juvenil 2022&nbsp;<\/h2>\n\n<script async=\"\" src=\"https:\/\/pagead2.googlesyndication.com\/pagead\/js\/adsbygoogle.js\"><\/script> <ins class=\"adsbygoogle\" style=\"display:block\" data-ad-format=\"fluid\" data-ad-layout-key=\"-7f+eo+1+2-5\" data-ad-client=\"ca-pub-7450064428034605\" data-ad-slot=\"7327027071\"><\/ins><script>(adsbygoogle = window.adsbygoogle || []).push({});<\/script>\n\n<p>La Asociaci\u00f3n ciudadana&nbsp;<strong>Soy de la Cuesta,&nbsp;<\/strong>junto a la&nbsp;Editorial Edelvives, N\u00f3rdica Libros, Akane Editorial y el Club de los Cuentistas, celebran la \u00ab<strong>Fiesta de la Literatura Infantil y Juvenil 2022\u00bb.&nbsp;<\/strong>Adem\u00e1s de las editoriales invitadas, un grupo de abuelos de la asociaci\u00f3n&nbsp;<strong>Adopta Un Abuelo&nbsp;<\/strong>leer\u00e1 a los ni\u00f1os, y viceversa, para promover las&nbsp;<strong>relaciones intergeneracionales&nbsp;<\/strong>a trav\u00e9s de la lectura.&nbsp;<\/p>\n<p>Entre las escritora invitadas se encuentra&nbsp;<strong>Itziar Miranda,&nbsp;<\/strong>autora de la \u00abColecci\u00f3n Miranda\u00bb, que pretender dar visibilidad a grandes mujeres y convertirlas en hero\u00ednas para las ni\u00f1as y los ni\u00f1os. Entre sus personajes est\u00e1n Marie Curie, Coco Chanel, Frida Kahlo, Amelia Earhart, entre otros. Esta escritora se encontrar\u00e1 con sus j\u00f3venes lectores y estar\u00e1 disponible para&nbsp;<strong>firmar libros.&nbsp;<\/strong>Las ni\u00f1as y los ni\u00f1os que asistan&nbsp;<strong>disfrazados de un personaje de la Colecci\u00f3n Miranda, recibir\u00e1n un detalle por parte de la autora.&nbsp;<\/strong><\/p>\n<p>Adem\u00e1s, se lanzar\u00e1 el nuevo sello de literatura juvenil&nbsp;<em>Akane&nbsp;<\/em>con el lanzamiento de dos libros:&nbsp;<em>Del lado de la rebeli\u00f3n&nbsp;<\/em>de Alba G. Callejas y&nbsp;<em>Diana en el laberinto&nbsp;<\/em>de Raquel Tirado. Tambi\u00e9n, se har\u00e1 un homenaje a los ilustradores de N\u00f3rdica Libros y durante el acto, <strong>Adolfo Serra, Elena Ferr\u00e1ndiz, Emilio Urberuaga y Javier Zabala&nbsp;<\/strong>estar\u00e1n ilustrando en vivo y firmando ejemplares de sus libros.&nbsp;<\/p>\n<p>La lectura de&nbsp;<strong>abuelos a ni\u00f1os y viceversa&nbsp;<\/strong>ser\u00e1 en colaboraci\u00f3n con el Club de los Cuentistas y se leer\u00e1n textos como&nbsp;<em>El Peque\u00f1o Nicol\u00e1s, El Principito, Pulgarcito, las F\u00e1bulas de Esopo,&nbsp;<\/em>entre otras.<\/p>\n<h2>Visita la Fiesta de la Literatura Infantil y Juvenil<\/h2>\n\n<script async=\"\" src=\"https:\/\/pagead2.googlesyndication.com\/pagead\/js\/adsbygoogle.js\"><\/script> <ins class=\"adsbygoogle\" style=\"display:block; text-align:center;\" data-ad-layout=\"in-article\" data-ad-format=\"fluid\" data-ad-client=\"ca-pub-7450064428034605\" data-ad-slot=\"5670045061\"><\/ins> <script>(adsbygoogle = window.adsbygoogle || []).push({});<\/script>\n\n<p>La \u00ab<strong>Fiesta de la Literatura Infantil y Juvenil 2022\u00bb&nbsp;<\/strong>ser\u00e1 el <strong>2 de abril&nbsp;<\/strong>en la&nbsp;<strong>Cuesta de Moyano&nbsp;<\/strong>(Metro Estaci\u00f3n del Arte \/ Atocha) desde las&nbsp;<strong>12 horas a las 14 horas<\/strong> en la Caseta 22.<\/p>\n<figure id=\"attachment_41138\" aria-describedby=\"caption-attachment-41138\" style=\"width: 1440px\" class=\"wp-caption alignnone\"><a href=\"https:\/\/www.vidademadrid.com\/es\/wp-content\/uploads\/2022\/03\/FACEBOOK-uai-1440x720-1.jpeg\"><img loading=\"lazy\" decoding=\"async\" class=\"wp-image-41138 size-full\" src=\"https:\/\/www.vidademadrid.com\/es\/wp-content\/uploads\/2022\/03\/FACEBOOK-uai-1440x720-1.jpeg\" alt=\"\" width=\"1440\" height=\"720\" srcset=\"https:\/\/www.vidademadrid.com\/es\/wp-content\/uploads\/2022\/03\/FACEBOOK-uai-1440x720-1.jpeg 1440w, https:\/\/www.vidademadrid.com\/es\/wp-content\/uploads\/2022\/03\/FACEBOOK-uai-1440x720-1-300x150.jpeg 300w, https:\/\/www.vidademadrid.com\/es\/wp-content\/uploads\/2022\/03\/FACEBOOK-uai-1440x720-1-1024x512.jpeg 1024w, https:\/\/www.vidademadrid.com\/es\/wp-content\/uploads\/2022\/03\/FACEBOOK-uai-1440x720-1-768x384.jpeg 768w, https:\/\/www.vidademadrid.com\/es\/wp-content\/uploads\/2022\/03\/FACEBOOK-uai-1440x720-1-696x348.jpeg 696w, https:\/\/www.vidademadrid.com\/es\/wp-content\/uploads\/2022\/03\/FACEBOOK-uai-1440x720-1-1068x534.jpeg 1068w, https:\/\/www.vidademadrid.com\/es\/wp-content\/uploads\/2022\/03\/FACEBOOK-uai-1440x720-1-840x420.jpeg 840w\" sizes=\"auto, (max-width: 1440px) 100vw, 1440px\" \/><\/a><figcaption id=\"caption-attachment-41138\" class=\"wp-caption-text\">Foto: Soy de la Cuesta<\/figcaption><\/figure>\n\n\n<p><\/p>\n","protected":false},"excerpt":{"rendered":"<p>Habr\u00e1 lecturas de abuelos a ni\u00f1os y viceversa. <\/p>\n","protected":false},"author":15,"featured_media":41137,"comment_status":"open","ping_status":"open","sticky":false,"template":"","format":"standard","meta":{"footnotes":""},"categories":[111],"tags":[],"class_list":{"0":"post-41136","1":"post","2":"type-post","3":"status-publish","4":"format-standard","5":"has-post-thumbnail","7":"category-exposiciones-madrid"},"_links":{"self":[{"href":"https:\/\/www.vidademadrid.com\/es\/wp-json\/wp\/v2\/posts\/41136","targetHints":{"allow":["GET"]}}],"collection":[{"href":"https:\/\/www.vidademadrid.com\/es\/wp-json\/wp\/v2\/posts"}],"about":[{"href":"https:\/\/www.vidademadrid.com\/es\/wp-json\/wp\/v2\/types\/post"}],"author":[{"embeddable":true,"href":"https:\/\/www.vidademadrid.com\/es\/wp-json\/wp\/v2\/users\/15"}],"replies":[{"embeddable":true,"href":"https:\/\/www.vidademadrid.com\/es\/wp-json\/wp\/v2\/comments?post=41136"}],"version-history":[{"count":1,"href":"https:\/\/www.vidademadrid.com\/es\/wp-json\/wp\/v2\/posts\/41136\/revisions"}],"predecessor-version":[{"id":41139,"href":"https:\/\/www.vidademadrid.com\/es\/wp-json\/wp\/v2\/posts\/41136\/revisions\/41139"}],"wp:featuredmedia":[{"embeddable":true,"href":"https:\/\/www.vidademadrid.com\/es\/wp-json\/wp\/v2\/media\/41137"}],"wp:attachment":[{"href":"https:\/\/www.vidademadrid.com\/es\/wp-json\/wp\/v2\/media?parent=41136"}],"wp:term":[{"taxonomy":"category","embeddable":true,"href":"https:\/\/www.vidademadrid.com\/es\/wp-json\/wp\/v2\/categories?post=41136"},{"taxonomy":"post_tag","embeddable":true,"href":"https:\/\/www.vidademadrid.com\/es\/wp-json\/wp\/v2\/tags?post=41136"}],"curies":[{"name":"wp","href":"https:\/\/api.w.org\/{rel}","templated":true}]}}