{"id":41127,"date":"2022-10-18T12:08:13","date_gmt":"2022-10-18T10:08:13","guid":{"rendered":"https:\/\/www.vidademadrid.com\/es\/?p=41127"},"modified":"2022-10-18T17:00:00","modified_gmt":"2022-10-18T15:00:00","slug":"obras-carril-bici-castellana","status":"publish","type":"post","link":"https:\/\/www.vidademadrid.com\/es\/41127\/obras-carril-bici-castellana\/","title":{"rendered":"Obras del carril bici de la Castellana: el primer tramo abrir\u00e1 a finales de marzo"},"content":{"rendered":"<p>Las obras de construcci\u00f3n del\u00a0<strong>carril bici de la Castellana\u00a0<\/strong>han comenzado. Este proyecto, que ser\u00e1 el tramo del carril bici m\u00e1s largo del<strong> Paseo de la Castellana<\/strong>, contar\u00e1 con 13 kil\u00f3metros y discurrir\u00e1 entre plaza de Castilla y la calle Raimundo Fern\u00e1ndez Valverde. La circulaci\u00f3n sigue de forma inalterada. Sigue leyendo este art\u00edculo para conocer toda la informaci\u00f3n.\u00a0<\/p>\n<h1>Actualizaci\u00f3n: 18 de octubre 2022\u00a0<\/h1>\n<p>El\u00a0<strong>primer tramo\u00a0<\/strong>del nuevo\u00a0<strong>carril bici de la Castellana\u00a0<\/strong>estar\u00e1 operativo a partir del <strong>30 de marzo del 2023<\/strong>. Este tramo ir\u00e1 de\u00a0<strong>Plaza de Castilla\u00a0<\/strong>a Raimundo Fern\u00e1ndez Villaverde y se espera que por \u00e9l circulen <strong>4 mil bicicletas diarias.\u00a0<\/strong><\/p>\n<p>Esta primera fase supone la construcci\u00f3n de\u00a0<strong>4,4 kil\u00f3metros\u00a0<\/strong>de\u00a0<strong>carril bici unidireccional,<\/strong> de 2,2 kil\u00f3metros cada una. La apertura de este carril bici se har\u00e1 por tramos debido a una\u00a0<strong>cuesti\u00f3n de seguridad,\u00a0<\/strong>de acuerdo con el Ayuntamiento de Madrid.<\/p>\n<h1>Art\u00edculo: 30 de marzo 2022<\/h1>\n<h2>Carril bici de Castellana\u00a0<\/h2>\n<p><script async=\"\" src=\"https:\/\/pagead2.googlesyndication.com\/pagead\/js\/adsbygoogle.js\"><\/script> <ins class=\"adsbygoogle\" style=\"display: block;\" data-ad-format=\"fluid\" data-ad-layout-key=\"-7f+eo+1+2-5\" data-ad-client=\"ca-pub-7450064428034605\" data-ad-slot=\"7327027071\"><\/ins><script>(adsbygoogle = window.adsbygoogle || []).push({});<\/script><\/p>\n<p>El proyecto, que fue <a href=\"https:\/\/www.vidademadrid.com\/es\/32636\/carril-bici-castellana-madrid-paseo-de-la-castellana-2021\/\">autorizado<\/a> en octubre del 2021, ser\u00e1 de\u00a0<strong>13 kil\u00f3metros de largo,\u00a0<\/strong>con dos v\u00edas de 6,5 kil\u00f3metros en cada una de las direcciones. El carril tendr\u00e1 dos metros de ancho y estar\u00e1 protegido por las alineaciones de arbolado y los aparcamientos de la v\u00eda lateral en la mayor parte del tramo.\u00a0<\/p>\n<p>El recorrido del\u00a0<strong>carril bici de Castellana\u00a0<\/strong>unir\u00e1\u00a0<strong>Atocha con Plaza Castilla\u00a0<\/strong>y tiene un presupuesto de 6 millones de euros. El proyecto divide la construcci\u00f3n del carril bici en seis fases. El primero, y m\u00e1s largo, discurrir\u00e1 entre <strong>Plaza de Castilla y\u00a0<\/strong><strong>Raimundo Fern\u00e1ndez Villaverde.\u00a0<\/strong><\/p>\n<p>Este proyecto se recoge en la\u00a0<strong>Estrategia de Sostenibilidad Ambiente Madrid 360\u00a0<\/strong>como una medida para promover la movilidad ciclista, peatonal y fomentar el uso del transporte p\u00fablico. Seg\u00fan los c\u00e1lculos realizados por el \u00c1rea de Medio Ambiente y Movilidad, este carril bici permitir\u00e1 incrementar hasta\u00a0<strong>4 mil los viajes diarios en bicicleta en el eje,\u00a0<\/strong>3 mil m\u00e1s que los que se contabilizan actualmente.\u00a0<\/p>\n<h2>Obras carril bici de Castellana<\/h2>\n<p><script async=\"\" src=\"https:\/\/pagead2.googlesyndication.com\/pagead\/js\/adsbygoogle.js\"><\/script> <ins class=\"adsbygoogle\" style=\"display: block; text-align: center;\" data-ad-layout=\"in-article\" data-ad-format=\"fluid\" data-ad-client=\"ca-pub-7450064428034605\" data-ad-slot=\"5670045061\"><\/ins> <script>(adsbygoogle = window.adsbygoogle || []).push({});<\/script><\/p>\n<p>El\u00a0<strong>tramo m\u00e1s largo del carril bici de Castellana,\u00a0<\/strong>ha comenzado a construirse con un retraso de al menos tres meses, y se prev\u00e9 que la\u00a0<strong>duraci\u00f3n de las obras sea de 12 meses.\u00a0<\/strong>Al terminar la primera fase, que ser\u00e1 entre Plaza de Castilla y Raimundo Fern\u00e1ndez Villaverde, se comenzar\u00e1n a construir las\u00a0<strong>cinco fases restantes.\u00a0<\/strong><\/p>\n<p>Las fases restantes del tramo, que ser\u00e1n construidos al terminar la primera, ser\u00e1n el carril bici entre Raimundo Fern\u00e1ndez Villaverde y la plaza de San Juan de la Cruz de 500 metros; los 800 metros que conectar\u00e1n entre San Juan de la Cruz y la glorieta de Emilio Castelar; el tramo desde Emilio Castelar hasta la plaza de Col\u00f3n que es de 1 kil\u00f3metro; los 800 metros entre Col\u00f3n y la plaza de Cibeles, y 1,3 kil\u00f3metros entre Cibeles y la glorieta del Emperador Carlos V en Atocha.\u00a0<\/p>\n<p>La circulaci\u00f3n se mantiene de\u00a0<strong>forma inalterada,\u00a0<\/strong>ya que la v\u00eda ciclista se materializa mediante una reordenaci\u00f3n de la banda de aparcamiento.\u00a0<\/p>\n\n\n<p><\/p>\n","protected":false},"excerpt":{"rendered":"<p>Las novedades sobre el carril bici entre plaza de Castilla y la calle Raimundo Fern\u00e1ndez Valverde<\/p>\n","protected":false},"author":15,"featured_media":41128,"comment_status":"open","ping_status":"open","sticky":false,"template":"","format":"standard","meta":{"footnotes":""},"categories":[12,119],"tags":[],"class_list":{"0":"post-41127","1":"post","2":"type-post","3":"status-publish","4":"format-standard","5":"has-post-thumbnail","7":"category-actualidad-noticias-madrid","8":"category-portada"},"_links":{"self":[{"href":"https:\/\/www.vidademadrid.com\/es\/wp-json\/wp\/v2\/posts\/41127","targetHints":{"allow":["GET"]}}],"collection":[{"href":"https:\/\/www.vidademadrid.com\/es\/wp-json\/wp\/v2\/posts"}],"about":[{"href":"https:\/\/www.vidademadrid.com\/es\/wp-json\/wp\/v2\/types\/post"}],"author":[{"embeddable":true,"href":"https:\/\/www.vidademadrid.com\/es\/wp-json\/wp\/v2\/users\/15"}],"replies":[{"embeddable":true,"href":"https:\/\/www.vidademadrid.com\/es\/wp-json\/wp\/v2\/comments?post=41127"}],"version-history":[{"count":3,"href":"https:\/\/www.vidademadrid.com\/es\/wp-json\/wp\/v2\/posts\/41127\/revisions"}],"predecessor-version":[{"id":45593,"href":"https:\/\/www.vidademadrid.com\/es\/wp-json\/wp\/v2\/posts\/41127\/revisions\/45593"}],"wp:featuredmedia":[{"embeddable":true,"href":"https:\/\/www.vidademadrid.com\/es\/wp-json\/wp\/v2\/media\/41128"}],"wp:attachment":[{"href":"https:\/\/www.vidademadrid.com\/es\/wp-json\/wp\/v2\/media?parent=41127"}],"wp:term":[{"taxonomy":"category","embeddable":true,"href":"https:\/\/www.vidademadrid.com\/es\/wp-json\/wp\/v2\/categories?post=41127"},{"taxonomy":"post_tag","embeddable":true,"href":"https:\/\/www.vidademadrid.com\/es\/wp-json\/wp\/v2\/tags?post=41127"}],"curies":[{"name":"wp","href":"https:\/\/api.w.org\/{rel}","templated":true}]}}