{"id":41102,"date":"2022-03-29T11:37:52","date_gmt":"2022-03-29T09:37:52","guid":{"rendered":"https:\/\/www.vidademadrid.com\/es\/?p=41102"},"modified":"2022-03-30T18:13:51","modified_gmt":"2022-03-30T16:13:51","slug":"relevo-guardia-real-cambio-guardia-palacio-real-madrid-2022","status":"publish","type":"post","link":"https:\/\/www.vidademadrid.com\/es\/41102\/relevo-guardia-real-cambio-guardia-palacio-real-madrid-2022\/","title":{"rendered":"Conoce c\u00f3mo ver El Relevo Solemne de la Guardia del Palacio Real de Madrid"},"content":{"rendered":"<p>Una vez al mes, la\u00a0<strong>Guardia Real\u00a0<\/strong>realiza el\u00a0<strong>Relevo Solemne de la Guardia del Palacio Real de Madrid,\u00a0<\/strong>en su af\u00e1n por recuperar y mantener las tradiciones de las Tropas de Casa Real, rememorando el que se hacia diariamente en tiempos de los reyes Alfonso XII y Alfonso XIII. Con una secuencia que dura casi una hora, la\u00a0<strong>Guardia Real\u00a0<\/strong>escenifica el cambio de guardia en el Palacio. Conoce toda la informaci\u00f3n en este art\u00edculo.<\/p>\n<h2>Relevo Solemne de la Guardia del Palacio Real<\/h2>\n<p><script async=\"\" src=\"https:\/\/pagead2.googlesyndication.com\/pagead\/js\/adsbygoogle.js\"><\/script> <ins class=\"adsbygoogle\" style=\"display: block;\" data-ad-format=\"fluid\" data-ad-layout-key=\"-7f+eo+1+2-5\" data-ad-client=\"ca-pub-7450064428034605\" data-ad-slot=\"7327027071\"><\/ins><script>(adsbygoogle = window.adsbygoogle || []).push({});<\/script>El\u00a0<strong>Relevo Solemne de la Guardia del Palacio Real<\/strong> se presenta\u00a0con el objetivo de recuperar y mantener las tradiciones de las\u00a0<strong>Tropas de Casa Real.<\/strong>\u00a0Se lleva a cabo una vez al mes y representa el cambio como se hacia en tiempos de\u00a0<strong>Alfonso XII y Alfonso XIII.\u00a0<\/strong>En este evento se muestra la vinculaci\u00f3n de la Guardia Real con sus antecedentes hist\u00f3ricos.<\/p>\n<p>En Espa\u00f1a aparecen las Guardias Reales con las monarqu\u00edas hispano-godas y empiezan a cobrar fama en la Edad Media, como los Monteros de Espinosa. Tras la muerte de la Reina Isabel,\u00a0<strong>Felipe El Cat\u00f3lico\u00a0<\/strong>decide crear la \u00abGuarda de Alabarderos\u00bb, el antecedente de la Guardia Real que lleva m\u00e1s de\u00a0<strong>500 a\u00f1os al servicio de la Corona,\u00a0<\/strong>de una forma casi continuada.<\/p>\n<p>En el Siglo XVII, con la llegada de Felipe V, cambia el concepto de la <strong>Guardia Real<\/strong> y sufre modificaciones hasta el reinado de Isabel II. Desde ese tiempo, es compuesta por el <strong>Cuerpo de Reales Guardias alarbaderos y el Escuadr\u00f3n de Guardias de la Reina<\/strong>. La Escolta Real desaparece durante la II Rep\u00fablica hasta 1975 que el Rey crea el <strong>Regimiento de la Guardia Real<\/strong> para servir a los Reyes y desde 1994 presentan el cambio de Guardia del Palacio Real.<\/p>\n<h2>C\u00f3mo ver el Relevo Solemne<\/h2>\n<p><script async=\"\" src=\"https:\/\/pagead2.googlesyndication.com\/pagead\/js\/adsbygoogle.js\"><\/script> <ins class=\"adsbygoogle\" style=\"display: block; text-align: center;\" data-ad-layout=\"in-article\" data-ad-format=\"fluid\" data-ad-client=\"ca-pub-7450064428034605\" data-ad-slot=\"5670045061\"><\/ins> <script>(adsbygoogle = window.adsbygoogle || []).push({});<\/script>Este acto se celebra\u00a0<strong>una vez al mes,\u00a0<\/strong>excepto los meses de enero, agosto y septiembre, siempre y cuando los actos oficiales lo permitan.\u00a0La entrada es\u00a0<strong>libre y grauita por la puerta de Santiago<\/strong>, como colof\u00f3n al acto, la Unidad de M\u00fasica suele interpretar un\u00a0<strong>concierto en la lonja de la Puerta del Pr\u00edncipe\u00a0<\/strong>(calle de Bail\u00e9n).<\/p>\n<p>La secuencia de actos es la siguiente:<\/p>\n<ul>\n<li>Establecimiento de los puestos en la plaza de la Armer\u00eda<\/li>\n<li>Revista\u00a0 de la guardia entrante en la plaza de Oriente<\/li>\n<li>Entrada de la guardia saliente en la plaza de la Armer\u00eda<\/li>\n<li>Desfile de la guardia y entrada en la plaza de la Armer\u00eda<\/li>\n<li>Solicitud para iniciar el relevo de los comandantes jefes de las guardias al coronel jefe<\/li>\n<li>Relevo de los puestos de centinela a pie<\/li>\n<li>Retirada de las guardias<\/li>\n<li>Desfile de la guardia saliente<\/li>\n<\/ul>\n<p>Previamente se realiza un carrusel a cargo del Escuadr\u00f3n de Escolta Real, la Bater\u00eda Real, la Unidad de M\u00fasica o una exhibici\u00f3n por parte del Grupo de Honores.<\/p>\n<p><strong>El pr\u00f3ximo Relevo Solemne de la Guardia en el Palacio Real de Madrid ser\u00e1 el mi\u00e9rcoles 6 de abril del 2022.\u00a0<\/strong><\/p>\n","protected":false},"excerpt":{"rendered":"<p>El relevo se lleva a cabo una vez al mes. <\/p>\n","protected":false},"author":15,"featured_media":41103,"comment_status":"open","ping_status":"open","sticky":false,"template":"","format":"standard","meta":{"footnotes":""},"categories":[101],"tags":[],"class_list":{"0":"post-41102","1":"post","2":"type-post","3":"status-publish","4":"format-standard","5":"has-post-thumbnail","7":"category-ferias-fiestas-mercados-madrid"},"_links":{"self":[{"href":"https:\/\/www.vidademadrid.com\/es\/wp-json\/wp\/v2\/posts\/41102","targetHints":{"allow":["GET"]}}],"collection":[{"href":"https:\/\/www.vidademadrid.com\/es\/wp-json\/wp\/v2\/posts"}],"about":[{"href":"https:\/\/www.vidademadrid.com\/es\/wp-json\/wp\/v2\/types\/post"}],"author":[{"embeddable":true,"href":"https:\/\/www.vidademadrid.com\/es\/wp-json\/wp\/v2\/users\/15"}],"replies":[{"embeddable":true,"href":"https:\/\/www.vidademadrid.com\/es\/wp-json\/wp\/v2\/comments?post=41102"}],"version-history":[{"count":3,"href":"https:\/\/www.vidademadrid.com\/es\/wp-json\/wp\/v2\/posts\/41102\/revisions"}],"predecessor-version":[{"id":41163,"href":"https:\/\/www.vidademadrid.com\/es\/wp-json\/wp\/v2\/posts\/41102\/revisions\/41163"}],"wp:featuredmedia":[{"embeddable":true,"href":"https:\/\/www.vidademadrid.com\/es\/wp-json\/wp\/v2\/media\/41103"}],"wp:attachment":[{"href":"https:\/\/www.vidademadrid.com\/es\/wp-json\/wp\/v2\/media?parent=41102"}],"wp:term":[{"taxonomy":"category","embeddable":true,"href":"https:\/\/www.vidademadrid.com\/es\/wp-json\/wp\/v2\/categories?post=41102"},{"taxonomy":"post_tag","embeddable":true,"href":"https:\/\/www.vidademadrid.com\/es\/wp-json\/wp\/v2\/tags?post=41102"}],"curies":[{"name":"wp","href":"https:\/\/api.w.org\/{rel}","templated":true}]}}