{"id":41099,"date":"2022-03-29T10:44:03","date_gmt":"2022-03-29T08:44:03","guid":{"rendered":"https:\/\/www.vidademadrid.com\/es\/?p=41099"},"modified":"2022-03-29T21:46:06","modified_gmt":"2022-03-29T19:46:06","slug":"dias-europeos-artesania-programa-madrid-202","status":"publish","type":"post","link":"https:\/\/www.vidademadrid.com\/es\/41099\/dias-europeos-artesania-programa-madrid-202\/","title":{"rendered":"D\u00edas Europeos de la Artesan\u00eda: programa y actividades"},"content":{"rendered":"<p>Los\u00a0<strong>D\u00edas Europeos de la Artesan\u00eda\u00a0<\/strong>vuelven este 2022 con actividades para aprender distintas t\u00e9cnicas del sector artesano. Con eventos\u00a0<strong>presenciales y online,\u00a0<\/strong>este a\u00f1o Madrid tiene una gran oferta de actividades de\u00a0<strong>bordado, cer\u00e1mica, joyer\u00eda, visitas guiadas, y muchas m\u00e1s.\u00a0<\/strong>Conoce toda la informaci\u00f3n en este art\u00edculo.\u00a0<\/p>\n<h2>D\u00edas Europeos de la Artesan\u00eda\u00a0<\/h2>\n<p><script async=\"\" src=\"https:\/\/pagead2.googlesyndication.com\/pagead\/js\/adsbygoogle.js\"><\/script> <ins class=\"adsbygoogle\" style=\"display: block;\" data-ad-format=\"fluid\" data-ad-layout-key=\"-7f+eo+1+2-5\" data-ad-client=\"ca-pub-7450064428034605\" data-ad-slot=\"7327027071\"><\/ins><script>(adsbygoogle = window.adsbygoogle || []).push({});<\/script><\/p>\n<p>Los\u00a0<strong>D\u00edas Europeos de la Artesan\u00eda\u00a0<\/strong>tiene su origen en\u00a0<em>Les Journ\u00e9es Europ\u00e9ennes des M\u00e9tiers d&#8217;Art<\/em>\u00a0que organiza en Francia el\u00a0<em>Institut Nacional des M\u00e9tiers d&#8217;Art\u00a0<\/em>desde el 2002. Espa\u00f1a pronto se sumo al proyecto y junto a Francia, tiene el programa de actividades m\u00e1s intenso.\u00a0<\/p>\n<p>Cada a\u00f1o este evento, que se celebra de forma simult\u00e1nea en diversos pa\u00edses europeos, cobra popularidad tanto entre los artesanos como entre el p\u00fablico en general. En Espa\u00f1a es impulsada por la Escuela de Organizaci\u00f3n Industrial (EOI) y su \u00e1rea de promoci\u00f3n de la artesan\u00eda y por\u00a0<strong>Oficio y Arte, Organizaci\u00f3n de los Artesanos de Espa\u00f1a.\u00a0<\/strong><\/p>\n<h2>Actividades en Madrid 2022\u00a0<\/h2>\n<p><script async=\"\" src=\"https:\/\/pagead2.googlesyndication.com\/pagead\/js\/adsbygoogle.js\"><\/script> <ins class=\"adsbygoogle\" style=\"display: block; text-align: center;\" data-ad-layout=\"in-article\" data-ad-format=\"fluid\" data-ad-client=\"ca-pub-7450064428034605\" data-ad-slot=\"5670045061\"><\/ins> <script>(adsbygoogle = window.adsbygoogle || []).push({});<\/script><\/p>\n<p>Este a\u00f1o,\u00a0<strong>los D\u00edas Europeos de la Artesan\u00eda\u00a0<\/strong>se celebran del\u00a0<strong>28 de marzo al 3 de abril.\u00a0<\/strong>La oferta de actividades para Madrid incluye<strong> talleres<\/strong> de joyer\u00eda art\u00edstica, bordado, alfombra, entre otros, as\u00ed como visitas a talleres y exposiciones.<\/p>\n<p>Puedes consultar todos los eventos en Madrid de los <strong>D\u00edas Europeos de la Artesan\u00eda<\/strong>, e inscribirte a los mismos, en su <a href=\"https:\/\/www.diasdelaartesania.es\/programa\/all?field_timetable_per_day_value=All&amp;field_province_value=madrid&amp;field_activity_sector_target_id=All&amp;field_modalidad_value=All&amp;title=&amp;page=1\">p\u00e1gina web<\/a>.\u00a0<\/p>\n\n\n<p><\/p>\n","protected":false},"excerpt":{"rendered":"<p>Habr\u00e1 actividades presenciales y online. <\/p>\n","protected":false},"author":15,"featured_media":41100,"comment_status":"open","ping_status":"open","sticky":false,"template":"","format":"standard","meta":{"footnotes":""},"categories":[111,119],"tags":[],"class_list":{"0":"post-41099","1":"post","2":"type-post","3":"status-publish","4":"format-standard","5":"has-post-thumbnail","7":"category-exposiciones-madrid","8":"category-portada"},"_links":{"self":[{"href":"https:\/\/www.vidademadrid.com\/es\/wp-json\/wp\/v2\/posts\/41099","targetHints":{"allow":["GET"]}}],"collection":[{"href":"https:\/\/www.vidademadrid.com\/es\/wp-json\/wp\/v2\/posts"}],"about":[{"href":"https:\/\/www.vidademadrid.com\/es\/wp-json\/wp\/v2\/types\/post"}],"author":[{"embeddable":true,"href":"https:\/\/www.vidademadrid.com\/es\/wp-json\/wp\/v2\/users\/15"}],"replies":[{"embeddable":true,"href":"https:\/\/www.vidademadrid.com\/es\/wp-json\/wp\/v2\/comments?post=41099"}],"version-history":[{"count":1,"href":"https:\/\/www.vidademadrid.com\/es\/wp-json\/wp\/v2\/posts\/41099\/revisions"}],"predecessor-version":[{"id":41101,"href":"https:\/\/www.vidademadrid.com\/es\/wp-json\/wp\/v2\/posts\/41099\/revisions\/41101"}],"wp:featuredmedia":[{"embeddable":true,"href":"https:\/\/www.vidademadrid.com\/es\/wp-json\/wp\/v2\/media\/41100"}],"wp:attachment":[{"href":"https:\/\/www.vidademadrid.com\/es\/wp-json\/wp\/v2\/media?parent=41099"}],"wp:term":[{"taxonomy":"category","embeddable":true,"href":"https:\/\/www.vidademadrid.com\/es\/wp-json\/wp\/v2\/categories?post=41099"},{"taxonomy":"post_tag","embeddable":true,"href":"https:\/\/www.vidademadrid.com\/es\/wp-json\/wp\/v2\/tags?post=41099"}],"curies":[{"name":"wp","href":"https:\/\/api.w.org\/{rel}","templated":true}]}}