{"id":41084,"date":"2022-03-28T12:00:26","date_gmt":"2022-03-28T10:00:26","guid":{"rendered":"https:\/\/www.vidademadrid.com\/es\/?p=41084"},"modified":"2022-03-28T22:49:23","modified_gmt":"2022-03-28T20:49:23","slug":"fiestas-embarcacion-virgen-alamilla-bien-interes-cultural","status":"publish","type":"post","link":"https:\/\/www.vidademadrid.com\/es\/41084\/fiestas-embarcacion-virgen-alamilla-bien-interes-cultural\/","title":{"rendered":"La Fiesta de la Embaraci\u00f3n de la Virgen de Alamilla, declarada Bien de Inter\u00e9s Cultural"},"content":{"rendered":"<p>La celebraci\u00f3n de la\u00a0<strong>Embarcaci\u00f3n de la Virgen de Alamilla, en Fuentidue\u00f1a de Tajo, <\/strong>ha sido declarada como\u00a0<strong>Bien de Inter\u00e9s Cultural\u00a0<\/strong>por el Consejo de Gobierno de la Comunidad de Madrid. Conoce toda la informaci\u00f3n sobre esta tradicional fiesta en este art\u00edculo.\u00a0<\/p>\n<h2>Fiestas de la Virgen de Alarilla\u00a0<\/h2>\n<p><script async=\"\" src=\"https:\/\/pagead2.googlesyndication.com\/pagead\/js\/adsbygoogle.js\"><\/script> <ins class=\"adsbygoogle\" style=\"display: block;\" data-ad-format=\"fluid\" data-ad-layout-key=\"-7f+eo+1+2-5\" data-ad-client=\"ca-pub-7450064428034605\" data-ad-slot=\"7327027071\"><\/ins><script>(adsbygoogle = window.adsbygoogle || []).push({});<\/script><\/p>\n<p>Las fiestas en honor a la\u00a0<strong>Virgen de Alarilla <\/strong>se celebran el segundo fin de semana de septiembre en Fuentidue\u00f1a de Tajo. Durante esta celebraci\u00f3n, se celebra el tradicional <strong>descenso de la Virgen<\/strong> por las aguas del r\u00edo Tajo en una barcaza iluminada por bombillas que asemejan un castillo.\u00a0<\/p>\n<p>El s\u00e1bado de las Fiestas en honor a la <strong>Virgen de Alarilla<\/strong>, se realiza el descenso en el que j\u00f3venes del municipio que acompa\u00f1an nadando a la Virgen, algunos con antorchas haciendo siluetas iluminadas. Tras su paso por el\u00a0<strong>Puente Viejo,\u00a0<\/strong>se comienza un espect\u00e1culo de fuegos artificiales.\u00a0<\/p>\n<p>Esta celebraci\u00f3n se ha celebrado desde <strong>1866 hasta el 2019<\/strong> ininterrumpidamente, y volvi\u00f3 en 2021 tras un par\u00f3n debido a la pandemia del Covid-19.\u00a0<\/p>\n<h2>Fiestas declaradas Bien de Inter\u00e9s Cultural\u00a0<\/h2>\n<p><script async=\"\" src=\"https:\/\/pagead2.googlesyndication.com\/pagead\/js\/adsbygoogle.js\"><\/script> <ins class=\"adsbygoogle\" style=\"display: block; text-align: center;\" data-ad-layout=\"in-article\" data-ad-format=\"fluid\" data-ad-client=\"ca-pub-7450064428034605\" data-ad-slot=\"5670045061\"><\/ins> <script>(adsbygoogle = window.adsbygoogle || []).push({});<\/script><\/p>\n<p>Las\u00a0<strong>Fiestas de la Embarcaci\u00f3n de la Virgen de Alarilla\u00a0<\/strong>de Fuentidue\u00f1a de Tajo han sido declaradas como Bien de Inter\u00e9s Cultural por la\u00a0<strong>Comunidad de Madrid\u00a0<\/strong>en la categor\u00eda de Hecho Cultural.\u00a0<\/p>\n<p>Esta celebraci\u00f3n es un ejemplo de las tradiciones vivas de Madrid y la confluencia de tradiciones orales, rituales, pr\u00e1cticas artesanales, espect\u00e1culos y usos sociales relacionados con la fiesta de la Virgen.\u00a0<\/p>\n\n\n<p><\/p>\n","protected":false},"excerpt":{"rendered":"<p>Las fiestas se celebran en septiembre<\/p>\n","protected":false},"author":15,"featured_media":41085,"comment_status":"open","ping_status":"open","sticky":false,"template":"","format":"standard","meta":{"footnotes":""},"categories":[12],"tags":[],"class_list":{"0":"post-41084","1":"post","2":"type-post","3":"status-publish","4":"format-standard","5":"has-post-thumbnail","7":"category-actualidad-noticias-madrid"},"_links":{"self":[{"href":"https:\/\/www.vidademadrid.com\/es\/wp-json\/wp\/v2\/posts\/41084","targetHints":{"allow":["GET"]}}],"collection":[{"href":"https:\/\/www.vidademadrid.com\/es\/wp-json\/wp\/v2\/posts"}],"about":[{"href":"https:\/\/www.vidademadrid.com\/es\/wp-json\/wp\/v2\/types\/post"}],"author":[{"embeddable":true,"href":"https:\/\/www.vidademadrid.com\/es\/wp-json\/wp\/v2\/users\/15"}],"replies":[{"embeddable":true,"href":"https:\/\/www.vidademadrid.com\/es\/wp-json\/wp\/v2\/comments?post=41084"}],"version-history":[{"count":2,"href":"https:\/\/www.vidademadrid.com\/es\/wp-json\/wp\/v2\/posts\/41084\/revisions"}],"predecessor-version":[{"id":41098,"href":"https:\/\/www.vidademadrid.com\/es\/wp-json\/wp\/v2\/posts\/41084\/revisions\/41098"}],"wp:featuredmedia":[{"embeddable":true,"href":"https:\/\/www.vidademadrid.com\/es\/wp-json\/wp\/v2\/media\/41085"}],"wp:attachment":[{"href":"https:\/\/www.vidademadrid.com\/es\/wp-json\/wp\/v2\/media?parent=41084"}],"wp:term":[{"taxonomy":"category","embeddable":true,"href":"https:\/\/www.vidademadrid.com\/es\/wp-json\/wp\/v2\/categories?post=41084"},{"taxonomy":"post_tag","embeddable":true,"href":"https:\/\/www.vidademadrid.com\/es\/wp-json\/wp\/v2\/tags?post=41084"}],"curies":[{"name":"wp","href":"https:\/\/api.w.org\/{rel}","templated":true}]}}