{"id":41040,"date":"2022-03-25T10:54:22","date_gmt":"2022-03-25T09:54:22","guid":{"rendered":"https:\/\/www.vidademadrid.com\/es\/?p=41040"},"modified":"2022-03-27T12:12:46","modified_gmt":"2022-03-27T10:12:46","slug":"la-hora-del-planeta-apagon-edificios-carteles-madrid","status":"publish","type":"post","link":"https:\/\/www.vidademadrid.com\/es\/41040\/la-hora-del-planeta-apagon-edificios-carteles-madrid\/","title":{"rendered":"Los edificios m\u00e1s emblem\u00e1ticos de Madrid se apagar\u00e1n por La Hora del Planeta"},"content":{"rendered":"<p>En 2022, m\u00e1s de 200 empresas se suman al compromiso de <strong>La Hora del Planeta.&nbsp;<\/strong>Esta iniciativa pretende recordar que&nbsp;<strong>la naturaleza es el sistema de soporte vital del planeta.<\/strong> Cada a\u00f1o se realizan diferentes actividades y apagones para&nbsp;<strong>sensibilizar sobre la emergencia clim\u00e1tica y la necesidad de proteger la biodiversidad.&nbsp;<\/strong>Conoce toda la informaci\u00f3n en este art\u00edculo.<\/p>\n<h2>La Hora del Planeta<\/h2>\n<p><script async=\"\" src=\"https:\/\/pagead2.googlesyndication.com\/pagead\/js\/adsbygoogle.js\"><\/script> <ins class=\"adsbygoogle\" style=\"display:block\" data-ad-format=\"fluid\" data-ad-layout-key=\"-7f+eo+1+2-5\" data-ad-client=\"ca-pub-7450064428034605\" data-ad-slot=\"7327027071\"><\/ins><script>(adsbygoogle = window.adsbygoogle || []).push({});<\/script><\/p>\n<p><strong>La Hora del Planeta&nbsp;<\/strong>naci\u00f3 en 2007, y en 2009 llega a Espa\u00f1a, para llamar la&nbsp;<strong>atenci\u00f3n sobre el problema del cambio clim\u00e1tico.&nbsp;<\/strong>Con un sencillo y simb\u00f3lico gesto que consiste en&nbsp;<strong>apagar las luces de edificios y monumentos de las ciudades durante una hora.&nbsp;<\/strong><\/p>\n<p>Este a\u00f1o, se celebra el&nbsp;<strong>26 de marzo&nbsp;<\/strong>y unir\u00e1 a millones de personas, ciudades y empresas para&nbsp;<strong>luchar contra el cambio clim\u00e1tico y la p\u00e9rdida de la biodiversidad.&nbsp;<\/strong><\/p>\n<p>Hasta 200 pa\u00edses participan cada a\u00f1o y en las&nbsp;\u00faltimas ediciones se han apagado m\u00e1s de&nbsp;<strong>17 mil monumentos&nbsp;<\/strong>del mundo. En Espa\u00f1a, casi&nbsp;<strong>500 municipios&nbsp;<\/strong>se han inscrito para participar.<\/p>\n<h2>Apagones y eventos 2022&nbsp;<\/h2>\n<p><script async=\"\" src=\"https:\/\/pagead2.googlesyndication.com\/pagead\/js\/adsbygoogle.js\"><\/script> <ins class=\"adsbygoogle\" style=\"display:block; text-align:center;\" data-ad-layout=\"in-article\" data-ad-format=\"fluid\" data-ad-client=\"ca-pub-7450064428034605\" data-ad-slot=\"5670045061\"><\/ins> <script>(adsbygoogle = window.adsbygoogle || []).push({});<\/script><\/p>\n<p>Este a\u00f1o, casi 200 se han sumado a la&nbsp;<strong>iniciativa de La Hora del Planeta.&nbsp;<\/strong>Adem\u00e1s de #LaVueltaAlPlaneta, se apagaran los luminosos de las tiendas de<strong> Inditex y El Corte Ingl\u00e9s<\/strong>, monumentos emblem\u00e1ticos de Madrid como el <strong>Congreso de los Diputados<\/strong>, el <strong>Palacio Real,&nbsp;<\/strong><strong>Pante\u00f3n de Hombres Ilustres,&nbsp;<\/strong>el&nbsp;<strong>Real Jard\u00edn Bot\u00e1nico&nbsp;<\/strong>y los edificios que lo conforman, el&nbsp;<strong>Teatro Real, Palacio de Cibeles, Fuente de Cibeles,&nbsp;<\/strong>y los ic\u00f3nicos carteles de&nbsp;<strong>Schweppes, Vodafone y el cartel de T\u00edo Pepe.&nbsp;<\/strong><\/p>\n<p>El apag\u00f3n ser\u00e1 el&nbsp;<strong>s\u00e1bado 26 de marzo&nbsp;<\/strong>de&nbsp;<strong>20:30 a las 21:30 horas.&nbsp;<\/strong><\/p>\n\n\n<figure class=\"wp-block-embed is-type-rich is-provider-twitter wp-block-embed-twitter\"><div class=\"wp-block-embed__wrapper\">\n<blockquote class=\"twitter-tweet\" data-width=\"550\" data-dnt=\"true\"><p lang=\"es\" dir=\"ltr\">Gracias a <a href=\"https:\/\/twitter.com\/CallaoCityLight?ref_src=twsrc%5Etfw\">@CallaoCityLight<\/a> por llevar el mensaje de la <a href=\"https:\/\/twitter.com\/hashtag\/HoraDelPlaneta?src=hash&amp;ref_src=twsrc%5Etfw\">#HoraDelPlaneta<\/a> al coraz\u00f3n de Madrid ?\u200d\u2640\ufe0f<br><br>Este a\u00f1o estamos dando <a href=\"https:\/\/twitter.com\/hashtag\/LaVueltaAlPlaneta?src=hash&amp;ref_src=twsrc%5Etfw\">#LaVueltaAlPlaneta<\/a> para reivindicar m\u00e1s acci\u00f3n por la <a href=\"https:\/\/twitter.com\/hashtag\/CrisisClim%C3%A1tica?src=hash&amp;ref_src=twsrc%5Etfw\">#CrisisClim\u00e1tica<\/a> y la p\u00e9rdida de naturaleza ?<br><br>A\u00fan est\u00e1s a tiempo para sumar km \u2935\ufe0f<a href=\"https:\/\/t.co\/xvywyFYuug\">https:\/\/t.co\/xvywyFYuug<\/a> <a href=\"https:\/\/t.co\/kE27xuLGyH\">pic.twitter.com\/kE27xuLGyH<\/a><\/p>&mdash; WWF Espa\u00f1a ? (@WWFespana) <a href=\"https:\/\/twitter.com\/WWFespana\/status\/1507025217255837701?ref_src=twsrc%5Etfw\">March 24, 2022<\/a><\/blockquote><script async src=\"https:\/\/platform.twitter.com\/widgets.js\" charset=\"utf-8\"><\/script>\n<\/div><\/figure>\n","protected":false},"excerpt":{"rendered":"<p>Se han sumado casi 200 empresas a la iniciativa.<\/p>\n","protected":false},"author":15,"featured_media":41041,"comment_status":"open","ping_status":"open","sticky":false,"template":"","format":"standard","meta":{"footnotes":""},"categories":[12],"tags":[],"class_list":{"0":"post-41040","1":"post","2":"type-post","3":"status-publish","4":"format-standard","5":"has-post-thumbnail","7":"category-actualidad-noticias-madrid"},"_links":{"self":[{"href":"https:\/\/www.vidademadrid.com\/es\/wp-json\/wp\/v2\/posts\/41040","targetHints":{"allow":["GET"]}}],"collection":[{"href":"https:\/\/www.vidademadrid.com\/es\/wp-json\/wp\/v2\/posts"}],"about":[{"href":"https:\/\/www.vidademadrid.com\/es\/wp-json\/wp\/v2\/types\/post"}],"author":[{"embeddable":true,"href":"https:\/\/www.vidademadrid.com\/es\/wp-json\/wp\/v2\/users\/15"}],"replies":[{"embeddable":true,"href":"https:\/\/www.vidademadrid.com\/es\/wp-json\/wp\/v2\/comments?post=41040"}],"version-history":[{"count":2,"href":"https:\/\/www.vidademadrid.com\/es\/wp-json\/wp\/v2\/posts\/41040\/revisions"}],"predecessor-version":[{"id":41071,"href":"https:\/\/www.vidademadrid.com\/es\/wp-json\/wp\/v2\/posts\/41040\/revisions\/41071"}],"wp:featuredmedia":[{"embeddable":true,"href":"https:\/\/www.vidademadrid.com\/es\/wp-json\/wp\/v2\/media\/41041"}],"wp:attachment":[{"href":"https:\/\/www.vidademadrid.com\/es\/wp-json\/wp\/v2\/media?parent=41040"}],"wp:term":[{"taxonomy":"category","embeddable":true,"href":"https:\/\/www.vidademadrid.com\/es\/wp-json\/wp\/v2\/categories?post=41040"},{"taxonomy":"post_tag","embeddable":true,"href":"https:\/\/www.vidademadrid.com\/es\/wp-json\/wp\/v2\/tags?post=41040"}],"curies":[{"name":"wp","href":"https:\/\/api.w.org\/{rel}","templated":true}]}}