{"id":40952,"date":"2022-03-23T11:51:05","date_gmt":"2022-03-23T10:51:05","guid":{"rendered":"https:\/\/www.vidademadrid.com\/es\/?p=40952"},"modified":"2022-03-23T12:20:43","modified_gmt":"2022-03-23T11:20:43","slug":"puente-pacifico-obras-cortes-trafico-2022","status":"publish","type":"post","link":"https:\/\/www.vidademadrid.com\/es\/40952\/puente-pacifico-obras-cortes-trafico-2022\/","title":{"rendered":"Ya han empezado las obras de demolici\u00f3n del Puente de Pac\u00edfico"},"content":{"rendered":"<p>Las obras para la&nbsp;<strong>demolici\u00f3n parcial y reestructuraci\u00f3n del paso elevado&nbsp;<\/strong>del Puente de Pac\u00edfico han comenzado. El <a href=\"https:\/\/www.vidademadrid.com\/es\/40062\/demolicion-puente-de-pacifico-obras-retiro-arganzuela\/\">proyecto<\/a>, que se prev\u00e9 que dure 12 meses, est\u00e1 en su primera fase por lo que el tr\u00e1fico ha sido cortado. Sigue leyendo este art\u00edculo para conocer toda la informaci\u00f3n.&nbsp;<\/p>\n<h2>Obras en el Puente de Pac\u00edfico&nbsp;<\/h2>\n<p><script async=\"\" src=\"https:\/\/pagead2.googlesyndication.com\/pagead\/js\/adsbygoogle.js\"><\/script> <ins class=\"adsbygoogle\" style=\"display:block\" data-ad-format=\"fluid\" data-ad-layout-key=\"-7f+eo+1+2-5\" data-ad-client=\"ca-pub-7450064428034605\" data-ad-slot=\"7327027071\"><\/ins><script>(adsbygoogle = window.adsbygoogle || []).push({});<\/script>El inicio de las obras para la demolici\u00f3n y reestructuraci\u00f3n del Puente de Pac\u00edfico, llamado de Pedro Bosch, ha provocado&nbsp;<strong>el corte del tr\u00e1fico,<\/strong>&nbsp;en el puente entre <strong>Valderribas y Ciudad de Barcelona,<\/strong> aunque se mantiene la circulaci\u00f3n en los dos carriles exteriores.<\/p>\n<p>La primera fase de las obras consiste en&nbsp;<strong>eliminar el paso&nbsp;<\/strong>en el tramo elevado y se construir\u00e1 una nueva rampa para el cruce peatonal y de ciclistas hacia la calle M\u00e9ndez \u00c1lvaro en Arganzuela.&nbsp;<\/p>\n<h2>Proyecto de demolici\u00f3n<\/h2>\n<p><script async=\"\" src=\"https:\/\/pagead2.googlesyndication.com\/pagead\/js\/adsbygoogle.js\"><\/script> <ins class=\"adsbygoogle\" style=\"display:block; text-align:center;\" data-ad-layout=\"in-article\" data-ad-format=\"fluid\" data-ad-client=\"ca-pub-7450064428034605\" data-ad-slot=\"5670045061\"><\/ins> <script>(adsbygoogle = window.adsbygoogle || []).push({});<\/script>El proyecto durar\u00e1&nbsp;<strong>12 meses,&nbsp;<\/strong>que abordar\u00e1 la reurbanizaci\u00f3n de la calle Pedro Bosch entra la avenida Ciudad de Barcelona y la calle M\u00e9ndez \u00c1lvaro. Adem\u00e1s, se <strong>reconfigurar\u00e1 el paso elevado<\/strong> entre la calle M\u00e9ndez \u00c1lvaro y las v\u00edas hasta la Avenida de Barcelona.&nbsp;<\/p>\n<p>Dentro del proyecto, se establece que se reducir\u00e1 un carril de circulaci\u00f3n por sentido y se usar\u00e1 este espacio para crear un&nbsp;<strong>carril bici bidireccional <\/strong>y una acerca ajardinada que formara un paseo verde entre los distritos de Retiro y Arganzuela.&nbsp;<\/p>\n<p>&nbsp;<\/p>\n","protected":false},"excerpt":{"rendered":"<p>Se prev\u00e9 que las obras durar\u00e1n 12 meses. <\/p>\n","protected":false},"author":15,"featured_media":40953,"comment_status":"open","ping_status":"open","sticky":false,"template":"","format":"standard","meta":{"footnotes":""},"categories":[12],"tags":[],"class_list":{"0":"post-40952","1":"post","2":"type-post","3":"status-publish","4":"format-standard","5":"has-post-thumbnail","7":"category-actualidad-noticias-madrid"},"_links":{"self":[{"href":"https:\/\/www.vidademadrid.com\/es\/wp-json\/wp\/v2\/posts\/40952","targetHints":{"allow":["GET"]}}],"collection":[{"href":"https:\/\/www.vidademadrid.com\/es\/wp-json\/wp\/v2\/posts"}],"about":[{"href":"https:\/\/www.vidademadrid.com\/es\/wp-json\/wp\/v2\/types\/post"}],"author":[{"embeddable":true,"href":"https:\/\/www.vidademadrid.com\/es\/wp-json\/wp\/v2\/users\/15"}],"replies":[{"embeddable":true,"href":"https:\/\/www.vidademadrid.com\/es\/wp-json\/wp\/v2\/comments?post=40952"}],"version-history":[{"count":2,"href":"https:\/\/www.vidademadrid.com\/es\/wp-json\/wp\/v2\/posts\/40952\/revisions"}],"predecessor-version":[{"id":40955,"href":"https:\/\/www.vidademadrid.com\/es\/wp-json\/wp\/v2\/posts\/40952\/revisions\/40955"}],"wp:featuredmedia":[{"embeddable":true,"href":"https:\/\/www.vidademadrid.com\/es\/wp-json\/wp\/v2\/media\/40953"}],"wp:attachment":[{"href":"https:\/\/www.vidademadrid.com\/es\/wp-json\/wp\/v2\/media?parent=40952"}],"wp:term":[{"taxonomy":"category","embeddable":true,"href":"https:\/\/www.vidademadrid.com\/es\/wp-json\/wp\/v2\/categories?post=40952"},{"taxonomy":"post_tag","embeddable":true,"href":"https:\/\/www.vidademadrid.com\/es\/wp-json\/wp\/v2\/tags?post=40952"}],"curies":[{"name":"wp","href":"https:\/\/api.w.org\/{rel}","templated":true}]}}