{"id":40940,"date":"2022-03-23T10:36:35","date_gmt":"2022-03-23T09:36:35","guid":{"rendered":"https:\/\/www.vidademadrid.com\/es\/?p=40940"},"modified":"2022-03-24T11:28:36","modified_gmt":"2022-03-24T10:28:36","slug":"al-descubierto-exposicion-fotografica-fundacion-canal","status":"publish","type":"post","link":"https:\/\/www.vidademadrid.com\/es\/40940\/al-descubierto-exposicion-fotografica-fundacion-canal\/","title":{"rendered":"\u00abAl descubierto\u00bb, la exposici\u00f3n fotogr\u00e1fica gratuita de los grandes maestros del s. XX"},"content":{"rendered":"<p>La nueva exposici\u00f3n fotogr\u00e1fica, <em><strong>\u00abAl descubierto. Obras seleccionadas de The Howard Greenberg Gallery\u00bb,&nbsp;<\/strong><\/em>re\u00fane m\u00e1s de&nbsp;<strong>100 im\u00e1genes,<\/strong> desconocidas en su mayor parte, de 66 grandes fot\u00f3grafos. Conoce toda la informaci\u00f3n en este art\u00edculo.&nbsp;<\/p>\n<h2 class=\"p1\">\u00abAl descubierto. Obras seleccionadas de The Howard Greenberg Gallery\u00bb<\/h2>\n<p><script async=\"\" src=\"https:\/\/pagead2.googlesyndication.com\/pagead\/js\/adsbygoogle.js\"><\/script> <ins class=\"adsbygoogle\" style=\"display:block\" data-ad-format=\"fluid\" data-ad-layout-key=\"-7f+eo+1+2-5\" data-ad-client=\"ca-pub-7450064428034605\" data-ad-slot=\"7327027071\"><\/ins><script>(adsbygoogle = window.adsbygoogle || []).push({});<\/script>La muestra de la exposici\u00f3n est\u00e1 compuesta por<strong> 111 im\u00e1genes de<\/strong>&nbsp;<strong>66 maestros de la fotograf\u00eda&nbsp;<\/strong>como Berenice Abbott, Manuel \u00c1lvarez Bravo, Diane Arbus, Robet Frank, Vivian Maier, Man Ray, entre otros. Las fotograf\u00edas muestran un&nbsp;<strong>viaje en el tiempo por el \u00faltimo siglo&nbsp;<\/strong>de nuestra historia, especialmente a los avances que desde Estados Unidos se dejaron sentir en todo el mundo.<\/p>\n<p>Las fotograf\u00edas de <em><strong>\u00abAl descubierto. Obras seleccionadas de The Howard Greenberg Gallery\u00bb&nbsp;<\/strong><\/em>pocas veces (o ninguna) se han mostrado al p\u00fablico. Procedentes de&nbsp;<strong>The Howard Greenberg Gallery&nbsp;<\/strong>de Nueva York y presentada en Madrid por la&nbsp;<strong>Fundaci\u00f3n Canal,&nbsp;<\/strong>esta exposici\u00f3n, comisariada por Anne Morin estar\u00e1 en la ciudad hasta verano.&nbsp;<\/p>\n<h2>Visita la exposici\u00f3n<\/h2>\n<p><script async=\"\" src=\"https:\/\/pagead2.googlesyndication.com\/pagead\/js\/adsbygoogle.js\"><\/script> <ins class=\"adsbygoogle\" style=\"display:block; text-align:center;\" data-ad-layout=\"in-article\" data-ad-format=\"fluid\" data-ad-client=\"ca-pub-7450064428034605\" data-ad-slot=\"5670045061\"><\/ins> <script>(adsbygoogle = window.adsbygoogle || []).push({});<\/script><em><strong>\u00abAl descubierto. Obras seleccionadas de The Howard Greenberg Gallery\u00bb&nbsp;<\/strong><\/em>ha abierto sus puertas desde el 22 de marzo y estar\u00e1 hasta el&nbsp;<strong>24 de julio.&nbsp;<\/strong>Se puede visitar en la <strong>S<\/strong><strong>ala de Fundaci\u00f3n Canal<\/strong> en la calle Mateo Irrunia 2 (Metro Plaza de Castilla).&nbsp;<\/p>\n<p>La entrada es&nbsp;<strong>gratuita&nbsp;<\/strong>y el horario de visita en d\u00edas laborables y festivos es de&nbsp;<strong>11 horas a las 14.30&nbsp;<\/strong>y de&nbsp;<strong>15.30 a las 20 horas.<\/strong> Los mi\u00e9rcoles el horario es de&nbsp;<strong>11 a las 14.30 horas.&nbsp;<\/strong><\/p>\n","protected":false},"excerpt":{"rendered":"<p>Re\u00fane 111 im\u00e1genes de grandes fot\u00f3grafos <\/p>\n","protected":false},"author":15,"featured_media":40943,"comment_status":"open","ping_status":"open","sticky":false,"template":"","format":"standard","meta":{"footnotes":""},"categories":[111,119],"tags":[],"class_list":{"0":"post-40940","1":"post","2":"type-post","3":"status-publish","4":"format-standard","5":"has-post-thumbnail","7":"category-exposiciones-madrid","8":"category-portada"},"_links":{"self":[{"href":"https:\/\/www.vidademadrid.com\/es\/wp-json\/wp\/v2\/posts\/40940","targetHints":{"allow":["GET"]}}],"collection":[{"href":"https:\/\/www.vidademadrid.com\/es\/wp-json\/wp\/v2\/posts"}],"about":[{"href":"https:\/\/www.vidademadrid.com\/es\/wp-json\/wp\/v2\/types\/post"}],"author":[{"embeddable":true,"href":"https:\/\/www.vidademadrid.com\/es\/wp-json\/wp\/v2\/users\/15"}],"replies":[{"embeddable":true,"href":"https:\/\/www.vidademadrid.com\/es\/wp-json\/wp\/v2\/comments?post=40940"}],"version-history":[{"count":2,"href":"https:\/\/www.vidademadrid.com\/es\/wp-json\/wp\/v2\/posts\/40940\/revisions"}],"predecessor-version":[{"id":40947,"href":"https:\/\/www.vidademadrid.com\/es\/wp-json\/wp\/v2\/posts\/40940\/revisions\/40947"}],"wp:featuredmedia":[{"embeddable":true,"href":"https:\/\/www.vidademadrid.com\/es\/wp-json\/wp\/v2\/media\/40943"}],"wp:attachment":[{"href":"https:\/\/www.vidademadrid.com\/es\/wp-json\/wp\/v2\/media?parent=40940"}],"wp:term":[{"taxonomy":"category","embeddable":true,"href":"https:\/\/www.vidademadrid.com\/es\/wp-json\/wp\/v2\/categories?post=40940"},{"taxonomy":"post_tag","embeddable":true,"href":"https:\/\/www.vidademadrid.com\/es\/wp-json\/wp\/v2\/tags?post=40940"}],"curies":[{"name":"wp","href":"https:\/\/api.w.org\/{rel}","templated":true}]}}