{"id":40906,"date":"2022-05-24T12:17:00","date_gmt":"2022-05-24T10:17:00","guid":{"rendered":"https:\/\/www.vidademadrid.com\/es\/?p=40906"},"modified":"2022-05-24T12:17:11","modified_gmt":"2022-05-24T10:17:11","slug":"fiesta-primavera-2022-distrito-hortaleza-programa-fechas","status":"publish","type":"post","link":"https:\/\/www.vidademadrid.com\/es\/40906\/fiesta-primavera-2022-distrito-hortaleza-programa-fechas\/","title":{"rendered":"Fiestas de la Primavera de Hortaleza 2022: programa y conciertos"},"content":{"rendered":"<p>Tras dos a\u00f1os de ausencia debido a la pandemia del COVID-19, este 2022 vuelven las\u00a0<strong>Fiestas de la Primavera\u00a0<\/strong>del\u00a0<strong>Distrito de Hortaleza.\u00a0<\/strong>Las fiestas se celebrar\u00e1n durante <strong>diez d\u00edas<\/strong> con actividades para todo el p\u00fablico que incluyen actuaciones musicales, el Certamen Musical Roberto Mira, y m\u00e1s propuestas. Sigue leyendo este art\u00edculo para conocer toda la informaci\u00f3n.<\/p>\n<h1>Actualizaci\u00f3n del 24 de mayo<\/h1>\n<h2>Presentaci\u00f3n del programa<\/h2>\n<p>El\u00a0<strong>programa\u00a0<\/strong>de\u00a0las\u00a0<strong>Fiestas de la Primavera de Hortaleza 2022\u00a0<\/strong>se ha anunciado y habr\u00e1 una jornada dedicada a los mayores, actividades infantiles, conciertos y actuaciones musicales para todos los p\u00fablicos en el Parque Pinar del Rey y el Auditorio Pilar Garc\u00eda Pe\u00f1a.<\/p>\n<p>Las\u00a0<strong>Fiestas de la Primavera de Hortaleza 2022\u00a0<\/strong>comenzar\u00e1n el 27 de mayo con el\u00a0<strong>pistoletazo de salida\u00a0<\/strong>que estar\u00e1 a cargo de Laureano D\u00edaz Navarro, de la asociaci\u00f3n vecinas Las C\u00e1rcavas y Helena G\u00f3mez Garre, vecina de Sanchinarro. Tras el pistoletazo, se llevar\u00e1 a cabo el\u00a0<strong>concierto\u00a0<\/strong>de\u00a0<strong>La Banda Canalla\u00a0<\/strong>que har\u00e1 un repaso a sus temas de los a\u00f1os 80 y 90.<\/p>\n<p>El\u00a0<strong>s\u00e1bado 28 de mayo\u00a0<\/strong>se presentar\u00e1 la m\u00edtica banda hortalina\u00a0<strong>Porretas\u00a0<\/strong>despu\u00e9s de disfrutar de la m\u00fasica de los seis grupos finalistas en el Certamen Roberto Mira: Chico Sol, Monstruopicales, After Tommy, Karlisha, Skaffolding y Del Palo. El primer fin de semana de las Fiestas finalizar\u00e1 con el concierto de\u00a0<strong>Haches\u00a0<\/strong>para deleitar al p\u00fablico con su\u00a0<strong>rock en espa\u00f1ol.\u00a0<\/strong><\/p>\n<p>Durante la jornada del\u00a0<strong>2 de junio, dedicada a los mayores,\u00a0<\/strong>se presentar\u00e1 un tributo a\u00a0<strong>Frank Sinatra,\u00a0<\/strong>en el que Marcos Bartolom\u00e9 y Swing Purple repasar\u00e1n sus grandes \u00e9xitos.<\/p>\n<p>El <strong>3 de junio,\u00a0<\/strong><strong>Los Trogloditas\u00a0<\/strong>repasar\u00e1n sus mejores temas y el\u00a0<strong>s\u00e1bado 4 de junio,\u00a0<\/strong>los asistentes vibrar\u00e1n al ritmo del rapero,\u00a0<strong>El Langui.\u00a0<\/strong><\/p>\n<h2>Fiestas de la Primavera 2022<\/h2>\n<p><script async=\"\" src=\"https:\/\/pagead2.googlesyndication.com\/pagead\/js\/adsbygoogle.js\"><\/script> <ins class=\"adsbygoogle\" style=\"display: block;\" data-ad-format=\"fluid\" data-ad-layout-key=\"-7f+eo+1+2-5\" data-ad-client=\"ca-pub-7450064428034605\" data-ad-slot=\"7327027071\"><\/ins><script>(adsbygoogle = window.adsbygoogle || []).push({});<\/script><\/p>\n<p>Las tradicionales\u00a0<strong>Fiestas de la Primavera\u00a0<\/strong>regresan al\u00a0<strong>Distrito de Hortaleza.\u00a0<\/strong>En 2020, estas populares fiestas cumplieron <strong>cuarenta a\u00f1os de celebraci\u00f3n\u00a0<\/strong>y comienzan todos los a\u00f1os con su tradicional\u00a0<strong>concurso para elegir el cartel de las fiestas.\u00a0<\/strong>Debido a la pandemia provocada por el COVID-19, los dos \u00faltimos a\u00f1os no se hab\u00edan llevado a cabo estas fiestas.<\/p>\n<p>Cuentan con un programa de\u00a0<strong>diez d\u00edas\u00a0<\/strong>de actividades pensadas para\u00a0<strong>todos los p\u00fablicos\u00a0<\/strong>que incluyen\u00a0<strong>actuaciones musicales, una jornada dedicada a los m\u00e1s mayores, propuestas de distintas asociaciones y el Certamen Musical Roberto Mira.\u00a0<\/strong><\/p>\n<h2>Fechas de las Fiestas de la Primavera<\/h2>\n<p><script async=\"\" src=\"https:\/\/pagead2.googlesyndication.com\/pagead\/js\/adsbygoogle.js\"><\/script> <ins class=\"adsbygoogle\" style=\"display: block; text-align: center;\" data-ad-layout=\"in-article\" data-ad-format=\"fluid\" data-ad-client=\"ca-pub-7450064428034605\" data-ad-slot=\"5670045061\"><\/ins> <script>(adsbygoogle = window.adsbygoogle || []).push({});<\/script><\/p>\n<p>Las\u00a0<strong>Fiestas de la Primavera\u00a0<\/strong>de Hortaleza ser\u00e1n de\u00a0<strong>27 de mayo al 5 de junio\u00a0<\/strong>en el\u00a0<strong>Parque Pinar del Rey\u00a0<\/strong>(Metro Arturo Soria \/ Esperanza).<\/p>\n<p><a href=\"https:\/\/www.vidademadrid.com\/es\/wp-content\/uploads\/2022\/03\/Cartel-Fiestas-de-Hortaleza2022.png\"><img loading=\"lazy\" decoding=\"async\" class=\"alignnone size-full wp-image-42305\" src=\"https:\/\/www.vidademadrid.com\/es\/wp-content\/uploads\/2022\/03\/Cartel-Fiestas-de-Hortaleza2022.png\" alt=\"\" width=\"2339\" height=\"3307\" srcset=\"https:\/\/www.vidademadrid.com\/es\/wp-content\/uploads\/2022\/03\/Cartel-Fiestas-de-Hortaleza2022.png 2339w, https:\/\/www.vidademadrid.com\/es\/wp-content\/uploads\/2022\/03\/Cartel-Fiestas-de-Hortaleza2022-212x300.png 212w, https:\/\/www.vidademadrid.com\/es\/wp-content\/uploads\/2022\/03\/Cartel-Fiestas-de-Hortaleza2022-724x1024.png 724w, https:\/\/www.vidademadrid.com\/es\/wp-content\/uploads\/2022\/03\/Cartel-Fiestas-de-Hortaleza2022-768x1086.png 768w, https:\/\/www.vidademadrid.com\/es\/wp-content\/uploads\/2022\/03\/Cartel-Fiestas-de-Hortaleza2022-1086x1536.png 1086w, https:\/\/www.vidademadrid.com\/es\/wp-content\/uploads\/2022\/03\/Cartel-Fiestas-de-Hortaleza2022-1449x2048.png 1449w, https:\/\/www.vidademadrid.com\/es\/wp-content\/uploads\/2022\/03\/Cartel-Fiestas-de-Hortaleza2022-696x984.png 696w, https:\/\/www.vidademadrid.com\/es\/wp-content\/uploads\/2022\/03\/Cartel-Fiestas-de-Hortaleza2022-1068x1510.png 1068w, https:\/\/www.vidademadrid.com\/es\/wp-content\/uploads\/2022\/03\/Cartel-Fiestas-de-Hortaleza2022-1920x2715.png 1920w, https:\/\/www.vidademadrid.com\/es\/wp-content\/uploads\/2022\/03\/Cartel-Fiestas-de-Hortaleza2022-297x420.png 297w\" sizes=\"auto, (max-width: 2339px) 100vw, 2339px\" \/><\/a><\/p>\n","protected":false},"excerpt":{"rendered":"<p>Se celebrar\u00e1n durante diez d\u00edas con m\u00fasica en vivo y actividades para todo el p\u00fablico<\/p>\n","protected":false},"author":15,"featured_media":40907,"comment_status":"open","ping_status":"open","sticky":false,"template":"","format":"standard","meta":{"footnotes":""},"categories":[101],"tags":[],"class_list":{"0":"post-40906","1":"post","2":"type-post","3":"status-publish","4":"format-standard","5":"has-post-thumbnail","7":"category-ferias-fiestas-mercados-madrid"},"_links":{"self":[{"href":"https:\/\/www.vidademadrid.com\/es\/wp-json\/wp\/v2\/posts\/40906","targetHints":{"allow":["GET"]}}],"collection":[{"href":"https:\/\/www.vidademadrid.com\/es\/wp-json\/wp\/v2\/posts"}],"about":[{"href":"https:\/\/www.vidademadrid.com\/es\/wp-json\/wp\/v2\/types\/post"}],"author":[{"embeddable":true,"href":"https:\/\/www.vidademadrid.com\/es\/wp-json\/wp\/v2\/users\/15"}],"replies":[{"embeddable":true,"href":"https:\/\/www.vidademadrid.com\/es\/wp-json\/wp\/v2\/comments?post=40906"}],"version-history":[{"count":4,"href":"https:\/\/www.vidademadrid.com\/es\/wp-json\/wp\/v2\/posts\/40906\/revisions"}],"predecessor-version":[{"id":42306,"href":"https:\/\/www.vidademadrid.com\/es\/wp-json\/wp\/v2\/posts\/40906\/revisions\/42306"}],"wp:featuredmedia":[{"embeddable":true,"href":"https:\/\/www.vidademadrid.com\/es\/wp-json\/wp\/v2\/media\/40907"}],"wp:attachment":[{"href":"https:\/\/www.vidademadrid.com\/es\/wp-json\/wp\/v2\/media?parent=40906"}],"wp:term":[{"taxonomy":"category","embeddable":true,"href":"https:\/\/www.vidademadrid.com\/es\/wp-json\/wp\/v2\/categories?post=40906"},{"taxonomy":"post_tag","embeddable":true,"href":"https:\/\/www.vidademadrid.com\/es\/wp-json\/wp\/v2\/tags?post=40906"}],"curies":[{"name":"wp","href":"https:\/\/api.w.org\/{rel}","templated":true}]}}