{"id":40903,"date":"2022-03-22T11:23:57","date_gmt":"2022-03-22T10:23:57","guid":{"rendered":"https:\/\/www.vidademadrid.com\/es\/?p=40903"},"modified":"2022-03-22T12:32:32","modified_gmt":"2022-03-22T11:32:32","slug":"bosque-metropolitano-parcela-avenida-talgo-pista-atletismo","status":"publish","type":"post","link":"https:\/\/www.vidademadrid.com\/es\/40903\/bosque-metropolitano-parcela-avenida-talgo-pista-atletismo\/","title":{"rendered":"La parcela de avenida del Talgo, del Bosque Metropolitano, abre al p\u00fablico"},"content":{"rendered":"<p>El Ayuntamiento de Madrid ha anunciado ayer, el D\u00eda Internacional de los Bosques, que la parcela de avenida del Talgo, que forma parte del <strong>Bosque Metropolitano,\u00a0<\/strong>tendr\u00e1 una <strong>pista de atletismo<\/strong> con ocho carriles y una zona para practicar. Sigue leyendo este art\u00edculo para conocer toda la informaci\u00f3n.\u00a0<\/p>\n<h2>Bosque Metropolitano<\/h2>\n<p><script async=\"\" src=\"https:\/\/pagead2.googlesyndication.com\/pagead\/js\/adsbygoogle.js\"><\/script> <ins class=\"adsbygoogle\" style=\"display: block;\" data-ad-format=\"fluid\" data-ad-layout-key=\"-7f+eo+1+2-5\" data-ad-client=\"ca-pub-7450064428034605\" data-ad-slot=\"7327027071\"><\/ins><script>(adsbygoogle = window.adsbygoogle || []).push({});<\/script><\/p>\n<p>El\u00a0<strong>Bosque Metropolitano<\/strong> es la mayor infraestructura verde que se est\u00e1 construyendo en Europa. El Ayuntamiento de Madrid ha inaugurado la <strong>parcela de avenida del Talgo,\u00a0ubicada en el distrito de Moncloa-Aravaca, <\/strong>y desde hoy, los vecinos puedes disfrutar de este espacio de 6,3 hect\u00e1reas. Adem\u00e1s tambi\u00e9n ha abierto al p\u00fablico, en la <strong>zona del Campo de las Naciones, <\/strong>el <strong>Bosque de los Abrazos Perdidos\u00a0<\/strong>en memoria de las v\u00edctimas del COVID-19.<\/p>\n<p>El <strong>Bosque Metropolitano<\/strong> es un anillo forestal de 75 kil\u00f3metros que bordear\u00e1 la ciudad, conectando con espacio verdes existentes y restaurando ecol\u00f3gicamente \u00e1reas degradadas mediante plantaci\u00f3n de especies forestales aut\u00f3ctonas. Entre sus beneficios est\u00e1n mejorar la calidad del aire, conservar la biodiversidad, ofrecer alternativas de ocio, entre otros.<\/p>\n<p>Los ciudadanos ya pueden disfrutar de 16,1 hect\u00e1reas nuevas de bosque, en las que crecer\u00e1n m\u00e1s de 6 mil \u00e1rboles y casi 40 mil ejemplares arbustivos.\u00a0<\/p>\n<h2>Pista de atletismo<\/h2>\n<p><script async=\"\" src=\"https:\/\/pagead2.googlesyndication.com\/pagead\/js\/adsbygoogle.js\"><\/script> <ins class=\"adsbygoogle\" style=\"display: block; text-align: center;\" data-ad-layout=\"in-article\" data-ad-format=\"fluid\" data-ad-client=\"ca-pub-7450064428034605\" data-ad-slot=\"5670045061\"><\/ins> <script>(adsbygoogle = window.adsbygoogle || []).push({});<\/script><\/p>\n<p>En esta parcela, tambi\u00e9n se har\u00e1 una\u00a0<strong>pista de atletismo\u00a0<\/strong>integrada a la naturaleza, parecida a una de las pistas m\u00e1s bonitas del mundo y se encuentra en Olot, Gerona. Esta pista de atletismo,\u00a0<strong>homologada por la federaci\u00f3n,\u00a0<\/strong>contar\u00e1 con ocho carriles en su interior.<\/p>\n<p>Adem\u00e1s, habr\u00e1 una zona especial para la pr\u00e1ctica de los 100 y 110 metros lisos, con un ancho total de la pista de 9,76 metros. Para facilitar la evacuaci\u00f3n de aguas pluviales de la pista, se har\u00e1 una pendiente de 1% hacia el interior.\u00a0<\/p>\n<p>El plazo de ejecuci\u00f3n de esta obra ser\u00e1 de\u00a0<strong>diez meses\u00a0<\/strong>y se prev\u00e9 inaugurarla el a\u00f1o que viene.\u00a0<\/p>\n\n\n<p><\/p>\n","protected":false},"excerpt":{"rendered":"<p>Tendr\u00e1 ocho carriles y una zona de pr\u00e1ctica. <\/p>\n","protected":false},"author":15,"featured_media":40904,"comment_status":"open","ping_status":"open","sticky":false,"template":"","format":"standard","meta":{"footnotes":""},"categories":[12],"tags":[],"class_list":{"0":"post-40903","1":"post","2":"type-post","3":"status-publish","4":"format-standard","5":"has-post-thumbnail","7":"category-actualidad-noticias-madrid"},"_links":{"self":[{"href":"https:\/\/www.vidademadrid.com\/es\/wp-json\/wp\/v2\/posts\/40903","targetHints":{"allow":["GET"]}}],"collection":[{"href":"https:\/\/www.vidademadrid.com\/es\/wp-json\/wp\/v2\/posts"}],"about":[{"href":"https:\/\/www.vidademadrid.com\/es\/wp-json\/wp\/v2\/types\/post"}],"author":[{"embeddable":true,"href":"https:\/\/www.vidademadrid.com\/es\/wp-json\/wp\/v2\/users\/15"}],"replies":[{"embeddable":true,"href":"https:\/\/www.vidademadrid.com\/es\/wp-json\/wp\/v2\/comments?post=40903"}],"version-history":[{"count":2,"href":"https:\/\/www.vidademadrid.com\/es\/wp-json\/wp\/v2\/posts\/40903\/revisions"}],"predecessor-version":[{"id":40912,"href":"https:\/\/www.vidademadrid.com\/es\/wp-json\/wp\/v2\/posts\/40903\/revisions\/40912"}],"wp:featuredmedia":[{"embeddable":true,"href":"https:\/\/www.vidademadrid.com\/es\/wp-json\/wp\/v2\/media\/40904"}],"wp:attachment":[{"href":"https:\/\/www.vidademadrid.com\/es\/wp-json\/wp\/v2\/media?parent=40903"}],"wp:term":[{"taxonomy":"category","embeddable":true,"href":"https:\/\/www.vidademadrid.com\/es\/wp-json\/wp\/v2\/categories?post=40903"},{"taxonomy":"post_tag","embeddable":true,"href":"https:\/\/www.vidademadrid.com\/es\/wp-json\/wp\/v2\/tags?post=40903"}],"curies":[{"name":"wp","href":"https:\/\/api.w.org\/{rel}","templated":true}]}}