{"id":40795,"date":"2022-09-29T16:29:00","date_gmt":"2022-09-29T14:29:00","guid":{"rendered":"https:\/\/www.vidademadrid.com\/es\/?p=40795"},"modified":"2022-09-29T23:08:11","modified_gmt":"2022-09-29T21:08:11","slug":"cantando-bajo-la-lluvia-musical-madrid-teatro-apolo-entradas-2022","status":"publish","type":"post","link":"https:\/\/www.vidademadrid.com\/es\/40795\/cantando-bajo-la-lluvia-musical-madrid-teatro-apolo-entradas-2022\/","title":{"rendered":"\u00abCantando bajo la lluvia\u00bb, el pr\u00f3ximo musical del Teatro Apolo Madrid"},"content":{"rendered":"<p>Llega al Teatro Apolo el musical de la famosa pel\u00edcula de Hollywood, \u00abCantando bajo la lluvia\u00bb. Una producci\u00f3n dirigida por\u00a0<b>\u00c0ngel Ll\u00e0cer<\/b>\u00a0y\u00a0<b>Manu Guix <\/b>que se estrenar\u00e1 en el<b> Teatro Apolo de Madrid este septiembre de 2022.\u00a0<\/b>En este art\u00edculo te contamos todo sobre este espect\u00e1culo.<\/p>\n<h2>\u00abCantando bajo la lluvia\u00bb, el nuevo musical del Teatro Apolo Madrid<\/h2>\n<p>Despu\u00e9s de su \u00e9xito en Barcelona con m\u00e1s de 150.000 espectadores, el <strong>musical \u201cCantando bajo la lluvia\u201d<\/strong> dirigido por <strong>\u00c0ngel Ll\u00e0cer<\/strong>\u00a0y\u00a0<strong>Manu Guix <\/strong>llega a la capital. Su <strong>estreno ser\u00e1 el 30 de septiembre de 2022<\/strong> en el <strong>Teatro Apolo de Madrid<\/strong> situado en la Plaza de Tirso de Molina.<\/p>\n<p>El musical \u201cCantando bajo la lluvia\u201d est\u00e1 basado en la pel\u00edcula que cuenta la historia de un amor en Hollywood. Entre los actores protagonistas se encuentran\u00a0<strong>Iv\u00e1n Labanda<\/strong>, que interpreta a Don Lockwood;\u00a0<strong>Diana Roig\u00a0<\/strong>como Kathy Selden,\u00a0<strong>Ricky Mata\u00a0<\/strong>en el papel de Cosmo Brown,\u00a0\u00a0<strong>Mireia Portas\u00a0<\/strong>como Lina Lamont,\u00a0<strong>Jos\u00e9 Luis Mosquera <\/strong>que hace de\u00a0R. F. Simpson y\u00a0<strong>Oriol Bur\u00e9s <\/strong>en la piel de\u00a0Roscoe Dexter.<\/p>\n<p>Los espectadores podr\u00e1n disfrutar de coreograf\u00eda, m\u00fasica y vestuario caracter\u00edstico de los a\u00f1os 20. Un espect\u00e1culo para todos los p\u00fablicos que no te puedes perder.<\/p>\n<figure id=\"attachment_40799\" aria-describedby=\"caption-attachment-40799\" style=\"width: 2560px\" class=\"wp-caption aligncenter\"><a href=\"https:\/\/www.vidademadrid.com\/es\/wp-content\/uploads\/2022\/03\/Cantando-bajo-la-lluvia-David-Ruano13-scaled.jpg\"><img loading=\"lazy\" decoding=\"async\" class=\"wp-image-40799 size-full\" src=\"https:\/\/www.vidademadrid.com\/es\/wp-content\/uploads\/2022\/03\/Cantando-bajo-la-lluvia-David-Ruano13-scaled.jpg\" alt=\"\" width=\"2560\" height=\"1556\" srcset=\"https:\/\/www.vidademadrid.com\/es\/wp-content\/uploads\/2022\/03\/Cantando-bajo-la-lluvia-David-Ruano13-scaled.jpg 2560w, https:\/\/www.vidademadrid.com\/es\/wp-content\/uploads\/2022\/03\/Cantando-bajo-la-lluvia-David-Ruano13-300x182.jpg 300w, https:\/\/www.vidademadrid.com\/es\/wp-content\/uploads\/2022\/03\/Cantando-bajo-la-lluvia-David-Ruano13-1024x623.jpg 1024w, https:\/\/www.vidademadrid.com\/es\/wp-content\/uploads\/2022\/03\/Cantando-bajo-la-lluvia-David-Ruano13-768x467.jpg 768w, https:\/\/www.vidademadrid.com\/es\/wp-content\/uploads\/2022\/03\/Cantando-bajo-la-lluvia-David-Ruano13-1536x934.jpg 1536w, https:\/\/www.vidademadrid.com\/es\/wp-content\/uploads\/2022\/03\/Cantando-bajo-la-lluvia-David-Ruano13-2048x1245.jpg 2048w, https:\/\/www.vidademadrid.com\/es\/wp-content\/uploads\/2022\/03\/Cantando-bajo-la-lluvia-David-Ruano13-696x423.jpg 696w, https:\/\/www.vidademadrid.com\/es\/wp-content\/uploads\/2022\/03\/Cantando-bajo-la-lluvia-David-Ruano13-1068x649.jpg 1068w, https:\/\/www.vidademadrid.com\/es\/wp-content\/uploads\/2022\/03\/Cantando-bajo-la-lluvia-David-Ruano13-1920x1167.jpg 1920w, https:\/\/www.vidademadrid.com\/es\/wp-content\/uploads\/2022\/03\/Cantando-bajo-la-lluvia-David-Ruano13-691x420.jpg 691w\" sizes=\"auto, (max-width: 2560px) 100vw, 2560px\" \/><\/a><figcaption id=\"caption-attachment-40799\" class=\"wp-caption-text\">\u00abCantando bajo las estrellas\u00bb El Musical. Foto: prensa<\/figcaption><\/figure>\n<h2>Entradas Musical \u00abCantando bajo la lluvia\u00bb<\/h2>\n<p>El musical se estrena el 30 de septiembre y estar\u00e1 disponible hasta el pr\u00f3ximo 27 de noviembre. El precio de la entrada var\u00eda seg\u00fan el sitio elegido. Hay entradas desde 23 \u20ac hasta algo m\u00e1s de 60\u20ac que podr\u00e1s comprar <a href=\"https:\/\/cantandobajolalluvia.4tickets.es\/espectaculo%20\/cantando-bajo-la-lluvia\/CLL01\">aqu\u00ed<\/a>.\u00a0Para m\u00e1s informaci\u00f3n consulta la p\u00e1gina web <a href=\"https:\/\/cantandobajolalluvia.es\/entradas-cantando-bajo-la-lluvia-madrid.html\">\u00abCantando bajo la lluvia\u00bb<\/a><\/p>\n","protected":false},"excerpt":{"rendered":"<p>Estreno en septiembre de 2022 <\/p>\n","protected":false},"author":13,"featured_media":40797,"comment_status":"open","ping_status":"open","sticky":false,"template":"","format":"standard","meta":{"footnotes":""},"categories":[111],"tags":[],"class_list":{"0":"post-40795","1":"post","2":"type-post","3":"status-publish","4":"format-standard","5":"has-post-thumbnail","7":"category-exposiciones-madrid"},"_links":{"self":[{"href":"https:\/\/www.vidademadrid.com\/es\/wp-json\/wp\/v2\/posts\/40795","targetHints":{"allow":["GET"]}}],"collection":[{"href":"https:\/\/www.vidademadrid.com\/es\/wp-json\/wp\/v2\/posts"}],"about":[{"href":"https:\/\/www.vidademadrid.com\/es\/wp-json\/wp\/v2\/types\/post"}],"author":[{"embeddable":true,"href":"https:\/\/www.vidademadrid.com\/es\/wp-json\/wp\/v2\/users\/13"}],"replies":[{"embeddable":true,"href":"https:\/\/www.vidademadrid.com\/es\/wp-json\/wp\/v2\/comments?post=40795"}],"version-history":[{"count":5,"href":"https:\/\/www.vidademadrid.com\/es\/wp-json\/wp\/v2\/posts\/40795\/revisions"}],"predecessor-version":[{"id":45206,"href":"https:\/\/www.vidademadrid.com\/es\/wp-json\/wp\/v2\/posts\/40795\/revisions\/45206"}],"wp:featuredmedia":[{"embeddable":true,"href":"https:\/\/www.vidademadrid.com\/es\/wp-json\/wp\/v2\/media\/40797"}],"wp:attachment":[{"href":"https:\/\/www.vidademadrid.com\/es\/wp-json\/wp\/v2\/media?parent=40795"}],"wp:term":[{"taxonomy":"category","embeddable":true,"href":"https:\/\/www.vidademadrid.com\/es\/wp-json\/wp\/v2\/categories?post=40795"},{"taxonomy":"post_tag","embeddable":true,"href":"https:\/\/www.vidademadrid.com\/es\/wp-json\/wp\/v2\/tags?post=40795"}],"curies":[{"name":"wp","href":"https:\/\/api.w.org\/{rel}","templated":true}]}}