{"id":40775,"date":"2022-03-16T11:45:41","date_gmt":"2022-03-16T10:45:41","guid":{"rendered":"https:\/\/www.vidademadrid.com\/es\/?p=40775"},"modified":"2022-03-16T11:58:25","modified_gmt":"2022-03-16T10:58:25","slug":"colegios-instituto-madrid-nuevo-norte-chamartin","status":"publish","type":"post","link":"https:\/\/www.vidademadrid.com\/es\/40775\/colegios-instituto-madrid-nuevo-norte-chamartin\/","title":{"rendered":"Madrid Nuevo Norte tendr\u00e1 dos colegios p\u00fablicos y un instituto"},"content":{"rendered":"<p><strong>Madrid Nuevo Norte\u00a0<\/strong>ser\u00e1 el mayor proyecto de\u00a0<strong>regeneraci\u00f3n urbana de Europa.\u00a0<\/strong>Este proyecto transformar\u00e1 el distrito de\u00a0<strong><a href=\"https:\/\/www.vidademadrid.com\/es\/36105\/madrid-nuevo-norte-transformacion-de-chamartin\/\">Chamart\u00edn<\/a>,\u00a0<\/strong>y su objetivo es que Madrid se convierta en una de las ciudades m\u00e1s sostenibles y vanguardistas de Europa. Sigue leyendo este art\u00edculo para conocer toda la informaci\u00f3n.\u00a0<\/p>\n<h2>Colegios en Madrid Nuevo Norte\u00a0<\/h2>\n<p><script async=\"\" src=\"https:\/\/pagead2.googlesyndication.com\/pagead\/js\/adsbygoogle.js\"><\/script> <ins class=\"adsbygoogle\" style=\"display: block;\" data-ad-format=\"fluid\" data-ad-layout-key=\"-7f+eo+1+2-5\" data-ad-client=\"ca-pub-7450064428034605\" data-ad-slot=\"7327027071\"><\/ins><script>(adsbygoogle = window.adsbygoogle || []).push({});<\/script><\/p>\n<p>La\u00a0<strong>Comunidad de Madrid\u00a0<\/strong>prev\u00e9 la construcci\u00f3n de\u00a0<strong>dos colegios p\u00fablicos y un instituto<\/strong> en Madrid Nuevo Norte, donde se estima que residir\u00e1n <strong>40 mil vecinos<\/strong>. La construcci\u00f3n de los\u00a0<strong>tres centros<\/strong>\u00a0supondr\u00e1 <strong>3.200 plazas\u00a0<\/strong>y costar\u00e1 39 millones de euros, de acuerdo con informaci\u00f3n de El Mundo. Su construcci\u00f3n comenzar\u00e1 en <strong>2025.\u00a0<\/strong><\/p>\n<p>Los colegios estar\u00e1n en\u00a0<strong>localizaciones pr\u00f3ximas\u00a0<\/strong>a la\u00a0<strong>zona de Malmea-San Roque-Tres Olivos\u00a0<\/strong>y ofertar\u00e1\u00a0<strong>mil plazas\u00a0<\/strong>cada uno. Por otra parte, el\u00a0<strong>instituto\u00a0<\/strong>estar\u00e1 situado cerca de la\u00a0<strong>estaci\u00f3n de Chamart\u00edn\u00a0<\/strong>y del futuro centro de negocios de Madrid Nuevo Norte; este ofertar\u00e1\u00a0<strong>1.200 plazas.\u00a0<\/strong><\/p>\n<h2>Madrid Nuevo Norte<\/h2>\n<p><script async=\"\" src=\"https:\/\/pagead2.googlesyndication.com\/pagead\/js\/adsbygoogle.js\"><\/script> <ins class=\"adsbygoogle\" style=\"display: block; text-align: center;\" data-ad-layout=\"in-article\" data-ad-format=\"fluid\" data-ad-client=\"ca-pub-7450064428034605\" data-ad-slot=\"5670045061\"><\/ins> <script>(adsbygoogle = window.adsbygoogle || []).push({});<\/script><\/p>\n<p>El proyecto de\u00a0<strong>Madrid Nuevo Norte\u00a0<\/strong>supondr\u00e1 una renovaci\u00f3n del\u00a0<strong>distrito de Chamart\u00edn.\u00a0<\/strong>Se renovar\u00e1 por completo la\u00a0<strong>estaci\u00f3n de Chamart\u00edn\u00a0<\/strong>de Metro y se crear\u00e1 una gran <a href=\"https:\/\/www.vidademadrid.com\/es\/16675\/madrid-nuevo-norte-metro-nuevas-estaciones\/\">red de transporte<\/a> con\u00a0<strong>acceso a Cercan\u00edas, metro y autobuses.<\/strong>\u00a0<\/p>\n<p>En este espacio habr\u00e1 viviendas, oficinas, locales comerciales, equipamientos p\u00fablicos y zonas verdes. Sus promotores aseguran que <strong>Madrid Nuevo Norte\u00a0<\/strong>generar\u00e1 puestos de trabajo y crear\u00e1 un modelo sostenible de movilidad y ciudad.\u00a0<\/p>\n\n\n<p><\/p>\n","protected":false},"excerpt":{"rendered":"<p>Empezar\u00e1n a construirse en 2025 <\/p>\n","protected":false},"author":15,"featured_media":40776,"comment_status":"open","ping_status":"open","sticky":false,"template":"","format":"standard","meta":{"footnotes":""},"categories":[12],"tags":[],"class_list":{"0":"post-40775","1":"post","2":"type-post","3":"status-publish","4":"format-standard","5":"has-post-thumbnail","7":"category-actualidad-noticias-madrid"},"_links":{"self":[{"href":"https:\/\/www.vidademadrid.com\/es\/wp-json\/wp\/v2\/posts\/40775","targetHints":{"allow":["GET"]}}],"collection":[{"href":"https:\/\/www.vidademadrid.com\/es\/wp-json\/wp\/v2\/posts"}],"about":[{"href":"https:\/\/www.vidademadrid.com\/es\/wp-json\/wp\/v2\/types\/post"}],"author":[{"embeddable":true,"href":"https:\/\/www.vidademadrid.com\/es\/wp-json\/wp\/v2\/users\/15"}],"replies":[{"embeddable":true,"href":"https:\/\/www.vidademadrid.com\/es\/wp-json\/wp\/v2\/comments?post=40775"}],"version-history":[{"count":3,"href":"https:\/\/www.vidademadrid.com\/es\/wp-json\/wp\/v2\/posts\/40775\/revisions"}],"predecessor-version":[{"id":40783,"href":"https:\/\/www.vidademadrid.com\/es\/wp-json\/wp\/v2\/posts\/40775\/revisions\/40783"}],"wp:featuredmedia":[{"embeddable":true,"href":"https:\/\/www.vidademadrid.com\/es\/wp-json\/wp\/v2\/media\/40776"}],"wp:attachment":[{"href":"https:\/\/www.vidademadrid.com\/es\/wp-json\/wp\/v2\/media?parent=40775"}],"wp:term":[{"taxonomy":"category","embeddable":true,"href":"https:\/\/www.vidademadrid.com\/es\/wp-json\/wp\/v2\/categories?post=40775"},{"taxonomy":"post_tag","embeddable":true,"href":"https:\/\/www.vidademadrid.com\/es\/wp-json\/wp\/v2\/tags?post=40775"}],"curies":[{"name":"wp","href":"https:\/\/api.w.org\/{rel}","templated":true}]}}