{"id":40772,"date":"2022-03-16T10:56:52","date_gmt":"2022-03-16T09:56:52","guid":{"rendered":"https:\/\/www.vidademadrid.com\/es\/?p=40772"},"modified":"2022-03-16T11:31:59","modified_gmt":"2022-03-16T10:31:59","slug":"reformas-centro-comercial-parque-corredor-nuevas-tiendas-torrejon-de-ardoz","status":"publish","type":"post","link":"https:\/\/www.vidademadrid.com\/es\/40772\/reformas-centro-comercial-parque-corredor-nuevas-tiendas-torrejon-de-ardoz\/","title":{"rendered":"Centro comercial Parque Corredor: reforma de la zona de ocio y 20 nuevas tiendas"},"content":{"rendered":"<p>La&nbsp;<strong>nueva fase de la reforma&nbsp;<\/strong>del centro comercial&nbsp;<strong>Parque Corredor <\/strong>en Torrej\u00f3n de Ardoz comenzar\u00e1 durante los pr\u00f3ximos meses. Esta es la segunda parte de la reforma, que termin\u00f3 su primera fase en 2021 y se centr\u00f3 en el dise\u00f1o interior y exterior del centro comercial. Sigue leyendo para conocer toda la informaci\u00f3n.&nbsp;<\/p>\n<h2>Reformas en Parque Corredor&nbsp;<\/h2>\n<p><script async=\"\" src=\"https:\/\/pagead2.googlesyndication.com\/pagead\/js\/adsbygoogle.js\"><\/script> <ins class=\"adsbygoogle\" style=\"display:block\" data-ad-format=\"fluid\" data-ad-layout-key=\"-7f+eo+1+2-5\" data-ad-client=\"ca-pub-7450064428034605\" data-ad-slot=\"7327027071\"><\/ins><script>(adsbygoogle = window.adsbygoogle || []).push({});<\/script>La primera fase del centro comercial&nbsp;<strong>Parque Corredor, <\/strong>ubicado en Torrej\u00f3n de Ardoz, se centr\u00f3 en la reforma integral de sus instalaciones. De acuerdo con <a href=\"https:\/\/www.miracorredor.tv\/el-centro-comercial-parque-corredor-de-torrejon-prepara-la-segunda-fase-de-su-reforma\/\">MiraCorredor<\/a>, la&nbsp;<strong>fachada exterior&nbsp;<\/strong>ha experimentado una gran remodelaci\u00f3n. Se han renovado los&nbsp;<strong>tres accesos,&nbsp;<\/strong>tambi\u00e9n se han ensanchado y reasfaltado m\u00e1s de 3 mil&nbsp;<strong>plazas de parking.&nbsp;<\/strong>En las&nbsp;<strong>zonas interiores&nbsp;<\/strong>se ampliaron los pasillos y la altura de los techos, tambi\u00e9n se realizo una redistribuci\u00f3n de los locales.&nbsp;<\/p>\n<p>La nueva fase se centrar\u00e1 en la zona de restauraci\u00f3n y ocio, y las salas de cine Yelmo tambi\u00e9n se ver\u00e1n afectadas. De acuerdo con MiraCorredor, este complejo de cines se transformar\u00e1 bajo el formato&nbsp;<strong>premium,&nbsp;<\/strong>con butacas m\u00e1s anchas y reclinables as\u00ed como servicio de gastronom\u00eda.&nbsp;<\/p>\n<h2>Nuevas tiendas en Parque Corredor&nbsp;<\/h2>\n<p><script async=\"\" src=\"https:\/\/pagead2.googlesyndication.com\/pagead\/js\/adsbygoogle.js\"><\/script> <ins class=\"adsbygoogle\" style=\"display:block; text-align:center;\" data-ad-layout=\"in-article\" data-ad-format=\"fluid\" data-ad-client=\"ca-pub-7450064428034605\" data-ad-slot=\"5670045061\"><\/ins> <script>(adsbygoogle = window.adsbygoogle || []).push({});<\/script>Junto a las reformas, el centro comercial sigue incorporando marcas. Este mes abrir\u00e1n Solvisi\u00f3n, Hubside y Megacalzado y en abril se prev\u00e9 que abran las tiendas de Rituals, Pepco y Aromas Artesanales. En mayo abrir\u00e1n una tienda de Levis, Calzedonia y Rodilla.&nbsp;<\/p>\n<p>Estas pr\u00f3ximas aperturas son ya un total de&nbsp;<strong>20 las nuevas tiendas&nbsp;<\/strong>que se incorporan a Parque Corredor, y se suman a Zara, Bershka, Harry, The Body Shop, y otras.&nbsp;<\/p>\n","protected":false},"excerpt":{"rendered":"<p>El centro en Torrej\u00f3n sigue incorporando marcas y continua su gran remodelaci\u00f3n <\/p>\n","protected":false},"author":15,"featured_media":40773,"comment_status":"open","ping_status":"open","sticky":false,"template":"","format":"standard","meta":{"footnotes":""},"categories":[27],"tags":[],"class_list":{"0":"post-40772","1":"post","2":"type-post","3":"status-publish","4":"format-standard","5":"has-post-thumbnail","7":"category-tiendas-madrid"},"_links":{"self":[{"href":"https:\/\/www.vidademadrid.com\/es\/wp-json\/wp\/v2\/posts\/40772","targetHints":{"allow":["GET"]}}],"collection":[{"href":"https:\/\/www.vidademadrid.com\/es\/wp-json\/wp\/v2\/posts"}],"about":[{"href":"https:\/\/www.vidademadrid.com\/es\/wp-json\/wp\/v2\/types\/post"}],"author":[{"embeddable":true,"href":"https:\/\/www.vidademadrid.com\/es\/wp-json\/wp\/v2\/users\/15"}],"replies":[{"embeddable":true,"href":"https:\/\/www.vidademadrid.com\/es\/wp-json\/wp\/v2\/comments?post=40772"}],"version-history":[{"count":3,"href":"https:\/\/www.vidademadrid.com\/es\/wp-json\/wp\/v2\/posts\/40772\/revisions"}],"predecessor-version":[{"id":40779,"href":"https:\/\/www.vidademadrid.com\/es\/wp-json\/wp\/v2\/posts\/40772\/revisions\/40779"}],"wp:featuredmedia":[{"embeddable":true,"href":"https:\/\/www.vidademadrid.com\/es\/wp-json\/wp\/v2\/media\/40773"}],"wp:attachment":[{"href":"https:\/\/www.vidademadrid.com\/es\/wp-json\/wp\/v2\/media?parent=40772"}],"wp:term":[{"taxonomy":"category","embeddable":true,"href":"https:\/\/www.vidademadrid.com\/es\/wp-json\/wp\/v2\/categories?post=40772"},{"taxonomy":"post_tag","embeddable":true,"href":"https:\/\/www.vidademadrid.com\/es\/wp-json\/wp\/v2\/tags?post=40772"}],"curies":[{"name":"wp","href":"https:\/\/api.w.org\/{rel}","templated":true}]}}