{"id":40693,"date":"2022-03-14T11:16:05","date_gmt":"2022-03-14T10:16:05","guid":{"rendered":"https:\/\/www.vidademadrid.com\/es\/?p=40693"},"modified":"2022-03-14T11:16:14","modified_gmt":"2022-03-14T10:16:14","slug":"lluvias-madrid-borrasca-celia-inundaciones-alerta-amarilla","status":"publish","type":"post","link":"https:\/\/www.vidademadrid.com\/es\/40693\/lluvias-madrid-borrasca-celia-inundaciones-alerta-amarilla\/","title":{"rendered":"Alerta amarilla en Madrid por lluvias"},"content":{"rendered":"<p>Esta semana en Madrid estar\u00e1 llena de&nbsp;<strong>lluvias.&nbsp;<\/strong>De acuerdo con la informaci\u00f3n de AEMET <strong>no dejar\u00e1 de llover hasta, al menos, el&nbsp;viernes.&nbsp;<\/strong>Se ha activado la alerta amarilla por lluvias en Madrid, sobre todo en la sierra de Gredos. Sigue leyendo este art\u00edculo para conocer toda la informaci\u00f3n.&nbsp;<\/p>\n<h2>Semana de lluvias en Madrid&nbsp;<\/h2>\n\n<script async=\"\" src=\"https:\/\/pagead2.googlesyndication.com\/pagead\/js\/adsbygoogle.js\"><\/script> <ins class=\"adsbygoogle\" style=\"display:block\" data-ad-format=\"fluid\" data-ad-layout-key=\"-7f+eo+1+2-5\" data-ad-client=\"ca-pub-7450064428034605\" data-ad-slot=\"7327027071\"><\/ins><script>(adsbygoogle = window.adsbygoogle || []).push({});<\/script>\n\n<p>La&nbsp;<strong>Comunidad de Madrid&nbsp;<\/strong>tiene alerta amarilla por lluvias, que recoger\u00e1 40 litros en 12 horas, sobre todo en la sierra de Gredos, en el Sistema central de \u00c1vila y Segovia y en la sierra madrile\u00f1a.&nbsp;<\/p>\n<p>La&nbsp;<strong>borrasca Celia,&nbsp;<\/strong>ha provocado la activaci\u00f3n en 11 comunidades por fuertes rachas de viento y lluvias. La lluvia no parar\u00e1 en Madrid y toda la regi\u00f3n hasta, practicamente, el viernes.&nbsp;<\/p>\n<h2>Activaci\u00f3n del plan de emergencias por inundaciones<\/h2>\n\n<script async=\"\" src=\"https:\/\/pagead2.googlesyndication.com\/pagead\/js\/adsbygoogle.js\"><\/script> <ins class=\"adsbygoogle\" style=\"display:block; text-align:center;\" data-ad-layout=\"in-article\" data-ad-format=\"fluid\" data-ad-client=\"ca-pub-7450064428034605\" data-ad-slot=\"5670045061\"><\/ins> <script>(adsbygoogle = window.adsbygoogle || []).push({});<\/script>\n\n<p>El servicio de&nbsp;<strong>Emergencias 112 de Madrid&nbsp;<\/strong>ha activado el&nbsp;<strong>Plan de Inclemencias Invernales&nbsp;<\/strong>de la regi\u00f3n por la previsi\u00f3n de nieve en la Sierra. As\u00ed, la&nbsp;<strong>AEMET&nbsp;<\/strong>prev\u00e9 nevadas y lluvias moderadas en la sierra madrile\u00f1a.<\/p>\n<p>Entre las recomendaciones del servicio de&nbsp;<strong>Emergencias 112 de Madrid&nbsp;<\/strong>est\u00e1 el comprobar el estado de desag\u00fces, bajantes o sumideros por el riesgo de inundaciones que pueden provocar el arrastre de hojas o ramas.&nbsp;<\/p>\n<p>&nbsp;<\/p>\n\n\n<figure class=\"wp-block-embed is-type-rich is-provider-twitter wp-block-embed-twitter\"><div class=\"wp-block-embed__wrapper\">\n<blockquote class=\"twitter-tweet\" data-width=\"550\" data-dnt=\"true\"><p lang=\"es\" dir=\"ltr\">? <a href=\"https:\/\/twitter.com\/hashtag\/Madrid112?src=hash&amp;ref_src=twsrc%5Etfw\">#Madrid112<\/a> activa el Plan Especial ante Inundaciones <a href=\"https:\/\/twitter.com\/hashtag\/INUNCAM?src=hash&amp;ref_src=twsrc%5Etfw\">#INUNCAM<\/a> en nivel de preemergencia.<br><br>\u27a2 Las lluvias moderadas en la <a href=\"https:\/\/twitter.com\/hashtag\/sierra?src=hash&amp;ref_src=twsrc%5Etfw\">#sierra<\/a> y el posible deshielo en algunas zonas puede ocasionar aumento de caudales en cauces, especialmente en la cabecera del Valle del <a href=\"https:\/\/twitter.com\/hashtag\/Lozoya?src=hash&amp;ref_src=twsrc%5Etfw\">#Lozoya<\/a>.<a href=\"https:\/\/twitter.com\/hashtag\/ASEM112?src=hash&amp;ref_src=twsrc%5Etfw\">#ASEM112<\/a> <a href=\"https:\/\/t.co\/2WNHOBLJDV\">pic.twitter.com\/2WNHOBLJDV<\/a><\/p>&mdash; 112 Comunidad de Madrid (@112cmadrid) <a href=\"https:\/\/twitter.com\/112cmadrid\/status\/1503023927446097927?ref_src=twsrc%5Etfw\">March 13, 2022<\/a><\/blockquote><script async src=\"https:\/\/platform.twitter.com\/widgets.js\" charset=\"utf-8\"><\/script>\n<\/div><\/figure>\n","protected":false},"excerpt":{"rendered":"<p>No dejar\u00e1 de llover hasta el viernes <\/p>\n","protected":false},"author":15,"featured_media":40694,"comment_status":"open","ping_status":"open","sticky":false,"template":"","format":"standard","meta":{"footnotes":""},"categories":[12],"tags":[],"class_list":{"0":"post-40693","1":"post","2":"type-post","3":"status-publish","4":"format-standard","5":"has-post-thumbnail","7":"category-actualidad-noticias-madrid"},"_links":{"self":[{"href":"https:\/\/www.vidademadrid.com\/es\/wp-json\/wp\/v2\/posts\/40693","targetHints":{"allow":["GET"]}}],"collection":[{"href":"https:\/\/www.vidademadrid.com\/es\/wp-json\/wp\/v2\/posts"}],"about":[{"href":"https:\/\/www.vidademadrid.com\/es\/wp-json\/wp\/v2\/types\/post"}],"author":[{"embeddable":true,"href":"https:\/\/www.vidademadrid.com\/es\/wp-json\/wp\/v2\/users\/15"}],"replies":[{"embeddable":true,"href":"https:\/\/www.vidademadrid.com\/es\/wp-json\/wp\/v2\/comments?post=40693"}],"version-history":[{"count":2,"href":"https:\/\/www.vidademadrid.com\/es\/wp-json\/wp\/v2\/posts\/40693\/revisions"}],"predecessor-version":[{"id":40696,"href":"https:\/\/www.vidademadrid.com\/es\/wp-json\/wp\/v2\/posts\/40693\/revisions\/40696"}],"wp:featuredmedia":[{"embeddable":true,"href":"https:\/\/www.vidademadrid.com\/es\/wp-json\/wp\/v2\/media\/40694"}],"wp:attachment":[{"href":"https:\/\/www.vidademadrid.com\/es\/wp-json\/wp\/v2\/media?parent=40693"}],"wp:term":[{"taxonomy":"category","embeddable":true,"href":"https:\/\/www.vidademadrid.com\/es\/wp-json\/wp\/v2\/categories?post=40693"},{"taxonomy":"post_tag","embeddable":true,"href":"https:\/\/www.vidademadrid.com\/es\/wp-json\/wp\/v2\/tags?post=40693"}],"curies":[{"name":"wp","href":"https:\/\/api.w.org\/{rel}","templated":true}]}}