{"id":40690,"date":"2022-03-14T10:47:51","date_gmt":"2022-03-14T09:47:51","guid":{"rendered":"https:\/\/www.vidademadrid.com\/es\/?p=40690"},"modified":"2022-03-14T10:47:55","modified_gmt":"2022-03-14T09:47:55","slug":"the-rolling-stones-concierto-madrid-entradas-preventa-2022","status":"publish","type":"post","link":"https:\/\/www.vidademadrid.com\/es\/40690\/the-rolling-stones-concierto-madrid-entradas-preventa-2022\/","title":{"rendered":"The Rolling Stones anuncian concierto en Madrid"},"content":{"rendered":"<p><strong>The Rolling Stones&nbsp;<\/strong>han anunciado un concierto de su nueva gira en Madrid. El anuncio se ha dado a trav\u00e9s de sus redes sociales en los que aparec\u00eda el logo del grupo en varias ciudades de Europa.&nbsp;Conoce toda la informaci\u00f3n este art\u00edculo.&nbsp;<\/p>\n<h2>The Rolling Stones en Madrid&nbsp;<\/h2>\n\n<script async=\"\" src=\"https:\/\/pagead2.googlesyndication.com\/pagead\/js\/adsbygoogle.js\"><\/script> <ins class=\"adsbygoogle\" style=\"display:block\" data-ad-format=\"fluid\" data-ad-layout-key=\"-7f+eo+1+2-5\" data-ad-client=\"ca-pub-7450064428034605\" data-ad-slot=\"7327027071\"><\/ins><script>(adsbygoogle = window.adsbygoogle || []).push({});<\/script>\n\n<p>Su gira por Europa ser\u00e1 por diez pa\u00edses de Europa para este verano y se titula &#8216;<strong>SIXTY&#8217;&nbsp;<\/strong>para celebrar los 60 a\u00f1os del grupo. El concierto en <strong>Madrid&nbsp;<\/strong>ser\u00e1 el <strong>1 de junio <\/strong>y el primero de catorce conciertos en el continente. Este show ser\u00e1 en el&nbsp;<strong>Wanda Metropolitano.&nbsp;<\/strong><\/p>\n<p>Esta gira ser\u00e1 la primera vez que actuar\u00e1n sin&nbsp;<strong>Charlie Watts,&nbsp;<\/strong>su baterista, que falleci\u00f3 el 24 de agosto de 2021. Su sustituto ser\u00e1&nbsp;<strong>Steve Jordan,<\/strong> que tambi\u00e9n ha participado en la gira de <strong>The <\/strong><strong>Rolling Stones <\/strong>en Estados Unidos.<\/p>\n<p>Han pasado&nbsp;<strong>ocho a\u00f1os&nbsp;<\/strong>despu\u00e9s su \u00faltimo concierto en Madrid, cuando actuaron en el Santiago Bernab\u00e9u.&nbsp;<\/p>\n<h2>Preventa para The Rolling Stones&nbsp;<\/h2>\n\n<script async=\"\" src=\"https:\/\/pagead2.googlesyndication.com\/pagead\/js\/adsbygoogle.js\"><\/script> <ins class=\"adsbygoogle\" style=\"display:block; text-align:center;\" data-ad-layout=\"in-article\" data-ad-format=\"fluid\" data-ad-client=\"ca-pub-7450064428034605\" data-ad-slot=\"5670045061\"><\/ins> <script>(adsbygoogle = window.adsbygoogle || []).push({});<\/script>\n\n<p>La&nbsp;<strong>preventa&nbsp;<\/strong><strong>Doctor Music,&nbsp;<\/strong>para usuarios registrados, ser\u00e1 el&nbsp;<strong>mi\u00e9rcoles 16 de marzo a las 12 horas hasta las 22 horas del 17 de marzo.&nbsp;<\/strong>Para adquirir entradas en esta preventa te puedes suscribir en su <a href=\"http:\/\/www.doctormusic.com\">web<\/a> antes de las <strong>19 horas del 15 de marzo.&nbsp;<\/strong><\/p>\n<p>La preventa de&nbsp;<strong><a href=\"http:\/\/www.livenation.es\">LiveNation<\/a>&nbsp;<\/strong>comenzar\u00e1 el&nbsp;<strong>16 de marzo a las 12 horas y durar\u00e1 hasta el 17 de marzo a las 12 horas.&nbsp;<\/strong><\/p>\n<p>Es importante recordar que el acceso a la preventa no garantiza la compra de entradas. Las entradas de&nbsp;<strong>preventa son limitadas.&nbsp;<\/strong><\/p>\n<h2>Entradas para The Rolling Stones<\/h2>\n<p>Las entradas para el concierto del&nbsp;<strong>1 de junio&nbsp;<\/strong>se podr\u00e1n adquirir a partir de las&nbsp;<strong>10 horas del viernes 18 de marzo,&nbsp;<\/strong>a trav\u00e9s de <a href=\"http:\/\/www.doctormusic.com\">doctormusic<\/a>, <a href=\"http:\/\/www.entradas.com\">entradas.com<\/a>, <a href=\"http:\/\/www.ticketmaster.es\">ticketmaster<\/a>, <a href=\"http:\/\/www.lasttour.org\">lasttour<\/a> y <a href=\"http:\/\/www.livenation.es\">livenation<\/a>.&nbsp;<\/p>\n<p>El&nbsp;<strong>precio de las entradas&nbsp;<\/strong>va desde los&nbsp;<strong>50 euros a los 280 euros&nbsp;<\/strong>(los gastos de distribuci\u00f3n no est\u00e1n incluidos)&nbsp;<\/p>\n\n\n<p><\/p>\n","protected":false},"excerpt":{"rendered":"<p>Han pasado 8 a\u00f1os desde su \u00faltimo show en la ciudad<\/p>\n","protected":false},"author":15,"featured_media":40691,"comment_status":"open","ping_status":"open","sticky":false,"template":"","format":"standard","meta":{"footnotes":""},"categories":[111,119],"tags":[],"class_list":{"0":"post-40690","1":"post","2":"type-post","3":"status-publish","4":"format-standard","5":"has-post-thumbnail","7":"category-exposiciones-madrid","8":"category-portada"},"_links":{"self":[{"href":"https:\/\/www.vidademadrid.com\/es\/wp-json\/wp\/v2\/posts\/40690","targetHints":{"allow":["GET"]}}],"collection":[{"href":"https:\/\/www.vidademadrid.com\/es\/wp-json\/wp\/v2\/posts"}],"about":[{"href":"https:\/\/www.vidademadrid.com\/es\/wp-json\/wp\/v2\/types\/post"}],"author":[{"embeddable":true,"href":"https:\/\/www.vidademadrid.com\/es\/wp-json\/wp\/v2\/users\/15"}],"replies":[{"embeddable":true,"href":"https:\/\/www.vidademadrid.com\/es\/wp-json\/wp\/v2\/comments?post=40690"}],"version-history":[{"count":1,"href":"https:\/\/www.vidademadrid.com\/es\/wp-json\/wp\/v2\/posts\/40690\/revisions"}],"predecessor-version":[{"id":40692,"href":"https:\/\/www.vidademadrid.com\/es\/wp-json\/wp\/v2\/posts\/40690\/revisions\/40692"}],"wp:featuredmedia":[{"embeddable":true,"href":"https:\/\/www.vidademadrid.com\/es\/wp-json\/wp\/v2\/media\/40691"}],"wp:attachment":[{"href":"https:\/\/www.vidademadrid.com\/es\/wp-json\/wp\/v2\/media?parent=40690"}],"wp:term":[{"taxonomy":"category","embeddable":true,"href":"https:\/\/www.vidademadrid.com\/es\/wp-json\/wp\/v2\/categories?post=40690"},{"taxonomy":"post_tag","embeddable":true,"href":"https:\/\/www.vidademadrid.com\/es\/wp-json\/wp\/v2\/tags?post=40690"}],"curies":[{"name":"wp","href":"https:\/\/api.w.org\/{rel}","templated":true}]}}