{"id":40643,"date":"2022-03-10T20:34:24","date_gmt":"2022-03-10T19:34:24","guid":{"rendered":"https:\/\/www.vidademadrid.com\/es\/?p=40643"},"modified":"2022-03-11T10:16:26","modified_gmt":"2022-03-11T09:16:26","slug":"estatua-camaron-de-la-isla-el-rastro","status":"publish","type":"post","link":"https:\/\/www.vidademadrid.com\/es\/40643\/estatua-camaron-de-la-isla-el-rastro\/","title":{"rendered":"Madrid tendr\u00e1 una estatua de Camar\u00f3n de la Isla"},"content":{"rendered":"<p>La Junta Municipal de Madrid ha aprobado la colocaci\u00f3n de un <strong>monumento de Camar\u00f3n de la Isla en el centro de Madrid<\/strong>. Una propuesta que conmemora el paso del cantante por la ciudad. Sigue leyendo y descubre d\u00f3nde podr\u00e1s encontrarla. &nbsp;<\/p>\n<h2>Nueva estatua de Camar\u00f3n de la Isla en el Rastro<\/h2><script async=\"\" src=\"https:\/\/pagead2.googlesyndication.com\/pagead\/js\/adsbygoogle.js\"><\/script> <ins class=\"adsbygoogle\" style=\"display:block\" data-ad-format=\"fluid\" data-ad-layout-key=\"-7f+eo+1+2-5\" data-ad-client=\"ca-pub-7450064428034605\" data-ad-slot=\"7327027071\"><\/ins><script>(adsbygoogle = window.adsbygoogle || []).push({});<\/script>\n\n<p>Jos\u00e9 Monje Cruz, m\u00e1s conocido como <strong>Camar\u00f3n de la Isla<\/strong>, tendr\u00e1 una <strong>estatua en la zona centro<\/strong>, concretamente en la <strong>plaza General Vara el Rey<\/strong>, donde est\u00e1 ubicado El Rastro. Una iniciativa que ha sido aprobada con el fin de recordar el paso del cantante de flamenco contempor\u00e1neo por el distrito Centro. Como han declarado desde M\u00e1s Madrid, promotores de la iniciativa, \u00abse trata tambi\u00e9n de una forma de recordar y reconocer la memoria de toda la comunidad gitana que ha vivido y sigue viviendo en nuestra ciudad\u00bb.&nbsp;<\/p>\n<h2>\u00bfCu\u00e1ndo estar\u00e1 la estatua de Camar\u00f3n de la Isla?&nbsp;<\/h2><script async=\"\" src=\"https:\/\/pagead2.googlesyndication.com\/pagead\/js\/adsbygoogle.js\"><\/script> <ins class=\"adsbygoogle\" style=\"display:block; text-align:center;\" data-ad-layout=\"in-article\" data-ad-format=\"fluid\" data-ad-client=\"ca-pub-7450064428034605\" data-ad-slot=\"5670045061\"><\/ins> <script>(adsbygoogle = window.adsbygoogle || []).push({});<\/script>\n\n\n<p>A\u00fan desconocemos el d\u00eda exacto en el que te chocar\u00e1s con la estatua del artista por la zona del Rastro. Pero lo que est\u00e1 claro es que<strong> este monumento llegar\u00e1 justo para celebrar el 30 aniversario de la muerte de esta gran leyenda el pr\u00f3ximo 2 de julio<\/strong>. Estaremos pendientes y te iremos informando a trav\u00e9s de nuestro perfil de IG <a href=\"https:\/\/www.vidademadrid.com\/es\/\">@vidademadrid<\/a>.<\/p>\n\n\n<p><\/p>\n","protected":false},"excerpt":{"rendered":"<p>Aprobada la colocaci\u00f3n de un monumento que homenajea el paso por la ciudad del cantante<\/p>\n","protected":false},"author":13,"featured_media":40644,"comment_status":"open","ping_status":"open","sticky":false,"template":"","format":"standard","meta":{"footnotes":""},"categories":[12],"tags":[],"class_list":{"0":"post-40643","1":"post","2":"type-post","3":"status-publish","4":"format-standard","5":"has-post-thumbnail","7":"category-actualidad-noticias-madrid"},"_links":{"self":[{"href":"https:\/\/www.vidademadrid.com\/es\/wp-json\/wp\/v2\/posts\/40643","targetHints":{"allow":["GET"]}}],"collection":[{"href":"https:\/\/www.vidademadrid.com\/es\/wp-json\/wp\/v2\/posts"}],"about":[{"href":"https:\/\/www.vidademadrid.com\/es\/wp-json\/wp\/v2\/types\/post"}],"author":[{"embeddable":true,"href":"https:\/\/www.vidademadrid.com\/es\/wp-json\/wp\/v2\/users\/13"}],"replies":[{"embeddable":true,"href":"https:\/\/www.vidademadrid.com\/es\/wp-json\/wp\/v2\/comments?post=40643"}],"version-history":[{"count":3,"href":"https:\/\/www.vidademadrid.com\/es\/wp-json\/wp\/v2\/posts\/40643\/revisions"}],"predecessor-version":[{"id":40651,"href":"https:\/\/www.vidademadrid.com\/es\/wp-json\/wp\/v2\/posts\/40643\/revisions\/40651"}],"wp:featuredmedia":[{"embeddable":true,"href":"https:\/\/www.vidademadrid.com\/es\/wp-json\/wp\/v2\/media\/40644"}],"wp:attachment":[{"href":"https:\/\/www.vidademadrid.com\/es\/wp-json\/wp\/v2\/media?parent=40643"}],"wp:term":[{"taxonomy":"category","embeddable":true,"href":"https:\/\/www.vidademadrid.com\/es\/wp-json\/wp\/v2\/categories?post=40643"},{"taxonomy":"post_tag","embeddable":true,"href":"https:\/\/www.vidademadrid.com\/es\/wp-json\/wp\/v2\/tags?post=40643"}],"curies":[{"name":"wp","href":"https:\/\/api.w.org\/{rel}","templated":true}]}}