{"id":40572,"date":"2022-03-08T10:37:53","date_gmt":"2022-03-08T09:37:53","guid":{"rendered":"https:\/\/www.vidademadrid.com\/es\/?p=40572"},"modified":"2022-03-08T11:13:31","modified_gmt":"2022-03-08T10:13:31","slug":"8m-madrid-manifestacion-horario-recorrido-cortes-trafico-2022","status":"publish","type":"post","link":"https:\/\/www.vidademadrid.com\/es\/40572\/8m-madrid-manifestacion-horario-recorrido-cortes-trafico-2022\/","title":{"rendered":"Manifestaciones por el 8M: horarios y recorridos"},"content":{"rendered":"<p>Este a\u00f1o vuelven las&nbsp;<strong>manifestaciones feministas por el 8M&nbsp;<\/strong>a Madrid despu\u00e9s de que en 2021 se hayan suspendido debido a la pandemia del coronavirus. Se han convocado dos marchas en el centro de Madrid. Conoce aqu\u00ed toda la informaci\u00f3n sobre las marchas y los cortes de tr\u00e1fico.&nbsp;<\/p>\n<h2>8M en Madrid&nbsp;<\/h2>\n\n<script async=\"\" src=\"https:\/\/pagead2.googlesyndication.com\/pagead\/js\/adsbygoogle.js\"><\/script> <ins class=\"adsbygoogle\" style=\"display:block\" data-ad-format=\"fluid\" data-ad-layout-key=\"-7f+eo+1+2-5\" data-ad-client=\"ca-pub-7450064428034605\" data-ad-slot=\"7327027071\"><\/ins><script>(adsbygoogle = window.adsbygoogle || []).push({});<\/script>\n\n\n<p>Una de las manifestaciones ha sido convocada por&nbsp;la&nbsp;<strong>Comisi\u00f3n 8M Madrid&nbsp;<\/strong>bajo el lema <strong>\u00abderecho para todas, todos los d\u00edas\u00bb.&nbsp;<\/strong>La cita es en <strong>Atocha<\/strong> a las <strong>19 horas <\/strong>y terminar\u00e1 en&nbsp;<strong>Col\u00f3n,&nbsp;<\/strong>recorriendo el Paseo del Prado y Paseo de Recoletos.&nbsp;<\/p>\n<p>La segunda manifestaci\u00f3n es convocada por el&nbsp;<strong>Movimiento Feminista de Madrid&nbsp;<\/strong>bajo el eslogan&nbsp;<strong>\u00abel feminismo es abolicionista\u00bb, <\/strong>pidiendo la abolici\u00f3n de la prostituci\u00f3n, la pornograf\u00eda, la ley trans y la prohibici\u00f3n de la gestaci\u00f3n subrogada. Esta marcha comenzar\u00e1 a&nbsp;las<strong> 19 horas&nbsp;<\/strong>en la intersecci\u00f3n de la&nbsp;<strong>Calle Alcal\u00e1 y Gran V\u00eda&nbsp;<\/strong>para terminar en&nbsp;<strong>Plaza de Espa\u00f1a.&nbsp;<\/strong><\/p>\n<h2>Cortes de tr\u00e1fico&nbsp;<\/h2>\n\n<script async=\"\" src=\"https:\/\/pagead2.googlesyndication.com\/pagead\/js\/adsbygoogle.js\"><\/script> <ins class=\"adsbygoogle\" style=\"display:block; text-align:center;\" data-ad-layout=\"in-article\" data-ad-format=\"fluid\" data-ad-client=\"ca-pub-7450064428034605\" data-ad-slot=\"5670045061\"><\/ins> <script>(adsbygoogle = window.adsbygoogle || []).push({});<\/script>\n\n<p>El&nbsp;<strong>Ayuntamiento de Madrid&nbsp;<\/strong>ha anunciado las restricciones en este 8M. De las&nbsp;<strong>11 a 14:30 horas&nbsp;<\/strong>se prev\u00e9n cortes en la&nbsp;<strong>Plaza de Cibeles.&nbsp;<\/strong>Tambi\u00e9n, a partir de las&nbsp;<strong>12 horas y hasta las 14:30&nbsp;<\/strong>se prev\u00e9n incidencias de tr\u00e1nsito en la&nbsp;<strong>calle Alcal\u00e1, Paseo del Prado y Plaza de C\u00e1novas del Castillo.&nbsp;<\/strong><\/p>\n<p>Por la tarde, se prev\u00e9n desde las&nbsp;<strong>17:30 a 18:45 horas&nbsp;<\/strong>incidencias en la&nbsp;<strong>avenida de la Albufera, avenida de Barcelona, Paseo de la Infanta Isabel y Plaza del Emperador Carlos V.&nbsp;<\/strong><\/p>\n<p>As\u00ed mismo, de las&nbsp;<strong>17:30 a las 23 horas&nbsp;<\/strong>habr\u00e1 cortes de tr\u00e1fico en el&nbsp;<strong>Paseo del Prado, la Plaza de Cibeles, Paseo de Recoletos y Plaza de Col\u00f3n.&nbsp;<\/strong>Por \u00faltimo, a partir de las&nbsp;<strong>18 horas y hasta las 22&nbsp;<\/strong>se prev\u00e9n cortes de tr\u00e1fico en <strong>Gran V\u00eda y Plaza de Espa\u00f1a.&nbsp;<\/strong><\/p>\n\n\n<p><\/p>\n","protected":false},"excerpt":{"rendered":"<p>Habr\u00e1 dos manifestaciones en la ciudad <\/p>\n","protected":false},"author":15,"featured_media":40573,"comment_status":"open","ping_status":"open","sticky":false,"template":"","format":"standard","meta":{"footnotes":""},"categories":[12,119],"tags":[],"class_list":{"0":"post-40572","1":"post","2":"type-post","3":"status-publish","4":"format-standard","5":"has-post-thumbnail","7":"category-actualidad-noticias-madrid","8":"category-portada"},"_links":{"self":[{"href":"https:\/\/www.vidademadrid.com\/es\/wp-json\/wp\/v2\/posts\/40572","targetHints":{"allow":["GET"]}}],"collection":[{"href":"https:\/\/www.vidademadrid.com\/es\/wp-json\/wp\/v2\/posts"}],"about":[{"href":"https:\/\/www.vidademadrid.com\/es\/wp-json\/wp\/v2\/types\/post"}],"author":[{"embeddable":true,"href":"https:\/\/www.vidademadrid.com\/es\/wp-json\/wp\/v2\/users\/15"}],"replies":[{"embeddable":true,"href":"https:\/\/www.vidademadrid.com\/es\/wp-json\/wp\/v2\/comments?post=40572"}],"version-history":[{"count":3,"href":"https:\/\/www.vidademadrid.com\/es\/wp-json\/wp\/v2\/posts\/40572\/revisions"}],"predecessor-version":[{"id":40579,"href":"https:\/\/www.vidademadrid.com\/es\/wp-json\/wp\/v2\/posts\/40572\/revisions\/40579"}],"wp:featuredmedia":[{"embeddable":true,"href":"https:\/\/www.vidademadrid.com\/es\/wp-json\/wp\/v2\/media\/40573"}],"wp:attachment":[{"href":"https:\/\/www.vidademadrid.com\/es\/wp-json\/wp\/v2\/media?parent=40572"}],"wp:term":[{"taxonomy":"category","embeddable":true,"href":"https:\/\/www.vidademadrid.com\/es\/wp-json\/wp\/v2\/categories?post=40572"},{"taxonomy":"post_tag","embeddable":true,"href":"https:\/\/www.vidademadrid.com\/es\/wp-json\/wp\/v2\/tags?post=40572"}],"curies":[{"name":"wp","href":"https:\/\/api.w.org\/{rel}","templated":true}]}}