{"id":40518,"date":"2022-03-05T13:52:37","date_gmt":"2022-03-05T12:52:37","guid":{"rendered":"https:\/\/www.vidademadrid.com\/es\/?p=40518"},"modified":"2022-03-05T13:52:44","modified_gmt":"2022-03-05T12:52:44","slug":"la-gran-depresion-teatro-rialto-nuria-roca-antonia-san-juan","status":"publish","type":"post","link":"https:\/\/www.vidademadrid.com\/es\/40518\/la-gran-depresion-teatro-rialto-nuria-roca-antonia-san-juan\/","title":{"rendered":"Nuevas funciones de Antonia San Juan y Nuria Roca en el Teatro Rialto"},"content":{"rendered":"<p>Antonia San Juan y Nuria Roca vuelven al <strong>Teatro Rialto de Madrid<\/strong> como protagonistas de <strong>\u201cLa gran depresi\u00f3n\u201d<\/strong>. Una historia sobre dos amigas muy diferentes que se reencuentran despu\u00e9s de a\u00f1os. Aqu\u00ed toda la informaci\u00f3n de la <strong>funci\u00f3n, horario y entradas<\/strong>.<\/p>\n<h2>\u00abLa gran depresi\u00f3n\u00bb, la nueva obra del Teatro Rialto<\/h2>\n<p>2 mujeres, <strong>Antonia San Juan y Nuria Roca protagonizan \u201cLa gran depresi\u00f3n\u201d<\/strong>, una obra que cuenta la historia de 2 amigas que evocan sus vidas tras reencontrarse despu\u00e9s de dos a\u00f1os separadas.\u00a0El cineasta y director teatral F\u00e9lix Sabroso es el responsable junto a Dunia Ayaso el guion de esta obra teatral.<\/p>\n<div>\n<p>Una historia que te permitir\u00e1 conocer los entresijos entre estas dos amigas\u00a0<span lang=\"ES-TRAD\">de contrapuestos caracteres: <strong>Manuela interpretada por\u00a0<\/strong><\/span><strong>Antonia San Juan<\/strong> representa una mujer independiente y ha tenido una vida sentimental desastrosa y solitaria; y <strong>Marta interpretada por Nuria Roca<\/strong> representa a una mujer menos inteligente y de gran talento que ha gozado de una existencia m\u00e1s acomodada y f\u00e1cil.<\/p>\n<div>\n<p>Podr\u00e1s disfrutar de esta historia en el Teatro Rialto de Madrid (Calle Gran V\u00eda, 54) <strong>hasta el 9 de abril<\/strong>.<\/p>\n<h2>Horario y entradas de \u00abLa gran depresi\u00f3n\u00bb<\/h2>\n<p>Desde el 4 de marzo hasta el 9 de abril habr\u00e1 funciones todos los viernes y s\u00e1bados a las 21.30 h. Ya puedes comprar tus entradas <a href=\"https:\/\/teatromadrid.com\/espectaculo\/la-gran-depresion?funcio_id=129914\">aqu\u00ed<\/a>.<\/p>\n<\/div>\n<\/div>\n<div>\n<\/div>\n","protected":false},"excerpt":{"rendered":"<p>Hasta el 9 de abril <\/p>\n","protected":false},"author":13,"featured_media":40519,"comment_status":"open","ping_status":"open","sticky":false,"template":"","format":"standard","meta":{"footnotes":""},"categories":[111],"tags":[],"class_list":{"0":"post-40518","1":"post","2":"type-post","3":"status-publish","4":"format-standard","5":"has-post-thumbnail","7":"category-exposiciones-madrid"},"_links":{"self":[{"href":"https:\/\/www.vidademadrid.com\/es\/wp-json\/wp\/v2\/posts\/40518","targetHints":{"allow":["GET"]}}],"collection":[{"href":"https:\/\/www.vidademadrid.com\/es\/wp-json\/wp\/v2\/posts"}],"about":[{"href":"https:\/\/www.vidademadrid.com\/es\/wp-json\/wp\/v2\/types\/post"}],"author":[{"embeddable":true,"href":"https:\/\/www.vidademadrid.com\/es\/wp-json\/wp\/v2\/users\/13"}],"replies":[{"embeddable":true,"href":"https:\/\/www.vidademadrid.com\/es\/wp-json\/wp\/v2\/comments?post=40518"}],"version-history":[{"count":7,"href":"https:\/\/www.vidademadrid.com\/es\/wp-json\/wp\/v2\/posts\/40518\/revisions"}],"predecessor-version":[{"id":40531,"href":"https:\/\/www.vidademadrid.com\/es\/wp-json\/wp\/v2\/posts\/40518\/revisions\/40531"}],"wp:featuredmedia":[{"embeddable":true,"href":"https:\/\/www.vidademadrid.com\/es\/wp-json\/wp\/v2\/media\/40519"}],"wp:attachment":[{"href":"https:\/\/www.vidademadrid.com\/es\/wp-json\/wp\/v2\/media?parent=40518"}],"wp:term":[{"taxonomy":"category","embeddable":true,"href":"https:\/\/www.vidademadrid.com\/es\/wp-json\/wp\/v2\/categories?post=40518"},{"taxonomy":"post_tag","embeddable":true,"href":"https:\/\/www.vidademadrid.com\/es\/wp-json\/wp\/v2\/tags?post=40518"}],"curies":[{"name":"wp","href":"https:\/\/api.w.org\/{rel}","templated":true}]}}