{"id":40464,"date":"2022-03-03T11:46:08","date_gmt":"2022-03-03T10:46:08","guid":{"rendered":"https:\/\/www.vidademadrid.com\/es\/?p=40464"},"modified":"2022-03-03T11:46:10","modified_gmt":"2022-03-03T10:46:10","slug":"real-madrid-palacio-de-congresos-castellana-santiago-bernabeu","status":"publish","type":"post","link":"https:\/\/www.vidademadrid.com\/es\/40464\/real-madrid-palacio-de-congresos-castellana-santiago-bernabeu\/","title":{"rendered":"El Real Madrid buscar\u00e1 incorporar el Palacio de Congresos de la Castellana al nuevo Bernab\u00e9u"},"content":{"rendered":"<p>El&nbsp;<strong>Real Madrid,&nbsp;<\/strong>junto con IFEMA, est\u00e1 interesado en incorporar&nbsp;<strong>el Palacio de Congresos de la Castellana,&nbsp;<\/strong>que lleva cerrado al p\u00fablico desde 2012 al&nbsp;<strong>nuevo Bernab\u00e9u.&nbsp;<\/strong>Este edificio formar\u00eda parte de los planes de actividad del estadio. Conoce toda la informaci\u00f3n en este art\u00edculo.<\/p>\n<h2>Palacio de Congresos de la Castellana&nbsp;<\/h2>\n<p><script async=\"\" src=\"https:\/\/pagead2.googlesyndication.com\/pagead\/js\/adsbygoogle.js\"><\/script> <ins class=\"adsbygoogle\" style=\"display:block\" data-ad-format=\"fluid\" data-ad-layout-key=\"-7f+eo+1+2-5\" data-ad-client=\"ca-pub-7450064428034605\" data-ad-slot=\"7327027071\"><\/ins><script>(adsbygoogle = window.adsbygoogle || []).push({});<\/script>El&nbsp;<strong>Palacio de Congresos,<\/strong> que tiene su frente decorado por <strong>Joan Mir\u00f3, <\/strong>es propiedad estatal, del instituto oficial del turismo. De acuerdo con informaci\u00f3n de El Mundo, los interesados en hacerse con el edificio est\u00e1n esperando que se reanude el proceso tras el par\u00f3n por la pandemia.&nbsp;<\/p>\n<p>Este edificio, que fue construido en 1970, fue el centro de datos del Mundial del 82 y ha sido sede de conciertos de m\u00fasica de estrellas internacionales como&nbsp;<strong>Bruce Springsteen.&nbsp;<\/strong>En 1995 cerr\u00f3 su Pabell\u00f3n B debido a un incendio que nunca fue aclarado y fue clausurado por completo en 2012 tras la tragedia del Madrid Arena en la que cinco j\u00f3venes perdieron la vida.&nbsp;<\/p>\n<h2>Recinto del Real Madrid&nbsp;<\/h2>\n<p><script async=\"\" src=\"https:\/\/pagead2.googlesyndication.com\/pagead\/js\/adsbygoogle.js\"><\/script> <ins class=\"adsbygoogle\" style=\"display:block; text-align:center;\" data-ad-layout=\"in-article\" data-ad-format=\"fluid\" data-ad-client=\"ca-pub-7450064428034605\" data-ad-slot=\"5670045061\"><\/ins> <script>(adsbygoogle = window.adsbygoogle || []).push({});<\/script>El&nbsp;<strong>Real Madrid&nbsp;<\/strong>busca utilizar el&nbsp;<strong>Palacio de Congresos <\/strong>para planes de actividad futura del estadio, de acuerdo con informaci\u00f3n de El Mundo. Al Santiago Bernab\u00e9u, con sus nuevas obras, se le agregar\u00e1 el comercio, el ocio y hasta la organizaci\u00f3n de eventos o congresos, en los que jugar\u00eda un papel muy importante este edificio. La colaboraci\u00f3n entre el&nbsp;<strong>Real Madrid e IFEMA&nbsp;<\/strong>garantizar\u00eda la organizaci\u00f3n de eventos en dicho edificio.<\/p>\n<p>Tambi\u00e9n, al Real Madrid le interesa el parking del palacio que se agregar\u00edan a los dos aparcamientos del club cerca del estadio. Este, de acuerdo con El Mundo, tendr\u00e1 capacidad para m\u00e1s de mil quinientos veh\u00edculos.&nbsp;<\/p>\n<p>&nbsp;<\/p>\n","protected":false},"excerpt":{"rendered":"<p>Su utilizaci\u00f3n formar\u00eda parte de las actividades fuera del estadio. <\/p>\n","protected":false},"author":15,"featured_media":40465,"comment_status":"open","ping_status":"open","sticky":false,"template":"","format":"standard","meta":{"footnotes":""},"categories":[78],"tags":[],"class_list":{"0":"post-40464","1":"post","2":"type-post","3":"status-publish","4":"format-standard","5":"has-post-thumbnail","7":"category-deporte"},"_links":{"self":[{"href":"https:\/\/www.vidademadrid.com\/es\/wp-json\/wp\/v2\/posts\/40464","targetHints":{"allow":["GET"]}}],"collection":[{"href":"https:\/\/www.vidademadrid.com\/es\/wp-json\/wp\/v2\/posts"}],"about":[{"href":"https:\/\/www.vidademadrid.com\/es\/wp-json\/wp\/v2\/types\/post"}],"author":[{"embeddable":true,"href":"https:\/\/www.vidademadrid.com\/es\/wp-json\/wp\/v2\/users\/15"}],"replies":[{"embeddable":true,"href":"https:\/\/www.vidademadrid.com\/es\/wp-json\/wp\/v2\/comments?post=40464"}],"version-history":[{"count":1,"href":"https:\/\/www.vidademadrid.com\/es\/wp-json\/wp\/v2\/posts\/40464\/revisions"}],"predecessor-version":[{"id":40466,"href":"https:\/\/www.vidademadrid.com\/es\/wp-json\/wp\/v2\/posts\/40464\/revisions\/40466"}],"wp:featuredmedia":[{"embeddable":true,"href":"https:\/\/www.vidademadrid.com\/es\/wp-json\/wp\/v2\/media\/40465"}],"wp:attachment":[{"href":"https:\/\/www.vidademadrid.com\/es\/wp-json\/wp\/v2\/media?parent=40464"}],"wp:term":[{"taxonomy":"category","embeddable":true,"href":"https:\/\/www.vidademadrid.com\/es\/wp-json\/wp\/v2\/categories?post=40464"},{"taxonomy":"post_tag","embeddable":true,"href":"https:\/\/www.vidademadrid.com\/es\/wp-json\/wp\/v2\/tags?post=40464"}],"curies":[{"name":"wp","href":"https:\/\/api.w.org\/{rel}","templated":true}]}}